{"id":9410,"date":"2022-02-19T15:16:25","date_gmt":"2022-02-19T15:16:25","guid":{"rendered":"https:\/\/parafiatokarnia.pl\/?p=9410"},"modified":"2022-02-19T15:17:09","modified_gmt":"2022-02-19T15:17:09","slug":"7-niedziela-zwykla-2022","status":"publish","type":"post","link":"https:\/\/parafiatokarnia.pl\/?p=9410","title":{"rendered":"7. NIEDZIELA ZWYK\u0141A 2022"},"content":{"rendered":"<p>Dzi\u0119kujemy mieszka\u0144com roli Mizery za posprz\u0105tanie \u015bwi\u0105tyni i wok\u00f3\u0142 niej oraz za z\u0142o\u017con\u0105 ofiar\u0119. W tym tygodniu o sprz\u0105tanie ko\u015bcio\u0142a prosimy mieszka\u0144c\u00f3w 1. cz\u0119\u015bci roli Knapy (od p. Bednarz), kt\u00f3r\u0105 podzielili\u015bmy na 5. cz\u0119\u015bci. <\/p>\n<p>Dzisiejsza sk\u0142adka, z racji 3. niedzieli miesi\u0105ca przeznaczona na utrzymanie naszego ko\u015bcio\u0142a. B\u00f3g zap\u0142a\u0107 za Wasz\u0105 sta\u0142\u0105 trosk\u0119 o pi\u0119kno naszej \u015bwi\u0105tyni.  <\/p>\n<p>Informacja dla rodzic\u00f3w dzieci pierwszokomunijnych. W sobot\u0119 o godzinie 9.00 b\u0119dzie okazja i mo\u017cliwo\u015b\u0107 nabycia stroj\u00f3w komunijnych.<\/p>\n<p>Za tydzie\u0144, w sobot\u0119 rozpoczynamy kurs lektorski dla ministrant\u00f3w z 7 i 8 klasy. Zapraszamy wszystkich, kt\u00f3rzy chc\u0105 pog\u0142\u0119bi\u0107 swoj\u0105 wiedz\u0119 oraz udoskonali\u0107 praktyczne umiej\u0119tno\u015bci w zakresie pos\u0142ugi lektora. Nale\u017cy wzi\u0105\u0107 ze sob\u0105 notatnik i d\u0142ugopis. Zaj\u0119cia rozpoczn\u0105 si\u0119 o godzinie 10.00.<\/p>\n<p>Dzisiaj, po zako\u0144czeniu mszy \u015bw. o godzinie 11.00 wystawienie Naj\u015bwi\u0119tszego Sakramentu i adoracja przed rozpoczynaj\u0105cym si\u0119 2 marca &#8211; w \u015arod\u0119 Popielcow\u0105 &#8211; Wielkim Postem, kt\u00f3r\u0105 poprowadz\u0105 cz\u0142onkowie Apostolstwa Pomocy Duszom Czy\u015b\u0107cowym. Za tydzie\u0144 o prowadzenie adoracji poprosimy Arcybractwo Stra\u017cy Honorowej NSPJ i Niepokalanego Serca NMP.<\/p>\n<p>Zach\u0119camy do czytania prasy katolickiej.<\/p>\n<p>W ubieg\u0142ym tygodniu w czasie Eucharystii dzi\u0119kowali\u015bmy Panu Bogu za dar \u017cycia Ignasia Rapacza. Pole\u0107my w modlitwie jego Rodzic\u00f3w i Rodze\u0144stwo, prosz\u0105c dla nich o potrzebne si\u0142y i Bo\u017ce b\u0142ogos\u0142awie\u0144stwo.<\/p>\n<p>M\u00f3dlmy si\u0119 do Matki Bo\u017cej o dar pok\u00f3j na \u015bwiecie, a szczeg\u00f3lnie na Ukrainie.<\/p>\n<p>Wszechmog\u0105cy Bo\u017ce, przez wstawiennictwo Matki Bo\u017cej, Kr\u00f3lowej pokoju, przepe\u0142nieni ufno\u015bci\u0105 w Twoje niesko\u0144czone Mi\u0142osierdzie, zwracamy si\u0119 do Ciebie o pok\u00f3j na Ukrainie.<br \/>\nDzi\u015b, kiedy oczy ca\u0142ego \u015bwiata zwr\u00f3cone s\u0105 na ten kraj, wierzymy, \u017ce jako nasz Ojciec i Opiekun nie dopu\u015bcisz do tragedii. B\u0142agamy Ci\u0119, Panie, wejrzyj na przyw\u00f3dc\u00f3w narod\u00f3w, aby zrozumieli wag\u0119 zagro\u017ce\u0144, jakie mog\u0105 przynie\u015b\u0107 ze sob\u0105 z\u0142e decyzje. Udziel im \u0142aski m\u0105dro\u015bci. Przemie\u0144 serca rz\u0105dz\u0105cych i nape\u0142nij je pragnieniem pokoju i poszanowaniem ludzkiego \u017cycia.<br \/>\nMatko Bo\u017ca, Kr\u00f3lowo Pokoju, m\u00f3dl si\u0119 za nami! <\/p>\n<p>Solenizantkom, Solenizantom tego tygodnia oraz Czcigodnym Jubilatom sk\u0142adamy najlepsze \u017cyczenia: wielu Bo\u017cych \u0142ask oraz opieki Pani Tokarskiej na ka\u017cdy dzie\u0144. Wszystkim b\u0142ogos\u0142awionej niedzieli i dobrego \u015bwi\u0119towania.<\/p>\n","protected":false},"excerpt":{"rendered":"<p>Dzi\u0119kujemy mieszka\u0144com roli Mizery za posprz\u0105tanie \u015bwi\u0105tyni i wok\u00f3\u0142 niej oraz za z\u0142o\u017con\u0105 ofiar\u0119. W tym tygodniu o sprz\u0105tanie ko\u015bcio\u0142a prosimy mieszka\u0144c\u00f3w 1. cz\u0119\u015bci roli Knapy (od p. Bednarz), kt\u00f3r\u0105 podzielili\u015bmy na 5. cz\u0119\u015bci. Dzisiejsza sk\u0142adka, z racji 3. niedzieli miesi\u0105ca przeznaczona na utrzymanie naszego ko\u015bcio\u0142a. B\u00f3g zap\u0142a\u0107 za Wasz\u0105 sta\u0142\u0105 trosk\u0119 o pi\u0119kno naszej [&hellip;]<\/p>\n","protected":false},"author":4,"featured_media":0,"comment_status":"closed","ping_status":"closed","sticky":false,"template":"","format":"standard","meta":{"footnotes":""},"categories":[6],"tags":[],"class_list":["post-9410","post","type-post","status-publish","format-standard","hentry","category-ogloszenia"],"_links":{"self":[{"href":"https:\/\/parafiatokarnia.pl\/index.php?rest_route=\/wp\/v2\/posts\/9410","targetHints":{"allow":["GET"]}}],"collection":[{"href":"https:\/\/parafiatokarnia.pl\/index.php?rest_route=\/wp\/v2\/posts"}],"about":[{"href":"https:\/\/parafiatokarnia.pl\/index.php?rest_route=\/wp\/v2\/types\/post"}],"author":[{"embeddable":true,"href":"https:\/\/parafiatokarnia.pl\/index.php?rest_route=\/wp\/v2\/users\/4"}],"replies":[{"embeddable":true,"href":"https:\/\/parafiatokarnia.pl\/index.php?rest_route=%2Fwp%2Fv2%2Fcomments&post=9410"}],"version-history":[{"count":3,"href":"https:\/\/parafiatokarnia.pl\/index.php?rest_route=\/wp\/v2\/posts\/9410\/revisions"}],"predecessor-version":[{"id":9413,"href":"https:\/\/parafiatokarnia.pl\/index.php?rest_route=\/wp\/v2\/posts\/9410\/revisions\/9413"}],"wp:attachment":[{"href":"https:\/\/parafiatokarnia.pl\/index.php?rest_route=%2Fwp%2Fv2%2Fmedia&parent=9410"}],"wp:term":[{"taxonomy":"category","embeddable":true,"href":"https:\/\/parafiatokarnia.pl\/index.php?rest_route=%2Fwp%2Fv2%2Fcategories&post=9410"},{"taxonomy":"post_tag","embeddable":true,"href":"https:\/\/parafiatokarnia.pl\/index.php?rest_route=%2Fwp%2Fv2%2Ftags&post=9410"}],"curies":[{"name":"wp","href":"https:\/\/api.w.org\/{rel}","templated":true}]}}