{"id":9279,"date":"2021-12-11T11:18:25","date_gmt":"2021-12-11T11:18:25","guid":{"rendered":"https:\/\/parafiatokarnia.pl\/?p=9279"},"modified":"2021-12-11T14:41:11","modified_gmt":"2021-12-11T14:41:11","slug":"3-niedziela-adwentu-2021","status":"publish","type":"post","link":"https:\/\/parafiatokarnia.pl\/?p=9279","title":{"rendered":"3. NIEDZIELA ADWENTU 2021"},"content":{"rendered":"<p>Dzi\u0119kujemy mieszka\u0144com 1. cz\u0119\u015bci roli Dziubras G\u00f3rny za posprz\u0105tanie \u015bwi\u0105tyni, porz\u0105dki wok\u00f3\u0142 niej oraz za z\u0142o\u017con\u0105 ofiar\u0119 na ko\u015bci\u00f3\u0142. W tym tygodniu o sprz\u0105tanie ko\u015bcio\u0142a prosimy mieszka\u0144c\u00f3w 2. cz\u0119\u015bci tej roli, kt\u00f3r\u0105 podzielili\u015bmy na 4. cz\u0119\u015bci.<\/p>\n<p>Dzisiejsza niedziela to Niedziela Rado\u015bci &#8211; \u201eGaudete\u201d. Teksty liturgii przepe\u0142nione s\u0105 rado\u015bci\u0105 z zapowiadanego przyj\u015bcia Chrystusa i z odkupienia, jakie przynosi.<\/p>\n<p>Jutro wspominamy kolejn\u0105 rocznic\u0119 wprowadzenia stanu wojennego w 1981 r. To nasza najnowsza historia, o kt\u00f3rej nie mo\u017cemy zapomnie\u0107. Pami\u0119tajmy w modlitwie o wszystkich ofiarach stanu wojennego.<\/p>\n<p>Rozpoczynamy kwartalne dni modlitw o chrze\u015bcija\u0144skie \u017cycie rodzin. Postarajmy si\u0119, aby w nat\u0142oku r\u00f3\u017cnych wa\u017cnych codziennych spraw znale\u017a\u0107 czas &#8211; by cho\u0107 raz &#8211; rodzinnie uczestniczy\u0107 w roratach, kt\u00f3re odprawiamy codziennie o godz. 18.00.<\/p>\n<p>Zbi\u00f3rka kandydat\u00f3w na ministranta we wtorek o godz. 16.30.<\/p>\n<p>We \u015brod\u0119, Nowenn\u0119 do MB Nieustaj\u0105cej Pomocy odm\u00f3wimy przed msz\u0105 \u015bwi\u0119t\u0105 wieczorn\u0105 o godz. 17.30. Na mszy \u015bw. o godzinie 18.00 odb\u0119dzie si\u0119 uroczyste przyj\u0119cie kandydat\u00f3w na ministranta do Liturgicznej S\u0142u\u017cby O\u0142tarza.<\/p>\n<p>W nast\u0119pn\u0105 sobot\u0119 (18 grudnia br.) od godziny 8.00 odwiedzimy chorych z Tokarni i Wi\u0119cier\u017cy w ich domach. Zapisy chorych po mszy \u015bw. w zakrystii. Uprzejmie prosimy, aby po mszy \u015bw. zdeklarowa\u0142o si\u0119 dw\u00f3ch pan\u00f3w kierowc\u00f3w: jeden z Tokarni, a drugi z Wi\u0119cier\u017cy. Je\u017celi nie znajd\u0105 si\u0119 ch\u0119tni, to o zorganizowanie transportu dla kap\u0142ana z Naj\u015bwi\u0119tszym Sakramentem proszeni b\u0119d\u0105 cz\u0142onkowie rodzin os\u00f3b chorych. W tym dniu kancelaria parafialna b\u0119dzie nieczynna.<\/p>\n<p>W sobot\u0119 r\u00f3wnie\u017c odb\u0119dzie si\u0119 o godz. 19.00 w Galerii Dworu Targowskich otwarcie wyj\u0105tkowej wystawy pt. \u201eDziedzictwo\u201d. W imieniu p. Bart\u0142omieja Dyrcza, dyrektora Kliszczackiego Centrum Kultury zapraszamy na oficjalne otwarcie oraz do zwiedzania wystawy, na kt\u00f3rej zaprezentowano dziedzictwo sztuki sakralnej ze zbior\u00f3w parafii: Tokarnia, \u0141\u0119townia, Krzczon\u00f3w, Wi\u0119ci\u00f3rka i Skomielna Czarna. Wystawa b\u0119dzie czynna w dni robocze, w czwartki i w pi\u0105tki od 16.30 do 19.30.   <\/p>\n<p>Za tydzie\u0144, w niedziel\u0119 tj. 20 grudnia <span style=\"color: #800080;\"><strong>parafialna spowied\u017a adwentowa<\/strong><\/span>. W konfesjona\u0142ach b\u0119dzie pos\u0142ugiwa\u0107 trzech zaproszonych kap\u0142an\u00f3w-spowiednik\u00f3w, kt\u00f3rzy b\u0119d\u0105 spowiada\u0107 <strong>p\u00f3\u0142 godziny przed ka\u017cd\u0105 msz\u0105 \u015bwi\u0119t\u0105<\/strong>. Skorzystajmy z okazji, przyst\u0105pmy do spowiedzi, nie odk\u0142adajmy jej na ostatni dzie\u0144, odpowiednio wcze\u015bniej zadbajmy o to, co w te \u015awi\u0119ta najwa\u017cniejsze. Wci\u0105gu tygodnia spowiadamy codziennie przed msz\u0105 \u015bwi\u0119t\u0105 porann\u0105 i wieczorn\u0105.<\/p>\n<p>W nast\u0119pn\u0105 niedziel\u0119 parafialna schola \u201e\u015anie\u017cnej Pani\u201d zaprasza na godz. 14.45 do naszej \u015bwi\u0105tyni na \u201e<em>Adwentowe zamy\u015blenia<\/em>\u201d. Pie\u015bni, kt\u00f3re us\u0142yszymy wyra\u017c\u0105 nasze t\u0119sknoty i oczekiwanie na przyj\u015bcie Pana Jezusa i pomog\u0105 duchowo przygotowa\u0107 si\u0119 na zbli\u017caj\u0105ce si\u0119 \u015awi\u0119ta Bo\u017cego Narodzenia. Po zako\u0144czeniu mini koncertu b\u0119dzie mo\u017cna z\u0142o\u017cy\u0107 dobrowoln\u0105 ofiar\u0119, kt\u00f3ra zostanie przeznaczona na dzia\u0142alno\u015b\u0107 naszej scholi.<\/p>\n<p>Op\u0142atki oraz \u015bwiece \u201eWigilijne Dzie\u0142o Pomocy Dzieciom\u201d mo\u017cna nabywa\u0107 w zakrystii. Za tydzie\u0144 dzieci z Ko\u0142a Misyjnego b\u0119d\u0105 tak\u017ce rozprowadza\u0107 sianko na st\u00f3\u0142 wigilijny.<\/p>\n<p>Zach\u0119camy do czytania prasy katolickiej.<\/p>\n<p>Walka z IV fal\u0105 pandemii trwa. Ka\u017cdego dnia odnotowujemy wiele nowych zaka\u017ce\u0144 COVID-19. W trosce o wsp\u00f3lne bezpiecze\u0144stwo wprowadzono nowe zmiany w obowi\u0105zuj\u0105cych zasadach bezpiecze\u0144stwa. Od 15 grudnia limit 30 proc. ob\u0142o\u017cenia (zaj\u0119to\u015bci miejsc) obowi\u0105zuje m.in. w ko\u015bcio\u0142ach.<\/p>\n<p>Og\u0142oszenie, o kt\u00f3re nas poproszono.<\/p>\n<p>W\u00f3jt Gminy Tokarnia zaprasza na spotkanie z mieszka\u0144cami Gminy Tokarnia dot. programu &#8222;Czyste Powietrze&#8221; oraz Programu Ochrony Powietrza. Spotkanie odb\u0119dzie si\u0119 w dniu 15 grudnia (\u015broda) 2021 r. o godz.17.00 w budynku Domu Ludowego w Skomielnej Czarnej. W ramach spotkania b\u0119d\u0105 om\u00f3wione zasady i warunki dot. dofinansowania wymiany nieekologicznego \u017ar\u00f3d\u0142a ciep\u0142a oraz termomodernizacji budynku. .<\/p>\n<p>Solenizantkom, Solenizantom tego tygodnia oraz Czcigodnym Jubilatom sk\u0142adamy najlepsze \u017cyczenia: wielu Bo\u017cych \u0142ask oraz opieki Pani Tokarskiej na ka\u017cdy dzie\u0144. Wszystkim b\u0142ogos\u0142awionej niedzieli i dobrego tygodnia.<\/p>\n","protected":false},"excerpt":{"rendered":"<p>Dzi\u0119kujemy mieszka\u0144com 1. cz\u0119\u015bci roli Dziubras G\u00f3rny za posprz\u0105tanie \u015bwi\u0105tyni, porz\u0105dki wok\u00f3\u0142 niej oraz za z\u0142o\u017con\u0105 ofiar\u0119 na ko\u015bci\u00f3\u0142. W tym tygodniu o sprz\u0105tanie ko\u015bcio\u0142a prosimy mieszka\u0144c\u00f3w 2. cz\u0119\u015bci tej roli, kt\u00f3r\u0105 podzielili\u015bmy na 4. cz\u0119\u015bci. Dzisiejsza niedziela to Niedziela Rado\u015bci &#8211; \u201eGaudete\u201d. Teksty liturgii przepe\u0142nione s\u0105 rado\u015bci\u0105 z zapowiadanego przyj\u015bcia Chrystusa i z odkupienia, [&hellip;]<\/p>\n","protected":false},"author":4,"featured_media":0,"comment_status":"closed","ping_status":"closed","sticky":false,"template":"","format":"standard","meta":{"footnotes":""},"categories":[6],"tags":[],"class_list":["post-9279","post","type-post","status-publish","format-standard","hentry","category-ogloszenia"],"_links":{"self":[{"href":"https:\/\/parafiatokarnia.pl\/index.php?rest_route=\/wp\/v2\/posts\/9279","targetHints":{"allow":["GET"]}}],"collection":[{"href":"https:\/\/parafiatokarnia.pl\/index.php?rest_route=\/wp\/v2\/posts"}],"about":[{"href":"https:\/\/parafiatokarnia.pl\/index.php?rest_route=\/wp\/v2\/types\/post"}],"author":[{"embeddable":true,"href":"https:\/\/parafiatokarnia.pl\/index.php?rest_route=\/wp\/v2\/users\/4"}],"replies":[{"embeddable":true,"href":"https:\/\/parafiatokarnia.pl\/index.php?rest_route=%2Fwp%2Fv2%2Fcomments&post=9279"}],"version-history":[{"count":5,"href":"https:\/\/parafiatokarnia.pl\/index.php?rest_route=\/wp\/v2\/posts\/9279\/revisions"}],"predecessor-version":[{"id":9285,"href":"https:\/\/parafiatokarnia.pl\/index.php?rest_route=\/wp\/v2\/posts\/9279\/revisions\/9285"}],"wp:attachment":[{"href":"https:\/\/parafiatokarnia.pl\/index.php?rest_route=%2Fwp%2Fv2%2Fmedia&parent=9279"}],"wp:term":[{"taxonomy":"category","embeddable":true,"href":"https:\/\/parafiatokarnia.pl\/index.php?rest_route=%2Fwp%2Fv2%2Fcategories&post=9279"},{"taxonomy":"post_tag","embeddable":true,"href":"https:\/\/parafiatokarnia.pl\/index.php?rest_route=%2Fwp%2Fv2%2Ftags&post=9279"}],"curies":[{"name":"wp","href":"https:\/\/api.w.org\/{rel}","templated":true}]}}