{"id":9251,"date":"2021-11-20T15:45:20","date_gmt":"2021-11-20T15:45:20","guid":{"rendered":"https:\/\/parafiatokarnia.pl\/?p=9251"},"modified":"2021-11-20T15:45:20","modified_gmt":"2021-11-20T15:45:20","slug":"34-niedziela-zwykla-2021","status":"publish","type":"post","link":"https:\/\/parafiatokarnia.pl\/?p=9251","title":{"rendered":"34. NIEDZIELA ZWYK\u0141A 2021"},"content":{"rendered":"<p>Dzi\u0119kujemy mieszka\u0144com trzeciej cz\u0119\u015bci r\u00f3l: Guz\u00f3wka, Koty, i U Lipki za posprz\u0105tanie \u015bwi\u0105tyni oraz porz\u0105dki wok\u00f3\u0142 niej. W tym tygodniu o sprz\u0105tanie ko\u015bcio\u0142a prosimy mieszka\u0144c\u00f3w r\u00f3l: Polana i Zamki.<\/p>\n<p>Dzisiaj obchodzimy Uroczysto\u015b\u0107 Jezusa Chrystusa, Kr\u00f3la Wszech\u015bwiata. To ostatnia niedziela przed Adwentem. Po mszy \u015bw. o godz 11.00 wystawienie Naj\u015bwi\u0119tszego Sakramentu, litania do Naj\u015bwi\u0119tszego Serca Pana Jezusa i akt po\u015bwi\u0119cenia rodzaju ludzkiego Chrystusowi Kr\u00f3lowi Wszech\u015bwiata.<\/p>\n<p>Dzisiaj, z racji trzeciej niedzieli miesi\u0105ca sk\u0142adka inwestycyjna przeznaczona na utrzymane naszego ko\u015bcio\u0142a. B\u00f3g zap\u0142a\u0107 za Wasz\u0105 sta\u0142\u0105 trosk\u0119 o pi\u0119kno duchowe i materialne naszej wsp\u00f3lnoty.<\/p>\n<p>W tym momencie poddawane s\u0105 renowacji \u017cyrandole maj\u0105cej podkre\u015bli\u0107 sp\u00f3jno\u015b\u0107 i jedno\u015b\u0107 stylu architektury wewn\u0105trz naszej \u015bwi\u0105tyni. Przy okazji dzi\u0119kujemy Janowi Budzie za transport \u017cyrandoli do krakowskiego zak\u0142adu \u201eAladyn\u201d producenta lamp i artyku\u0142\u00f3w z mosi\u0105dzu z 50. letni\u0105 tradycj\u0105.<\/p>\n<p>Ofiar\u0119 na ko\u015bci\u00f3\u0142 z\u0142o\u017cyli: rodzice Jakuba Makuska i Krystyny Pasiecznej przy okazji chrztu swoich dzieci.<\/p>\n<p>Jak wiemy, abp Stanis\u0142aw G\u0105decki przewodnicz\u0105cy Konferencji Episkopatu Polski zaapelowa\u0142 o modlitw\u0119 i og\u00f3lnopolsk\u0105 zbi\u00f3rk\u0119 funduszy w dniu dzisiejszym we wszystkich ko\u015bcio\u0142ach i kaplicach, na rzecz migrant\u00f3w z granicy bia\u0142orusko-polskiej. Po mszy \u015bwi\u0119tej wolontariusze Szkolnego Ko\u0142a Caritas przeprowadz\u0105 dobrowoln\u0105 zbi\u00f3rk\u0119 do puszek na ten cel.<\/p>\n<p>Zbi\u00f3rka kandydat\u00f3w na ministranta we wtorek o godz. 16.30.<\/p>\n<p>Przypominamy, \u017ce decyzj\u0105 papie\u017ca Franciszka wszystkie odpusty zupe\u0142ne dla wiernych zmar\u0142ych zosta\u0142y przed\u0142u\u017cone na ca\u0142y miesi\u0105c listopad. <\/p>\n<p>Zach\u0119camy do czytania prasy katolickiej.<\/p>\n<p>W ubieg\u0142ym tygodniu odby\u0142 si\u0119 pogrzeb \u015bp. Marii Nawary. Pole\u0107my nasz\u0105 Zmar\u0142\u0105 Siostr\u0119 Bo\u017cemu Mi\u0142osierdziu.<\/p>\n<p>Solenizantkom, Solenizantom tego tygodnia oraz Czcigodnym Jubilatom sk\u0142adamy najlepsze \u017cyczenia: wielu Bo\u017cych \u0142ask oraz opieki Pani Tokarskiej na ka\u017cdy dzie\u0144. Wszystkim b\u0142ogos\u0142awionej niedzieli i dobrego tygodnia.<\/p>\n","protected":false},"excerpt":{"rendered":"<p>Dzi\u0119kujemy mieszka\u0144com trzeciej cz\u0119\u015bci r\u00f3l: Guz\u00f3wka, Koty, i U Lipki za posprz\u0105tanie \u015bwi\u0105tyni oraz porz\u0105dki wok\u00f3\u0142 niej. W tym tygodniu o sprz\u0105tanie ko\u015bcio\u0142a prosimy mieszka\u0144c\u00f3w r\u00f3l: Polana i Zamki. Dzisiaj obchodzimy Uroczysto\u015b\u0107 Jezusa Chrystusa, Kr\u00f3la Wszech\u015bwiata. To ostatnia niedziela przed Adwentem. Po mszy \u015bw. o godz 11.00 wystawienie Naj\u015bwi\u0119tszego Sakramentu, litania do Naj\u015bwi\u0119tszego Serca Pana [&hellip;]<\/p>\n","protected":false},"author":4,"featured_media":0,"comment_status":"closed","ping_status":"closed","sticky":false,"template":"","format":"standard","meta":{"footnotes":""},"categories":[6],"tags":[],"class_list":["post-9251","post","type-post","status-publish","format-standard","hentry","category-ogloszenia"],"_links":{"self":[{"href":"https:\/\/parafiatokarnia.pl\/index.php?rest_route=\/wp\/v2\/posts\/9251","targetHints":{"allow":["GET"]}}],"collection":[{"href":"https:\/\/parafiatokarnia.pl\/index.php?rest_route=\/wp\/v2\/posts"}],"about":[{"href":"https:\/\/parafiatokarnia.pl\/index.php?rest_route=\/wp\/v2\/types\/post"}],"author":[{"embeddable":true,"href":"https:\/\/parafiatokarnia.pl\/index.php?rest_route=\/wp\/v2\/users\/4"}],"replies":[{"embeddable":true,"href":"https:\/\/parafiatokarnia.pl\/index.php?rest_route=%2Fwp%2Fv2%2Fcomments&post=9251"}],"version-history":[{"count":1,"href":"https:\/\/parafiatokarnia.pl\/index.php?rest_route=\/wp\/v2\/posts\/9251\/revisions"}],"predecessor-version":[{"id":9252,"href":"https:\/\/parafiatokarnia.pl\/index.php?rest_route=\/wp\/v2\/posts\/9251\/revisions\/9252"}],"wp:attachment":[{"href":"https:\/\/parafiatokarnia.pl\/index.php?rest_route=%2Fwp%2Fv2%2Fmedia&parent=9251"}],"wp:term":[{"taxonomy":"category","embeddable":true,"href":"https:\/\/parafiatokarnia.pl\/index.php?rest_route=%2Fwp%2Fv2%2Fcategories&post=9251"},{"taxonomy":"post_tag","embeddable":true,"href":"https:\/\/parafiatokarnia.pl\/index.php?rest_route=%2Fwp%2Fv2%2Ftags&post=9251"}],"curies":[{"name":"wp","href":"https:\/\/api.w.org\/{rel}","templated":true}]}}