{"id":9022,"date":"2021-08-21T14:15:28","date_gmt":"2021-08-21T14:15:28","guid":{"rendered":"https:\/\/parafiatokarnia.pl\/?p=9022"},"modified":"2021-08-22T12:23:28","modified_gmt":"2021-08-22T12:23:28","slug":"21-niedziela-zwykla-4","status":"publish","type":"post","link":"https:\/\/parafiatokarnia.pl\/?p=9022","title":{"rendered":"21. NIEDZIELA ZWYK\u0141A 2021"},"content":{"rendered":"<p>Dzi\u0119kujemy mieszka\u0144com 1. cz\u0119\u015bci Osiedla G\u00f3rnego za posprz\u0105tanie \u015bwi\u0105tyni, porz\u0105dki wok\u00f3\u0142 niej i za z\u0142o\u017con\u0105 ofiar\u0119 na ko\u015bci\u00f3\u0142. W tym tygodniu o sprz\u0105tanie ko\u015bcio\u0142a prosimy mieszka\u0144c\u00f3w 2. cz\u0119\u015bci tej roli, kt\u00f3r\u0105 podzielili\u015bmy na 3. cz\u0119\u015bci.<\/p>\n<p>Dzi\u0119kujemy tegorocznym gospodarzom do\u017cynek parafialnych, mieszka\u0144com r\u00f3l: Bryle, Zagrody, Bier\u00f3wki i G\u0119bki za podj\u0119cie si\u0119 przygotowania wie\u0144ca do\u017cynkowego, za przygotowanie dzisiejszej uroczysto\u015bci, zam\u00f3wione msze \u015bwi\u0119te oraz za z\u0142o\u017con\u0105 ofiar\u0119 na ko\u015bci\u00f3\u0142. W przysz\u0142ym roku &#8211; jak Pan B\u00f3g pozwoli &#8211; 15 sierpnia o podj\u0119cie si\u0119 roli gospodarzy do\u017cynek parafialnych poprosimy mieszka\u0144c\u00f3w r\u00f3l: Wierdonki i Granica.<\/p>\n<p>W najbli\u017cszy wtorek na godz. 18:00 zapraszamy na kolejn\u0105 pr\u00f3b\u0119 przed jubileuszowym Koncertem Uwielbienia naszej scholi \u201e\u015anie\u017cnej Pani\u201d, kt\u00f3ry zatytu\u0142owali\u015bmy \u201eSi\u0142 przyb\u0119dzie, gdy zaufamy Mu\u201d. Planowany koncert odb\u0119dzie si\u0119 29 sierpnia br. (niedziela) o godz. 18:00. Ju\u017c dzisiaj wszystkich serdecznie zapraszamy! <\/p>\n<p>Zapraszamy do uczestnictwa w 49. Pielgrzymce do Kalwarii Zebrzydowskiej, dnia 28 sierpnia 2021 r. (sobota) o godz. 10.00, kt\u00f3ra zgromadzi na wsp\u00f3lnej modlitwie: Ruch \u015awiat\u0142o-\u017bycie, Domowy Ko\u015bci\u00f3\u0142, S\u0142u\u017cb\u0119 Liturgiczn\u0105 O\u0142tarza, Ruch Apostolstwa M\u0142odzie\u017cy, Katolickie Stowarzyszenie M\u0142odzie\u017cy, Duszpasterstwo M\u0142odzie\u017cy Archidiecezji Krakowskiej.<br \/>\nZapisy lekt\u00f3r\u00f3w i ministrant\u00f3w na wyjazd w zakrystii. Szczeg\u00f3\u0142y u ks. Krzysztofa.<\/p>\n<p>Za tydzie\u0144, w niedziel\u0119 go\u015bci\u0107 b\u0119dziemy br. Andrzeja Barszcza, Kapucyna, kt\u00f3ry od 20 lat pracuje jako misjonarz w Republice \u015arodkowoafryka\u0144skiej. Jak wiemy, ten kraj od 10 lat zosta\u0142 zaj\u0119ty przez muzu\u0142ma\u0144skie ekstremistyczne grupy zbrojne i niszczony jest przez wojn\u0119. Br. Andrzej podzieli si\u0119 z nami swoim do\u015bwiadczeniem z pracy na misjach. Przywiezie ze sob\u0105 tak\u017ce ciekawe pami\u0105tki z Afryki oraz ksi\u0105\u017cki napisane przez misjonarzy, kt\u00f3rych zakup b\u0119dzie naszym wsparciem misji i pracuj\u0105cych misjonarzy.<\/p>\n<p>Zach\u0119camy do czytania prasy katolickiej. Jest \u201eNiedziela\u201d, \u201eGo\u015b\u0107 Niedzielny\u201d, jest tak\u017ce nowy numer kwartalnika \u201eSta\u015b\u201d, pisma dla najm\u0142odszych.<\/p>\n<p>Og\u0142oszenia, o kt\u00f3re zostali\u015bmy poproszeni:<\/p>\n<p>Dzisiaj, w przychodni w Krzczonowie w godzinach od 10.00 do 14.00 mo\u017cna zaszczepi\u0107 przeciwko COVID-19. Dost\u0119pna b\u0119dzie jednodawkowa szczepionka Johnson (szczepienie bez rejestracji, konieczny dow\u00f3d osobisty). B\u0119dzie tak\u017ce mo\u017cliwo\u015b\u0107 zaszczepienia si\u0119 szczepionk\u0105 firmy Pfizer podawan\u0105 w dw\u00f3ch dawkach. W tym wypadku konieczna jest rejestracja telefoniczna lub mailowa.<\/p>\n<p>Spo\u0142eczny Komitet Wodoci\u0105gowy Centrum Wsi Tokarnia zawiadamia, \u017ce w czwartek (26.08.2021) o godzinie 19:00 odb\u0119dzie si\u0119 zebranie u\u017cytkownik\u00f3w wodoci\u0105gu. Ze wzgl\u0119du na wa\u017cno\u015b\u0107 spraw zwi\u0105zanych z u\u017cytkowaniem wodoci\u0105gu obecno\u015b\u0107 u\u017cytkownik\u00f3w obowi\u0105zkowa.<\/p>\n<p>W ubieg\u0142ym tygodniu odby\u0142 si\u0119 pogrzeb \u015bp. Dawida Jabconia. Pole\u0107my dusz\u0119 naszego Zmar\u0142ego Brata Bogu i Jego mi\u0142osierdziu.<\/p>\n<p>Solenizantkom, Solenizantom tego tygodnia oraz Czcigodnym Jubilatom sk\u0142adamy najlepsze \u017cyczenia: wielu Bo\u017cych \u0142ask oraz opieki Pani Tokarskiej na ka\u017cdy dzie\u0144. Odpoczywaj\u0105cym na wakacjach \u017cyczymy s\u0142onecznej pogody, a wszystkim b\u0142ogos\u0142awionej niedzieli i dobrego tygodnia.<\/p>\n","protected":false},"excerpt":{"rendered":"<p>Dzi\u0119kujemy mieszka\u0144com 1. cz\u0119\u015bci Osiedla G\u00f3rnego za posprz\u0105tanie \u015bwi\u0105tyni, porz\u0105dki wok\u00f3\u0142 niej i za z\u0142o\u017con\u0105 ofiar\u0119 na ko\u015bci\u00f3\u0142. W tym tygodniu o sprz\u0105tanie ko\u015bcio\u0142a prosimy mieszka\u0144c\u00f3w 2. cz\u0119\u015bci tej roli, kt\u00f3r\u0105 podzielili\u015bmy na 3. cz\u0119\u015bci. Dzi\u0119kujemy tegorocznym gospodarzom do\u017cynek parafialnych, mieszka\u0144com r\u00f3l: Bryle, Zagrody, Bier\u00f3wki i G\u0119bki za podj\u0119cie si\u0119 przygotowania wie\u0144ca do\u017cynkowego, za przygotowanie [&hellip;]<\/p>\n","protected":false},"author":4,"featured_media":0,"comment_status":"closed","ping_status":"closed","sticky":false,"template":"","format":"standard","meta":{"footnotes":""},"categories":[6],"tags":[],"class_list":["post-9022","post","type-post","status-publish","format-standard","hentry","category-ogloszenia"],"_links":{"self":[{"href":"https:\/\/parafiatokarnia.pl\/index.php?rest_route=\/wp\/v2\/posts\/9022","targetHints":{"allow":["GET"]}}],"collection":[{"href":"https:\/\/parafiatokarnia.pl\/index.php?rest_route=\/wp\/v2\/posts"}],"about":[{"href":"https:\/\/parafiatokarnia.pl\/index.php?rest_route=\/wp\/v2\/types\/post"}],"author":[{"embeddable":true,"href":"https:\/\/parafiatokarnia.pl\/index.php?rest_route=\/wp\/v2\/users\/4"}],"replies":[{"embeddable":true,"href":"https:\/\/parafiatokarnia.pl\/index.php?rest_route=%2Fwp%2Fv2%2Fcomments&post=9022"}],"version-history":[{"count":5,"href":"https:\/\/parafiatokarnia.pl\/index.php?rest_route=\/wp\/v2\/posts\/9022\/revisions"}],"predecessor-version":[{"id":9027,"href":"https:\/\/parafiatokarnia.pl\/index.php?rest_route=\/wp\/v2\/posts\/9022\/revisions\/9027"}],"wp:attachment":[{"href":"https:\/\/parafiatokarnia.pl\/index.php?rest_route=%2Fwp%2Fv2%2Fmedia&parent=9022"}],"wp:term":[{"taxonomy":"category","embeddable":true,"href":"https:\/\/parafiatokarnia.pl\/index.php?rest_route=%2Fwp%2Fv2%2Fcategories&post=9022"},{"taxonomy":"post_tag","embeddable":true,"href":"https:\/\/parafiatokarnia.pl\/index.php?rest_route=%2Fwp%2Fv2%2Ftags&post=9022"}],"curies":[{"name":"wp","href":"https:\/\/api.w.org\/{rel}","templated":true}]}}