{"id":8975,"date":"2021-08-04T18:54:22","date_gmt":"2021-08-04T18:54:22","guid":{"rendered":"https:\/\/parafiatokarnia.pl\/?p=8975"},"modified":"2021-08-04T18:54:22","modified_gmt":"2021-08-04T18:54:22","slug":"odpust-parafialny","status":"publish","type":"post","link":"https:\/\/parafiatokarnia.pl\/?p=8975","title":{"rendered":"ODPUST PARAFIALNY"},"content":{"rendered":"<p>Dzisiaj prze\u017cywamy odpust parafialny ku czci Matki Bo\u017cej \u015anie\u017cnej. Sumie odpustowej przewodniczy\u0107 b\u0119dzie i S\u0142owo Bo\u017ce wyg\u0142osi abp Marek J\u0119draszewski, arcybiskup metropolita krakowski.<\/p>\n<p>Na mszach \u015bwi\u0119tych o godzinie 7.00; 9.00 i 15:30 kazanie g\u0142osi o. Roman Rusek, Kapucyn z Tenczyna.<\/p>\n<p>Po ka\u017cdej mszy \u015bwi\u0119tej z racji odpustu tokarskiego, zgodnie z wielowiekow\u0105 tradycj\u0105 b\u0142ogos\u0142awie\u0144stwo dzieci.<\/p>\n<p>Towarzystwo Mi\u0142o\u015bnik\u00f3w Skomielnej Czarnej i Bogdan\u00f3wki rozpoczyna w dniu dzisiejszym III Powiatowy Plener Rze\u017aby Ludowej w Drewnie. <\/p>\n<p>Otwarciu pleneru towarzyszy plenerowa wystawa prac rze\u017abiarzy z terenu powiatu my\u015blenickiego na placu przy ko\u015bciele. <\/p>\n<p>Oficjalnego otwarcia pleneru po uroczystej sumie odpustowej, dokona Jego Ekscelencja Ksi\u0105dz Arcybiskup Marek J\u0119draszewski, Metropolita Krakowski; Ksi\u0105dz Robert Pietrzyk, Proboszcz naszej parafii i Dziekan Dekanatu Pcim; J\u00f3zef Tomal, Starosta Powiatu My\u015blenickiego;  Marek Kluska, W\u00f3jt Gminy Tokarnia oraz Bart\u0142omiej Dyrcz, Dyrektor Kliszczackiego Centrum Kultury.<\/p>\n<p>Uroczysto\u015b\u0107 u\u015bwietni\u0105 wyst\u0119py zespo\u0142\u00f3w regionalnych: Kliszczacy oraz M\u0142odzie\u017cowego Zespo\u0142u Kliszczacy z Tokarni.<\/p>\n<p>Tematem przewodnim tegorocznego pleneru s\u0105 fantastyczne postacie z legend kliszczackich. Plener potrwa od 5 do 9 sierpnia w Ekomuzeum Bogdan\u00f3wka Bogdan\u00f3wka.<\/p>\n<p>Wszystkim zacnym Go\u015bciom, kt\u00f3rzy nawiedzili nasz\u0105 \u015bwi\u0105tyni\u0119 z racji odpustu oraz naszym Parafianom, kt\u00f3rym patronuje na co dzie\u0144 Matka Bo\u017ca \u015anie\u017cna sk\u0142adamy najlepsze \u017cyczenia po\u0142\u0105czone z modlitw\u0105: wielu Bo\u017cych \u0142ask, du\u017co zdrowia oraz opieki Pani Tokarskiej na ka\u017cdy dzie\u0144. Dobrego \u015bwi\u0119towania.<\/p>\n","protected":false},"excerpt":{"rendered":"<p>Dzisiaj prze\u017cywamy odpust parafialny ku czci Matki Bo\u017cej \u015anie\u017cnej. Sumie odpustowej przewodniczy\u0107 b\u0119dzie i S\u0142owo Bo\u017ce wyg\u0142osi abp Marek J\u0119draszewski, arcybiskup metropolita krakowski. Na mszach \u015bwi\u0119tych o godzinie 7.00; 9.00 i 15:30 kazanie g\u0142osi o. Roman Rusek, Kapucyn z Tenczyna. Po ka\u017cdej mszy \u015bwi\u0119tej z racji odpustu tokarskiego, zgodnie z wielowiekow\u0105 tradycj\u0105 b\u0142ogos\u0142awie\u0144stwo dzieci. Towarzystwo [&hellip;]<\/p>\n","protected":false},"author":4,"featured_media":0,"comment_status":"closed","ping_status":"closed","sticky":false,"template":"","format":"standard","meta":{"footnotes":""},"categories":[6],"tags":[],"class_list":["post-8975","post","type-post","status-publish","format-standard","hentry","category-ogloszenia"],"_links":{"self":[{"href":"https:\/\/parafiatokarnia.pl\/index.php?rest_route=\/wp\/v2\/posts\/8975","targetHints":{"allow":["GET"]}}],"collection":[{"href":"https:\/\/parafiatokarnia.pl\/index.php?rest_route=\/wp\/v2\/posts"}],"about":[{"href":"https:\/\/parafiatokarnia.pl\/index.php?rest_route=\/wp\/v2\/types\/post"}],"author":[{"embeddable":true,"href":"https:\/\/parafiatokarnia.pl\/index.php?rest_route=\/wp\/v2\/users\/4"}],"replies":[{"embeddable":true,"href":"https:\/\/parafiatokarnia.pl\/index.php?rest_route=%2Fwp%2Fv2%2Fcomments&post=8975"}],"version-history":[{"count":1,"href":"https:\/\/parafiatokarnia.pl\/index.php?rest_route=\/wp\/v2\/posts\/8975\/revisions"}],"predecessor-version":[{"id":8976,"href":"https:\/\/parafiatokarnia.pl\/index.php?rest_route=\/wp\/v2\/posts\/8975\/revisions\/8976"}],"wp:attachment":[{"href":"https:\/\/parafiatokarnia.pl\/index.php?rest_route=%2Fwp%2Fv2%2Fmedia&parent=8975"}],"wp:term":[{"taxonomy":"category","embeddable":true,"href":"https:\/\/parafiatokarnia.pl\/index.php?rest_route=%2Fwp%2Fv2%2Fcategories&post=8975"},{"taxonomy":"post_tag","embeddable":true,"href":"https:\/\/parafiatokarnia.pl\/index.php?rest_route=%2Fwp%2Fv2%2Ftags&post=8975"}],"curies":[{"name":"wp","href":"https:\/\/api.w.org\/{rel}","templated":true}]}}