{"id":8955,"date":"2021-07-31T12:36:14","date_gmt":"2021-07-31T12:36:14","guid":{"rendered":"https:\/\/parafiatokarnia.pl\/?p=8955"},"modified":"2021-08-02T07:50:55","modified_gmt":"2021-08-02T07:50:55","slug":"18-niedziela-zwykla-2021","status":"publish","type":"post","link":"https:\/\/parafiatokarnia.pl\/?p=8955","title":{"rendered":"18. NIEDZIELA ZWYK\u0141A 2021"},"content":{"rendered":"<p>Dzisiaj pierwsza niedziela miesi\u0105ca. Po zako\u0144czeniu mszy \u015bw. adoracja Naj\u015bwi\u0119tszego Sakramentu.<\/p>\n<p>Dzi\u0119kujemy mieszka\u0144com r\u00f3l: Debenosy, Kasperki i Kanie za przygotowanie naszej \u015bwi\u0105tyni na uroczysto\u015bci odpustowe: posprz\u0105tanie ko\u015bcio\u0142a, porz\u0105dki wok\u00f3\u0142 niego oraz za z\u0142o\u017con\u0105 ofiar\u0119 na kwiaty do o\u0142tarza. W tym tygodniu o sprz\u0105tanie ko\u015bcio\u0142a prosimy mieszka\u0144c\u00f3w roli Blychy.<\/p>\n<p>Ofiar\u0119 na ko\u015bci\u00f3\u0142 z\u0142o\u017cyli: Franciszek Tobolak z rodzin\u0105; przy okazji zapowiedzi narzeczeni: Dariusz Wr\u00f3bel i Aneta Surlas; przy okazji chrztu dziecka Karolina i Adrian P\u0142oszczyca. B\u00f3g zap\u0142a\u0107.<\/p>\n<p>Zbi\u00f3rka ministrant\u00f3w i lektor\u00f3w we \u015brod\u0119, po mszy \u015bwi\u0119tej wieczornej. Rodzic\u00f3w prosimy o dopilnowanie, by synowie przyszli na zbi\u00f3rk\u0119, aby\u015bmy mogli wyznaczy\u0107 funkcje liturgiczne spe\u0142niane podczas uroczystej sumy odpustowej z udzia\u0142em Metropolity Krakowskiego.<\/p>\n<p>W czwartek (5 sierpnia) odpust parafialny ku czci Matki Bo\u017cej \u015anie\u017cnej. Sumie odpustowej o godz. 11.00 przewodniczy\u0107 b\u0119dzie abp Marek J\u0119draszewski, arcybiskup metropolita krakowski. Pozosta\u0142e msze \u015bw. o godz. 7.00; 9.00 i 15.30. Po ka\u017cdej mszy \u015bw. tradycyjnie pob\u0142ogos\u0142awimy dzieci.<\/p>\n<p>Spowied\u017a \u015bwi\u0119ta codziennie przed msz\u0105 \u015bwi\u0119t\u0105 (rano, co najmniej 15 minut; wieczorem, p\u00f3\u0142 godziny wcze\u015bniej). Dodatkowo b\u0119dziemy mieli tak\u017ce okazj\u0119 do skorzystania z Sakramentu Pokuty we \u015brod\u0119 od godziny 16.30 do 18.00.<\/p>\n<p>Do udzia\u0142u w odpu\u015bcie zapraszamy: schol\u0119 \u201e\u015anie\u017cnej Pani\u201d; ch\u00f3r parafialny \u201eMio Dio\u201d; poczty sztandarowe; orkiestr\u0119 d\u0119t\u0105 OSP; druhny i druh\u00f3w stra\u017cak\u00f3w w strojach galowych; nosz\u0105cych figury, feretrony, chor\u0105gwie i r\u00f3\u017ca\u0144ce; dziewczynki do sypania kwiat\u00f3w, ch\u0142opc\u00f3w z dzwoneczkami; Kliszczak\u00f3w w tradycyjnych strojach regionalnych, oraz wszystkich Parafian i Go\u015bci.<\/p>\n<p>Kalendarz liturgiczny:<br \/>\n\u015aroda \u2013 wspomnienie \u015bw. Jana Vianeya, prezbitera.<br \/>\nCzwartek \u2013 rocznica po\u015bwi\u0119cenia rzymskiej Bazyliki NMP. W naszej parafii odpust ku czci Matki Bo\u017cej \u015anie\u017cnej. Z racji pierwszego czwartku o 15.00 wystawienie Naj\u015bwi\u0119tszego Sakramentu i Godzina \u015awi\u0119ta.<br \/>\nPi\u0105tek \u2013 \u015bwi\u0119to Przemienienia Pa\u0144skiego. Pierwszy pi\u0105tek miesi\u0105ca. Nie ma mszy \u015bwi\u0119tej rano! O godzinie 17.00 wystawienie Naj\u015bwi\u0119tszego Sakramentu, adoracja oraz modlitwy wynagradzaj\u0105ce i akt oddania si\u0119 Naj\u015bwi\u0119tszemu Sercu Pana Jezusa. Spowied\u017a pierwszopi\u0105tkowa z racji, i\u017c wi\u0119kszo\u015b\u0107 z nas b\u0119dzie ju\u017c zapewne po odpu\u015bcie w stanie \u0142aski u\u015bwi\u0119caj\u0105cej, wyj\u0105tkowo od godziny 17:00!<\/p>\n<p>W ubieg\u0142y czwartek i pi\u0105tek przed odpustem parafialnym nawiedzili\u015bmy chorych z Komuni\u0105 \u015awi\u0119t\u0105 w ich domach. Dzi\u0119kujemy rodzinom chorych za opiek\u0119 i trosk\u0119, tak\u017ce t\u0119 duchow\u0105, wyra\u017con\u0105 z zaproszeniu kap\u0142ana z Komuni\u0105 \u015awi\u0119t\u0105. Wyra\u017camy wdzi\u0119czno\u015b\u0107 kierowcom: p. Franciszkowi Tobolakowi i Andrzejowi Ko\u0142odziejowi za bezinteresownie po\u015bwi\u0119cony czas i umo\u017cliwienie spotkania duszpasterza z chorymi. Dzi\u0119kujemy chorym za wsp\u00f3ln\u0105 modlitw\u0119 oraz z\u0142o\u017cony dar na ko\u015bci\u00f3\u0142. Ofiar\u0119 z\u0142o\u017cyli: Ma\u0142gorzata i Wojciech Ko\u0142odziej; Piotr Chmielarczyk; Jadwiga Cudak; Ryszard Strzebo\u0144ski; Zofia Flaga; J\u00f3zef i Ludwika Tobolak; Bronis\u0142awa Pindel; Michalina Kostecka; Aniela Jamrozik; W\u0142adys\u0142awa Buda; Stefania Hobot; Anna Pasiowiec; Eleonora Jamrozik; Genowefa Bier\u00f3wka; Maria P\u0119cek; Ludwik J\u0105tyka.<\/p>\n<p>W ka\u017cd\u0105 sobot\u0119 do 11 wrze\u015bnia 2021 roku przed wieczorn\u0105 msz\u0105 \u015bw. wobec wystawionego Naj\u015bwi\u0119tszego Sakramentu odmawiamy r\u00f3\u017caniec przygotowuj\u0105c si\u0119 do beatyfikacji S\u0142ugi Bo\u017cego kard. Stefana Wyszy\u0144skiego, Prymasa Tysi\u0105clecia.<\/p>\n<p>Dzisiaj na ka\u017cdej mszy \u015bwi\u0119tej b\u0142ogos\u0142awimy r\u00f3\u017ca\u0144ce z wizerunkiem naszej Patronki, Matki Bo\u017cej \u015anie\u017cnej oraz monografem widniej\u0105cym na g\u0142\u00f3wnej \u015bcianie naszej \u015bwi\u0105tyni z napisem: Pani Tokarska, m\u00f3dl si\u0119 za nami.<\/p>\n<p>Jak wiemy 18 lipca br. teren Gminy Tokarnia zosta\u0142 dotkni\u0119ty si\u0142\u0105 niszcz\u0105cego \u017cywio\u0142u, jakim by\u0142y obfite opady deszczu powoduj\u0105ce w niekt\u00f3rych przypadkach bardzo powa\u017cne podtopienia. W naszej miejscowo\u015bci ucierpia\u0142o wiele rodzin. Skutki tegorocznej powodzi by\u0142yby znacznie dotkliwsze, gdyby nie zaanga\u017cowanie wszystkich jednostek Ochotniczych Stra\u017cy Po\u017carnych z terenu naszej Gminy, w tym tak\u017ce naszej jednostki z Tokarni.<\/p>\n<p>W obliczu zagro\u017cenia z jakim przysz\u0142o wszystkim nam si\u0119 zmierzy\u0107, nasi dzielni stra\u017cacy nie\u015bli pomoc poszkodowanym stanowi\u0105c tym samym wz\u00f3r obywatelskiej, ale i chrze\u015bcija\u0144skiej postawy, wedle zasady: \u201eBogu na chwa\u0142\u0119, ludziom na ratunek\u201d.<\/p>\n<p>Kolejny raz udowodnili, \u017ce s\u0105 s\u0142u\u017cbami w pe\u0142ni profesjonalnymi, gotowymi do niesienia natychmiastowej pomocy w skrajnych i ekstremalnych warunkach, niekiedy cz\u0119sto z nara\u017ceniem w\u0142asnego mienia, zdrowia, a nawet \u017cycia.<\/p>\n<p>Pow\u00f3d\u017a spowodowa\u0142a, \u017ce przeznaczone \u015brodki samorz\u0105dowe na zakup dla naszej jednostki sprz\u0119tu (but\u00f3w, he\u0142m\u00f3w i ubra\u0144 bojowych) zosta\u0142y przekierowane na usuwanie skutk\u00f3w powodzi. Nie mo\u017cemy zatem zostawi\u0107 samym sobie tych, kt\u00f3rzy biegn\u0105 na pomoc bli\u017anim w chwili nieszcz\u0119\u015bcia \u2013 zwykle nag\u0142ego, nieprzewidywalnego \u2013 nie pozostaj\u0105 nas samym sobie.<\/p>\n<p>Dlatego w dniu odpustu parafialnego (5 sierpnia) b\u0119dziemy mieli okazj\u0119, aby wesprze\u0107 nasz\u0105 jednostk\u0119. Po ka\u017cdej mszy \u015bwi\u0119tej, przed ko\u015bcio\u0142em b\u0119dzie przeprowadzona dobrowolna kwesta, kt\u00f3ra pomo\u017ce w zakupie potrzebnego, zu\u017cytego i zniszczonego podczas tegorocznej akcji ratunkowej sprz\u0119tu stra\u017cackiego.<\/p>\n<p>Jako proboszcz i kapelan wyra\u017cam g\u0142\u0119bok\u0105 nadziej\u0119, \u017ce wzorowa postawa, ofiarno\u015b\u0107 i po\u015bwi\u0119cenie oraz gotowo\u015b\u0107 do po\u015bwi\u0119ce\u0144, kt\u00f3ra niezmiennie towarzyszy naszym stra\u017cakom, znajdzie uznanie w\u015br\u00f3d ca\u0142ego naszego spo\u0142ecze\u0144stwa i spotka si\u0119 z wielk\u0105 wdzi\u0119czno\u015bci\u0105 ze strony wszystkich mieszka\u0144c\u00f3w naszej miejscowo\u015bci, a nie tylko poszkodowanych.<\/p>\n<p>Zach\u0119camy do czytania prasy katolickiej.<\/p>\n<p>Solenizantkom, Solenizantom tego tygodnia oraz Czcigodnym Jubilatom sk\u0142adamy najlepsze \u017cyczenia: wielu Bo\u017cych \u0142ask oraz opieki Kr\u00f3lowej Kliszczackiej na ka\u017cdy dzie\u0144. Wszystkim odpoczywaj\u0105cym na wakacjach \u017cyczymy s\u0142onecznej pogody, a wszystkim \u017cyczymy b\u0142ogos\u0142awionej niedzieli i dobrego tygodnia.<\/p>\n","protected":false},"excerpt":{"rendered":"<p>Dzisiaj pierwsza niedziela miesi\u0105ca. Po zako\u0144czeniu mszy \u015bw. adoracja Naj\u015bwi\u0119tszego Sakramentu. Dzi\u0119kujemy mieszka\u0144com r\u00f3l: Debenosy, Kasperki i Kanie za przygotowanie naszej \u015bwi\u0105tyni na uroczysto\u015bci odpustowe: posprz\u0105tanie ko\u015bcio\u0142a, porz\u0105dki wok\u00f3\u0142 niego oraz za z\u0142o\u017con\u0105 ofiar\u0119 na kwiaty do o\u0142tarza. W tym tygodniu o sprz\u0105tanie ko\u015bcio\u0142a prosimy mieszka\u0144c\u00f3w roli Blychy. Ofiar\u0119 na ko\u015bci\u00f3\u0142 z\u0142o\u017cyli: Franciszek Tobolak z [&hellip;]<\/p>\n","protected":false},"author":4,"featured_media":0,"comment_status":"closed","ping_status":"closed","sticky":false,"template":"","format":"standard","meta":{"footnotes":""},"categories":[6],"tags":[],"class_list":["post-8955","post","type-post","status-publish","format-standard","hentry","category-ogloszenia"],"_links":{"self":[{"href":"https:\/\/parafiatokarnia.pl\/index.php?rest_route=\/wp\/v2\/posts\/8955","targetHints":{"allow":["GET"]}}],"collection":[{"href":"https:\/\/parafiatokarnia.pl\/index.php?rest_route=\/wp\/v2\/posts"}],"about":[{"href":"https:\/\/parafiatokarnia.pl\/index.php?rest_route=\/wp\/v2\/types\/post"}],"author":[{"embeddable":true,"href":"https:\/\/parafiatokarnia.pl\/index.php?rest_route=\/wp\/v2\/users\/4"}],"replies":[{"embeddable":true,"href":"https:\/\/parafiatokarnia.pl\/index.php?rest_route=%2Fwp%2Fv2%2Fcomments&post=8955"}],"version-history":[{"count":9,"href":"https:\/\/parafiatokarnia.pl\/index.php?rest_route=\/wp\/v2\/posts\/8955\/revisions"}],"predecessor-version":[{"id":8974,"href":"https:\/\/parafiatokarnia.pl\/index.php?rest_route=\/wp\/v2\/posts\/8955\/revisions\/8974"}],"wp:attachment":[{"href":"https:\/\/parafiatokarnia.pl\/index.php?rest_route=%2Fwp%2Fv2%2Fmedia&parent=8955"}],"wp:term":[{"taxonomy":"category","embeddable":true,"href":"https:\/\/parafiatokarnia.pl\/index.php?rest_route=%2Fwp%2Fv2%2Fcategories&post=8955"},{"taxonomy":"post_tag","embeddable":true,"href":"https:\/\/parafiatokarnia.pl\/index.php?rest_route=%2Fwp%2Fv2%2Ftags&post=8955"}],"curies":[{"name":"wp","href":"https:\/\/api.w.org\/{rel}","templated":true}]}}