{"id":8873,"date":"2021-06-12T15:42:22","date_gmt":"2021-06-12T15:42:22","guid":{"rendered":"https:\/\/parafiatokarnia.pl\/?p=8873"},"modified":"2021-06-12T15:42:22","modified_gmt":"2021-06-12T15:42:22","slug":"11-niedziela-zwykla-2021","status":"publish","type":"post","link":"https:\/\/parafiatokarnia.pl\/?p=8873","title":{"rendered":"11. NIEDZIELA ZWYK\u0141A 2021"},"content":{"rendered":"<p>\u2028\u2028Dzi\u0119kujemy mieszka\u0144com roli Luberdy za posprz\u0105tanie \u015bwi\u0105tyni, porz\u0105dki wok\u00f3\u0142 niej i za z\u0142o\u017con\u0105 ofiar\u0119 na ko\u015bci\u00f3\u0142. W tym tygodniu o sprz\u0105tanie ko\u015bcio\u0142a prosimy rodzic\u00f3w dzieci rocznicowych.\u2028\u2028<\/p>\n<p>Dzi\u0119kujemy za ubogacenie procesji oktawy Bo\u017cego Cia\u0142a: dziewczynkom, kt\u00f3re sypa\u0142y kwiaty; ch\u0142opcom z dzwoneczkami; dzieciom w strojach komunijnych; pocztom sztandarowym Arcybractwa Stra\u017cy Honorowej NSPJ i Niepokalanego Serca NMP; paniom i panom nosz\u0105cym feretrony, R\u00f3\u017com R\u00f3\u017ca\u0144cowym nios\u0105cym r\u00f3\u017ca\u0144ce i wszystkim, kt\u00f3rzy razem z nami si\u0119 modlili.\u2028<\/p>\n<p>Renowacj\u0119 o\u0142tarza wspar\u0142a Michalina Kostecka. B\u00f3g zap\u0142a\u0107.\u2028\u2028<\/p>\n<p>Kalendarz liturgiczny:\u2028<br \/>\nPoniedzia\u0142ek &#8211; wspomnienie b\u0142. Micha\u0142a Kozala, biskupa i m\u0119czennika\u2028<br \/>\nCzwartek &#8211; wspomnienie \u015bw. Alberta Chmielowskiego, zakonnika.<\/p>\n<p>\u2028\u2028W najbli\u017csz\u0105 niedziel\u0119 na mszy \u015bw. o godz. o godz. 11.00 b\u0119dzie mia\u0142o miejsce uroczyste przyj\u0119cie nowych cz\u0142onk\u00f3w Arcybractwa Honorowej Stra\u017cy Naj\u015bwi\u0119tszego Serca Pana Jezusa.\u2028\u2028 <\/p>\n<p>Natomiast o godz. 17.00 prze\u017cywa\u0107 b\u0119dziemy rocznic\u0119 Pierwszej Komunii \u015awi\u0119tej. Razem z dzie\u0107mi b\u0119dziemy dzi\u0119kowa\u0107 Bogu za dar Eucharystii i sakramentu pokuty, a tak\u017ce prosi\u0107, aby z Eucharystii czerpa\u0142y si\u0142y do realizowania przykazania mi\u0142o\u015bci. <\/p>\n<p>Wiernych, bezpo\u015brednio niezwi\u0105zanych z uroczysto\u015bci\u0105 zapraszamy do uczestnictwa w mszy \u015bwi\u0119tej niedzielnej o godzinie 7.00, 9.00, 11.00, 13.00\u00a0 i 15.30.\u2028\u2028<\/p>\n<p>Pr\u00f3ba liturgiczna dzieci we wtorek (15 czerwca) o godzinie 16.00.\u2028\u2028<\/p>\n<p>Zach\u0119camy do czytania prasy katolickiej.\u2028\u2028<\/p>\n<p>Za tydzie\u0144 z racji 3. niedzieli miesi\u0105ca sk\u0142adka inwestycyjna przeznaczona na utrzymanie naszego ko\u015bcio\u0142a.<\/p>\n<p>Solenizantkom, Solenizantom tego tygodnia oraz Czcigodnym Jubilatom sk\u0142adamy najlepsze \u017cyczenia: obfito\u015bci \u0142ask Bo\u017cych i opieki Pani Tokarskiej na ka\u017cdy dzie\u0144. Wszystkim \u017cyczymy b\u0142ogos\u0142awionej niedzieli.<\/p>\n","protected":false},"excerpt":{"rendered":"<p>\u2028\u2028Dzi\u0119kujemy mieszka\u0144com roli Luberdy za posprz\u0105tanie \u015bwi\u0105tyni, porz\u0105dki wok\u00f3\u0142 niej i za z\u0142o\u017con\u0105 ofiar\u0119 na ko\u015bci\u00f3\u0142. W tym tygodniu o sprz\u0105tanie ko\u015bcio\u0142a prosimy rodzic\u00f3w dzieci rocznicowych.\u2028\u2028 Dzi\u0119kujemy za ubogacenie procesji oktawy Bo\u017cego Cia\u0142a: dziewczynkom, kt\u00f3re sypa\u0142y kwiaty; ch\u0142opcom z dzwoneczkami; dzieciom w strojach komunijnych; pocztom sztandarowym Arcybractwa Stra\u017cy Honorowej NSPJ i Niepokalanego Serca NMP; paniom [&hellip;]<\/p>\n","protected":false},"author":4,"featured_media":0,"comment_status":"closed","ping_status":"closed","sticky":false,"template":"","format":"standard","meta":{"footnotes":""},"categories":[6],"tags":[],"class_list":["post-8873","post","type-post","status-publish","format-standard","hentry","category-ogloszenia"],"_links":{"self":[{"href":"https:\/\/parafiatokarnia.pl\/index.php?rest_route=\/wp\/v2\/posts\/8873","targetHints":{"allow":["GET"]}}],"collection":[{"href":"https:\/\/parafiatokarnia.pl\/index.php?rest_route=\/wp\/v2\/posts"}],"about":[{"href":"https:\/\/parafiatokarnia.pl\/index.php?rest_route=\/wp\/v2\/types\/post"}],"author":[{"embeddable":true,"href":"https:\/\/parafiatokarnia.pl\/index.php?rest_route=\/wp\/v2\/users\/4"}],"replies":[{"embeddable":true,"href":"https:\/\/parafiatokarnia.pl\/index.php?rest_route=%2Fwp%2Fv2%2Fcomments&post=8873"}],"version-history":[{"count":1,"href":"https:\/\/parafiatokarnia.pl\/index.php?rest_route=\/wp\/v2\/posts\/8873\/revisions"}],"predecessor-version":[{"id":8874,"href":"https:\/\/parafiatokarnia.pl\/index.php?rest_route=\/wp\/v2\/posts\/8873\/revisions\/8874"}],"wp:attachment":[{"href":"https:\/\/parafiatokarnia.pl\/index.php?rest_route=%2Fwp%2Fv2%2Fmedia&parent=8873"}],"wp:term":[{"taxonomy":"category","embeddable":true,"href":"https:\/\/parafiatokarnia.pl\/index.php?rest_route=%2Fwp%2Fv2%2Fcategories&post=8873"},{"taxonomy":"post_tag","embeddable":true,"href":"https:\/\/parafiatokarnia.pl\/index.php?rest_route=%2Fwp%2Fv2%2Ftags&post=8873"}],"curies":[{"name":"wp","href":"https:\/\/api.w.org\/{rel}","templated":true}]}}