{"id":8806,"date":"2021-05-05T13:38:57","date_gmt":"2021-05-05T13:38:57","guid":{"rendered":"https:\/\/parafiatokarnia.pl\/?p=8806"},"modified":"2021-05-05T13:40:06","modified_gmt":"2021-05-05T13:40:06","slug":"zaproszenie-metropolity-krakowskiego-abp-marka-jedraszewskiego-na-obchody-uroczystosci-sw-stanislawa-bm","status":"publish","type":"post","link":"https:\/\/parafiatokarnia.pl\/?p=8806","title":{"rendered":"Zaproszenie Metropolity Krakowskiego Abp. Marka J\u0119draszewskiego na obchody Uroczysto\u015bci \u015bw. Stanis\u0142awa BM"},"content":{"rendered":"<p>Drodzy Archidiecezjanie,<\/p>\n<p>Czytana dzisiaj Ewangelia to fragment mowy po\u017cegnalnej Pana Jezusa, wyg\u0142oszonej w Wieczerniku na kilka godzin przed pojmaniem w Ogr\u00f3jcu. \u201eTrwajcie we Mnie, a Ja w was b\u0119d\u0119 trwa\u0107. (\u2026) Ja jestem krzewem winnym, wy \u2013 latoro\u015blami\u201d (J 15, 4-5) \u2013 tymi s\u0142owami, \u015bwiadom blisko\u015bci swej \u015bmierci, Syn Bo\u017cy wskazuje Aposto\u0142om na wierno\u015b\u0107 jako na t\u0119 postaw\u0119, kt\u00f3ra Jego uczni\u00f3w b\u0119dzie w mo\u017cliwie naj\u015bci\u015blejszy spos\u00f3b \u0142\u0105czy\u0107 z Bogiem. To\u00a0zakorzenienie w Chrystusie i wierne trwanie w Nim b\u0119dzie przez wieki \u017ar\u00f3d\u0142em i\u00a0szczytem wszelkiej dzia\u0142alno\u015bci dla za\u0142o\u017conego przez Niego Ko\u015bcio\u0142a.<\/p>\n<p>Na przestrzeni wiek\u00f3w, od chwili przyj\u0119cia Chrztu \u015bwi\u0119tego przez Mieszka I w 966 roku, a zatem od 1055 lat, wierno\u015b\u0107 Chrystusowi \u2013 i to w spos\u00f3b heroiczny \u2013 wykazywa\u0142o wiele c\u00f3rek i syn\u00f3w Polskiej Ziemi \u2013 osoby \u015bwieckie, konsekrowane i duchowne. \u015awietlanym przyk\u0142adem kap\u0142ana, kt\u00f3ry sta\u0142 si\u0119 znakiem sprzeciwu dla okrutnego w\u0142adcy, naznaczaj\u0105c swoj\u0105 postaw\u0105 tak\u017ce przysz\u0142e \u017cycie Owczarni Chrystusowej w Krakowie i w ca\u0142ej Polsce, by\u0142 \u015bwi\u0119ty Stanis\u0142aw ze Szczepanowa, krakowski biskup i m\u0119czennik za wiar\u0119. To na przestrzeni ju\u017c ponad 750 lat Polacy ucz\u0105 si\u0119 wierno\u015bci Chrystusowi, wpatrzeni w jego posta\u0107.<\/p>\n<p>W tym roku w spos\u00f3b szczeg\u00f3lny pragniemy wspomina\u0107 szlachetne przyk\u0142ady polskich ksi\u0119\u017cy, kt\u00f3rzy ofiarnie pracowali dla ludu Bo\u017cego i do dzi\u015b s\u0105 wzorem trwania w\u00a0wierno\u015bci Ewangelii Chrystusowej. Byli nimi mi\u0119dzy innymi: \u015bwi\u0119ty Maksymilian Maria Kolbe, z racji na 80. rocznic\u0119 \u015bmierci patron obecnego roku w Ma\u0142opolsce, b\u0142ogos\u0142awiony biskup Micha\u0142 Kozal, m\u0119czennik z Dachau, czy te\u017c Czcigodny S\u0142uga Bo\u017cy kardyna\u0142 Stefan Wyszy\u0144ski, kt\u00f3rego beatyfikacj\u0119 b\u0119dziemy prze\u017cywa\u0107 12 wrze\u015bnia br. Niech b\u0119dzie mi wolno przywo\u0142a\u0107 tak\u017ce posta\u0107 S\u0142ugi Bo\u017cego ksi\u0119dza Micha\u0142a Rapacza, kap\u0142ana Archidiecezji Krakowskiej, zamordowanego przez komunist\u00f3w 75 lat temu 12 maja 1946 roku w P\u0142okach. W trudnej powojennej sytuacji, gdy w Polsce zaczyna\u0142 umacnia\u0107 si\u0119 nowy ateistyczny re\u017cim, ks. Micha\u0142 Rapacz okaza\u0142 si\u0119 nieugi\u0119ty i jednoznaczny w g\u0142oszeniu Chrystusowej Ewangelii. Dzi\u015b \u017carliwie m\u00f3dlmy si\u0119 o jego wyniesienie do chwa\u0142y o\u0142tarzy i przyzywajmy jego wstawiennictwa, ufni w to, \u017ce \u2013 jak g\u0142osi tekst Modlitwy o beatyfikacj\u0119 S\u0142ugi Bo\u017cego Micha\u0142a Rapacza, kap\u0142ana i m\u0119czennika \u2013 B\u00f3g da\u0142 mu \u201eudzia\u0142 w m\u0119ce Chrystusa\u201d, kt\u00f3ra jest dla nas \u017ar\u00f3d\u0142em wszelkiej nadziei.<\/p>\n<p>\u015awi\u0119ty Jan Pawe\u0142 II Wielki podczas homilii wyg\u0142oszonej w Lublinie w 1987 roku, zwi\u0105zanej z udzieleniem \u015bwi\u0119ce\u0144 kap\u0142a\u0144skich, powiedzia\u0142: \u201eDrodzy synowie, aby by\u0107 wychowawc\u0105 sumie\u0144, aby prowadzi\u0107 innych, aby pomaga\u0107 im d\u017awiga\u0107 si\u0119 z grzech\u00f3w, na\u0142og\u00f3w, aby d\u017awiga\u0107 \u00ablud upadaj\u0105cy\u00bb, sami musimy by\u0107 zawsze gotowi stan\u0105\u0107 \u00abw obliczu Boga\u00bb i \u00abwobec os\u0105du sumienia ka\u017cdego cz\u0142owieka\u00bb. Sami musimy od siebie wymaga\u0107. Kap\u0142a\u0144stwo jest wymagaj\u0105ce. Jest wymagaj\u0105ce. Wymaga \u2013 i przez to wyzwala\u201d (\u015bw. Jan Pawe\u0142 II, Lublin, 9 czerwca 1987 r.).<\/p>\n<p>Drodzy Siostry i Bracia!<\/p>\n<p>Tegoroczne uroczysto\u015bci zwi\u0105zane ze \u015bw. Stanis\u0142awem, Biskupem i M\u0119czennikiem, niech stan\u0105 si\u0119 dla nas wszystkich gor\u0105c\u0105 modlitw\u0105 o nowe i \u015bwi\u0119te powo\u0142ania kap\u0142a\u0144skie. W\u00a0tym roku ze\u00a0wzgl\u0119du na stan epidemii tradycyjna procesja nie odb\u0119dzie si\u0119. Jednak bardzo serdecznie zapraszam do udzia\u0142u we Mszy \u015bwi\u0119tej w niedziel\u0119 9 maja br. sprawowanej o\u00a0godz. 10.00 na O\u0142tarzu Trzech Tysi\u0105cleci na Ska\u0142ce pod przewodnictwem Ksi\u0119dza Arcybiskupa J\u00f3zefa G\u00f3rzy\u0144skiego, Metropolity Warmi\u0144skiego. Prosz\u0119, aby uczestniczy\u0142y w\u00a0niej reprezentacje dekanat\u00f3w i wsp\u00f3lnot parafialnych Archidiecezji Krakowskiej wraz ze swoimi duszpasterzami. Zapraszam zakony \u017ce\u0144skie i m\u0119skie, osoby konsekrowane, dzieci, m\u0142odzie\u017c, student\u00f3w, szko\u0142y katolickie, duszpasterstwa, organizacje i stowarzyszenia katolickie, bractwa i ruchy, asysty procesyjne w strojach regionalnych (zg\u0142oszenia asyst: paulus.eremita@gmail.com). Prosz\u0119 o udzia\u0142 w uroczysto\u015bci r\u00f3wnie\u017c ludzi nauki i kultury, przedstawicieli wy\u017cszych uczelni naszego miasta, w\u0142adz pa\u0144stwowych i samorz\u0105dowych. <\/p>\n<p>Zapraszam mieszka\u0144c\u00f3w Krakowa i Archidiecezji Krakowskiej. Tych, kt\u00f3rzy z racji na ograniczenia sanitarne nie b\u0119d\u0105 mogli uczestniczy\u0107 w tej Eucharystii, zach\u0119cam do w\u0142\u0105czenia si\u0119 do wsp\u00f3lnej modlitwy dzi\u0119ki transmisji w Programie Pierwszym Telewizji Polskiej.<\/p>\n<p>W czasie trwaj\u0105cej w parafiach Nowenny przed Uroczysto\u015bci\u0105 \u015awi\u0119tego Stanis\u0142awa, Biskupa i M\u0119czennika, powierzajmy jego wstawiennictwu wszystkie wa\u017cne sprawy naszej Ojczyzny, a tak\u017ce naszych rodzin i nas samych.<br \/>\nZ pasterskim b\u0142ogos\u0142awie\u0144stwem<\/p>\n<p>+ Marek J\u0119draszewski<br \/>\nArcybiskup Metropolita Krakowski<\/p>\n<p>Krak\u00f3w, dnia 29 kwietnia 2021 roku,<br \/>\nw Dzie\u0144 M\u0119cze\u0144stwa Duchowie\u0144stwa Polskiego<\/p>\n","protected":false},"excerpt":{"rendered":"<p>Drodzy Archidiecezjanie, Czytana dzisiaj Ewangelia to fragment mowy po\u017cegnalnej Pana Jezusa, wyg\u0142oszonej w Wieczerniku na kilka godzin przed pojmaniem w Ogr\u00f3jcu. \u201eTrwajcie we Mnie, a Ja w was b\u0119d\u0119 trwa\u0107. (\u2026) Ja jestem krzewem winnym, wy \u2013 latoro\u015blami\u201d (J 15, 4-5) \u2013 tymi s\u0142owami, \u015bwiadom blisko\u015bci swej \u015bmierci, Syn Bo\u017cy wskazuje Aposto\u0142om na wierno\u015b\u0107 jako [&hellip;]<\/p>\n","protected":false},"author":4,"featured_media":7698,"comment_status":"closed","ping_status":"closed","sticky":false,"template":"","format":"standard","meta":{"footnotes":""},"categories":[15],"tags":[],"class_list":["post-8806","post","type-post","status-publish","format-standard","has-post-thumbnail","hentry","category-warto-wiedziec"],"_links":{"self":[{"href":"https:\/\/parafiatokarnia.pl\/index.php?rest_route=\/wp\/v2\/posts\/8806","targetHints":{"allow":["GET"]}}],"collection":[{"href":"https:\/\/parafiatokarnia.pl\/index.php?rest_route=\/wp\/v2\/posts"}],"about":[{"href":"https:\/\/parafiatokarnia.pl\/index.php?rest_route=\/wp\/v2\/types\/post"}],"author":[{"embeddable":true,"href":"https:\/\/parafiatokarnia.pl\/index.php?rest_route=\/wp\/v2\/users\/4"}],"replies":[{"embeddable":true,"href":"https:\/\/parafiatokarnia.pl\/index.php?rest_route=%2Fwp%2Fv2%2Fcomments&post=8806"}],"version-history":[{"count":2,"href":"https:\/\/parafiatokarnia.pl\/index.php?rest_route=\/wp\/v2\/posts\/8806\/revisions"}],"predecessor-version":[{"id":8808,"href":"https:\/\/parafiatokarnia.pl\/index.php?rest_route=\/wp\/v2\/posts\/8806\/revisions\/8808"}],"wp:featuredmedia":[{"embeddable":true,"href":"https:\/\/parafiatokarnia.pl\/index.php?rest_route=\/wp\/v2\/media\/7698"}],"wp:attachment":[{"href":"https:\/\/parafiatokarnia.pl\/index.php?rest_route=%2Fwp%2Fv2%2Fmedia&parent=8806"}],"wp:term":[{"taxonomy":"category","embeddable":true,"href":"https:\/\/parafiatokarnia.pl\/index.php?rest_route=%2Fwp%2Fv2%2Fcategories&post=8806"},{"taxonomy":"post_tag","embeddable":true,"href":"https:\/\/parafiatokarnia.pl\/index.php?rest_route=%2Fwp%2Fv2%2Ftags&post=8806"}],"curies":[{"name":"wp","href":"https:\/\/api.w.org\/{rel}","templated":true}]}}