{"id":8776,"date":"2021-04-13T08:01:59","date_gmt":"2021-04-13T08:01:59","guid":{"rendered":"https:\/\/parafiatokarnia.pl\/?p=8776"},"modified":"2021-04-13T08:03:02","modified_gmt":"2021-04-13T08:03:02","slug":"8776","status":"publish","type":"post","link":"https:\/\/parafiatokarnia.pl\/?p=8776","title":{"rendered":"Niedziela Bo\u017cego Mi\u0142osierdzia 2021"},"content":{"rendered":"<p class=\"p1\">Dzisiaj Niedziela Bo\u017cego Mi\u0142osierdzia. Znaczenie dzisiejszego \u015awi\u0119ta wyrazi\u0142 Pan Jezus w s\u0142owach: \u201e<i>Nie znajdzie \u017cadna dusza usprawiedliwienia, dok\u0105d si\u0119 nie zwr\u00f3ci z ufno\u015bci\u0105 do mi\u0142osierdzia Mojego i dlatego pierwsza niedziela po Wielkanocy, ma by\u0107 \u015bwi\u0119tem Mi\u0142osierdzia, a kap\u0142ani maj\u0105 w dniu tym m\u00f3wi\u0107 o tym wielkim i niezg\u0142\u0119bionym mi\u0142osierdziu Moim<\/i>\u201d.<\/p>\n<p class=\"p1\">Dzi\u015b rozpoczynamy 77. Tydzie\u0144 Mi\u0142osierdzia pod has\u0142em: \u201e<i>Jeste\u015bmy wezwani do mi\u0142osierdzia<\/i>\u201d. Niech mi\u0142osierdzie Boga mobilizuje nas do okazywania tego daru wobec bli\u017anich. Wyra\u017camy wdzi\u0119czno\u015b\u0107 tym wszystkim, kt\u00f3rzy kieruj\u0105c si\u0119 \u201e<i>wyobra\u017ani\u0105 mi\u0142osierdzia<\/i>\u201d, w tym ostatnim czasie w\u0142\u0105czyli si\u0119 tak licznie w r\u00f3\u017cnego rodzaju akcje charytatywne wspieraj\u0105ce nasz\u0105 lokaln\u0105 spo\u0142eczno\u015b\u0107 i nasze tokarskie rodziny.<\/p>\n<p class=\"p1\">W naszej wsp\u00f3lnocie witamy ks. prof. dr hab. Roberta N\u0119cka z Uniwersytetu Papieskiego JP2 w Krakowie, kt\u00f3ry dzieli si\u0119 z nami Bo\u017cym S\u0142owem. Po mszach \u015bw. b\u0119dziemy mogli naby\u0107 jego now\u0105 publikacj\u0119 pt. \u201eJan Pawe\u0142 II. Komunikacja i kultura\u201d, kt\u00f3ra zosta\u0142a wydana z okazji setnej rocznicy urodzin Wielkiego Papie\u017ca-Polaka.<\/p>\n<p class=\"p1\">Dzi\u0119kujemy mieszka\u0144com roli Dziury i Kocury za posprz\u0105tanie \u015bwi\u0105tyni, porz\u0105dki wok\u00f3\u0142 ko\u015bcio\u0142a i za z\u0142o\u017con\u0105 ofiar\u0119 od wszystkich mieszka\u0144c\u00f3w tych r\u00f3l. Dzi\u0119kujemy nowo\u017ce\u0144com za udekorowanie o\u0142tarza kwiatami. W tym tygodniu o sprz\u0105tanie prosimy mieszka\u0144c\u00f3w roli Proszki.<\/p>\n<p class=\"p1\">O godz. 15.00 zapraszamy na transmisj\u0119 Koronki do Mi\u0142osierdzia Bo\u017cego, kt\u00f3r\u0105 w tym szczeg\u00f3lnym dniu odm\u00f3wimy w intencji o zaprzestanie rozpowszechniania si\u0119 koronawirusa i ustanie pandemii.<\/p>\n<p class=\"p1\">Ofiar\u0119 na ko\u015bci\u00f3\u0142 z\u0142o\u017cyli: Julia i Mi\u0142osz Motyka; Gra\u017cyna i Dariusz Bruzda oraz<span class=\"Apple-converted-space\">\u00a0 <\/span>narzeczeni: Faustyna i Wiktor. Na renowacj\u0119 o\u0142tarza ofiar\u0119 z\u0142o\u017cy\u0142a R\u00f3\u017ca R\u00f3\u017ca\u0144cowa Matki Bo\u017cej \u015anie\u017cnej z Wi\u0119cier\u017cy.<\/p>\n<p class=\"p1\">Dnia 14 kwietnia obchodzi\u0107 b\u0119dziemy ustanowione przez Sejm RP \u015awi\u0119to Chrztu Polski. W tym dniu nale\u017cy pami\u0119ta\u0107 o modlitwie w intencji Ojczyzny oraz wywiesi\u0107 flag\u0119 pa\u0144stwow\u0105.<\/p>\n<p class=\"p1\">Za tydzie\u0144, trzecia niedziela miesi\u0105ca. Sk\u0142adka inwestycyjna. B\u00f3g zap\u0142a\u0107 za Wasz\u0105 sta\u0142\u0105 trosk\u0119 o pi\u0119kno duchowe i materialne naszej wsp\u00f3lnoty. Dzi\u0119kujemy za ofiary przekazane na potrzeby naszego ko\u015bcio\u0142a indywidualnie, jak r\u00f3wnie\u017c poprzez konto parafialne.<\/p>\n<p class=\"p1\">W tym tygodniu odby\u0142 si\u0119 pogrzeb + Heleny Dyrcz i + Krzysztofa Dr\u0105\u017cyka. Pole\u0107my naszych Zmar\u0142ych Parafian Bo\u017cemu Mi\u0142osierdziu.<\/p>\n<p class=\"p1\">Solenizantkom, Solenizantom tego tygodnia oraz Czcigodnym Jubilatom sk\u0142adamy najserdeczniejsze \u017cyczenia po\u0142\u0105czone z modlitw\u0105 i polecamy opiece Pani Tokarskiej. B\u0142ogos\u0142awionej niedzieli.<\/p>\n","protected":false},"excerpt":{"rendered":"<p>Dzisiaj Niedziela Bo\u017cego Mi\u0142osierdzia. Znaczenie dzisiejszego \u015awi\u0119ta wyrazi\u0142 Pan Jezus w s\u0142owach: \u201eNie znajdzie \u017cadna dusza usprawiedliwienia, dok\u0105d si\u0119 nie zwr\u00f3ci z ufno\u015bci\u0105 do mi\u0142osierdzia Mojego i dlatego pierwsza niedziela po Wielkanocy, ma by\u0107 \u015bwi\u0119tem Mi\u0142osierdzia, a kap\u0142ani maj\u0105 w dniu tym m\u00f3wi\u0107 o tym wielkim i niezg\u0142\u0119bionym mi\u0142osierdziu Moim\u201d. Dzi\u015b rozpoczynamy 77. Tydzie\u0144 Mi\u0142osierdzia [&hellip;]<\/p>\n","protected":false},"author":4,"featured_media":0,"comment_status":"closed","ping_status":"closed","sticky":false,"template":"","format":"standard","meta":{"footnotes":""},"categories":[6],"tags":[],"class_list":["post-8776","post","type-post","status-publish","format-standard","hentry","category-ogloszenia"],"_links":{"self":[{"href":"https:\/\/parafiatokarnia.pl\/index.php?rest_route=\/wp\/v2\/posts\/8776","targetHints":{"allow":["GET"]}}],"collection":[{"href":"https:\/\/parafiatokarnia.pl\/index.php?rest_route=\/wp\/v2\/posts"}],"about":[{"href":"https:\/\/parafiatokarnia.pl\/index.php?rest_route=\/wp\/v2\/types\/post"}],"author":[{"embeddable":true,"href":"https:\/\/parafiatokarnia.pl\/index.php?rest_route=\/wp\/v2\/users\/4"}],"replies":[{"embeddable":true,"href":"https:\/\/parafiatokarnia.pl\/index.php?rest_route=%2Fwp%2Fv2%2Fcomments&post=8776"}],"version-history":[{"count":3,"href":"https:\/\/parafiatokarnia.pl\/index.php?rest_route=\/wp\/v2\/posts\/8776\/revisions"}],"predecessor-version":[{"id":8779,"href":"https:\/\/parafiatokarnia.pl\/index.php?rest_route=\/wp\/v2\/posts\/8776\/revisions\/8779"}],"wp:attachment":[{"href":"https:\/\/parafiatokarnia.pl\/index.php?rest_route=%2Fwp%2Fv2%2Fmedia&parent=8776"}],"wp:term":[{"taxonomy":"category","embeddable":true,"href":"https:\/\/parafiatokarnia.pl\/index.php?rest_route=%2Fwp%2Fv2%2Fcategories&post=8776"},{"taxonomy":"post_tag","embeddable":true,"href":"https:\/\/parafiatokarnia.pl\/index.php?rest_route=%2Fwp%2Fv2%2Ftags&post=8776"}],"curies":[{"name":"wp","href":"https:\/\/api.w.org\/{rel}","templated":true}]}}