{"id":8398,"date":"2021-01-02T14:42:14","date_gmt":"2021-01-02T14:42:14","guid":{"rendered":"https:\/\/parafiatokarnia.pl\/?p=8398"},"modified":"2021-01-07T08:59:41","modified_gmt":"2021-01-07T08:59:41","slug":"2-niedziela-po-bozym-narodzeniu-2","status":"publish","type":"post","link":"https:\/\/parafiatokarnia.pl\/?p=8398","title":{"rendered":"2. NIEDZIELA PO BO\u017bYM NARODZENIU"},"content":{"rendered":"<p>Dzi\u0119kujemy mieszka\u0144com 1. cz\u0119\u015bci roli Granica za posprz\u0105tanie \u015bwi\u0105tyni i porz\u0105dki wok\u00f3\u0142 ko\u015bcio\u0142a. W tym tygodniu o sprz\u0105tanie prosimy mieszka\u0144c\u00f3w 2. cz\u0119\u015bci tej roli.<\/p>\n<p>Renowacj\u0119 o\u0142tarza wsparli: Maria i Adam Gruszczyk z USA; ks. S\u0142awomir Filipek, nasz Rodak; Ewa i Bogus\u0142aw Kawo\u0144czyk; narzeczeni: Gabriela i Mariusz oraz Ma\u0142gorzata i Wies\u0142aw Bier\u00f3wka. B\u00f3g zap\u0142a\u0107. Dzi\u0119kujemy rodzicom Lidii Makusek za ofiar\u0119 na ko\u015bci\u00f3\u0142 z\u0142o\u017con\u0105 przy okazji chrztu dziecka.<\/p>\n<p>W \u015brod\u0119 6 stycznia, Uroczysto\u015b\u0107 Objawienia Pa\u0144skiego. Porz\u0105dek mszy \u015bwi\u0119tych, jak w niedziel\u0119: 7:00, 9:00, 11:00, 13:00, 15:30 i 17:00. Zgodnie z dawnym zwyczajem w \u015awi\u0119to Trzech Kr\u00f3li b\u0142ogos\u0142awimy: kred\u0119, kadzid\u0142o i mirr\u0119.<\/p>\n<p>Ten po\u015bwi\u0119cony zestaw b\u0119dzie stanowi\u0142 jeden z element\u00f3w celebracji rodzinnej, o kt\u00f3rej powiemy wi\u0119cej za chwil\u0119.<\/p>\n<p>W zwi\u0105zku z kwarantann\u0105 narodow\u0105 jeste\u015bmy zmuszeni zmieni\u0107 formu\u0142\u0119 tradycyjnej wizyty duszpasterskiej. Co prawda nie mo\u017cemy spotka\u0107 si\u0119 w Waszych domach, ale b\u0119dzie okazja, by spotka\u0107 si\u0119 z przedstawicielami Waszych rodzin w naszej parafialnej \u015bwiatyni.<\/p>\n<p>Msze \u015bwi\u0119te kol\u0119dowe rozpoczniemy w naszej parafii w czwartek, tj. 7 stycznia. W kolejne dni (za wyj\u0105tkiem \u015brody, pi\u0105tku i niedzieli) b\u0119dziemy zapraszali na msz\u0119 \u015bwi\u0119t\u0105 o godzinie 18:00 przedstawicieli rodzin z poszczeg\u00f3lnych r\u00f3l, aby wsp\u00f3lnie pokol\u0119dowa\u0107 i razem pomodli\u0107 si\u0119, prosz\u0105c Boga o b\u0142ogos\u0142awie\u0144stwo, a Matk\u0119 Bo\u017c\u0105 \u015anie\u017cn\u0105 o opiek\u0119 w Nowym Roku. Je\u015bli jaka\u015b rodzina b\u0119dzie mia\u0142a \u017cyczenie, mo\u017ce podczas sk\u0142adki z\u0142o\u017cy\u0107 w podpisanej kopercie dar materialny przeznaczony na ko\u015bci\u00f3\u0142.<\/p>\n<p>Po zako\u0144czeniu mszy \u015bwi\u0119tej przedstawiciele rodzin zabior\u0105 ze sob\u0105 do domu po\u015bwi\u0119cone w Trzech Kr\u00f3li zestawy, kt\u00f3re w tym roku zosta\u0142y przygotowane przez nasz\u0105 s\u0142u\u017cb\u0119 ko\u015bcieln\u0105. Z\u0142o\u017cona przy tej okazji ofiara niech b\u0119dzie wyrazem naszej wdzi\u0119czno\u015bci za pos\u0142ug\u0119 s\u0142u\u017cby ko\u015bcielnej i wynagrodzeniem za ca\u0142oroczn\u0105 prac\u0119 pana organisty i pana ko\u015bcielnego w naszej parafii.<\/p>\n<p>Po powrocie do domu, zapro\u015bmy wszystkich domownik\u00f3w na kr\u00f3tk\u0105 modlitw\u0119 rodzinn\u0105.<\/p>\n<p>Na pocz\u0105tku celebracji rozpalmy w\u0119gielek i posypmy go kadzid\u0142em, aby nape\u0142ni\u0107 jego woni\u0105 nasz dom na znak, \u017ce wszystko pragniemy czyni\u0107 na chwa\u0142\u0119 Boga. Pokropmy domownik\u00f3w \u015bwi\u0119con\u0105 wod\u0105, kt\u00f3ra w Pi\u015bmie \u015awi\u0119tym jest znakiem Bo\u017cego b\u0142ogos\u0142awie\u0144stwa. Prosimy o przyniesienie naczy\u0144 na \u015bwi\u0119con\u0105 wod\u0119, kt\u00f3r\u0105 zabierzemy sobie z ko\u015bcio\u0142a. Nast\u0119pnie odm\u00f3wmy specjaln\u0105 modlitw\u0119, kt\u00f3ra jest do\u0142\u0105czona do zestawu, a po\u015bwi\u0119con\u0105 kred\u0105, oznaczmy drzwi domu na znak, \u017ce przyj\u0119li\u015bmy wcielonego Syna Bo\u017cego. Celebracj\u0119 zako\u0144czmy wsp\u00f3lnym \u015bpiewem kol\u0119dy i rodzinn\u0105 kolacj\u0105.<\/p>\n<p>Harmonogram spotka\u0144 kol\u0119dowych:<br \/>\n7 stycznia (czwartek) &#8211; zapraszamy przedstawicieli rodzin z r\u00f3l: Wierdonki, G\u0119bki, Bier\u00f3wki, Bryle<\/p>\n<p>W czwartek, z racji pierwszego czwartku miesi\u0105ca o 17:00 Godzina \u015awi\u0119ta.<\/p>\n<p>9 stycznia (sobota) &#8211; zapraszamy przedstawicieli rodzin z r\u00f3l: Zagrody, Dziubras Dolny, Kluski, Szewcy, Osiedle G\u00f3rne (od Pa\u0144stwa Funek do Pa\u0144stwa Cudak)<\/p>\n<p>W przysz\u0142\u0105 niedziel\u0119, 10 stycznia, \u015bwi\u0119to Chrztu Pa\u0144skiego, kt\u00f3re ko\u0144czy liturgiczny okres Narodzenia Pa\u0144skiego.<\/p>\n<p>11 stycznia (poniedzia\u0142ek) &#8211; zapraszamy przedstawicieli rodzin z r\u00f3l: Granica, Parchule, Brzegi, Urbany, Hoboty, Gwi\u017cd\u017ce<\/p>\n<p>12 stycznia (wtorek) &#8211; zapraszamy przedstawicieli rodzin z r\u00f3l: Dziury, Kocury, Proszki, Fu\u0142y, M\u0142yny, Tarn\u00f3w, Przymiarki, Florki, Na Wysokiej, Barnasi\u00f3wka, Za G\u00f3r\u0105, Morgi, Luberdy, \u0141ocki<\/p>\n<p>14 stycznia (czwartek) &#8211; zapraszamy przedstawicieli rodzin z r\u00f3l: Domy Pod Lasem, Przysop, Dzia\u0142 Wy\u017cny, Dzia\u0142 Ni\u017cny, Jurczaki, Debenosy, Kud\u0142y, Kasperki, Kanie<\/p>\n<p>16 stycznia (sobota) &#8211; zapraszamy przedstawicieli rodzin z r\u00f3l: Blychy, Osiedle Dolne (od Pa\u0144stwa Kowalik\u00f3w), Dom Nauczyciela, O\u015brodek Zdrowia, Szko\u0142a, Dzio\u0142ek, J\u0105tyki, Per\u0142y, Domy nad Kacprem, Pawlaki, Kie\u0142tyki, Durki, Bugaje<\/p>\n<p>18 stycznia (poniedzia\u0142ek) zapraszamy przedstawicieli rodzin z r\u00f3l: Chlebierz\u00f3wka, Molusy, Guz\u00f3wka, Koty, U Lipki, Polana, Zamki, Hanuski, Knapy (od Pa\u0144stwa Bednarz do ko\u0144ca tej roli)<\/p>\n<p>19 stycznia (wtorek) zapraszamy przedstawicieli rodzin z r\u00f3l: Dziubras G\u00f3rny, Kostruchy, Madonie, Kusiki, Mizery<\/p>\n<p style=\"text-align: center;\">* \u00a0* *<\/p>\n<p>Przypominamy, \u017ce w ka\u017cd\u0105 \u015brod\u0119 o godzinie 18:00 odprawiamy msz\u0119 \u015bwi\u0119t\u0105 zbiorow\u0105. Na tej mszy, b\u0119dziemy \u0142\u0105czy\u0107 poszczeg\u00f3lne nasze intencje dzi\u0119kczynno-b\u0142agalne (np. przy okazji prze\u017cywanych rocznic, imienin, roczku dziecka, z racji uko\u0144czenia 18 lat czy z pro\u015bb\u0105 o \u0142ask\u0119 zdrowia) i poleca\u0107 je Bogu w trakcie mszy \u015bwi\u0119tej nowennowej za wstawiennictwem Matki Bo\u017cej Nieustaj\u0105cej Pomocy.<\/p>\n<p>Og\u0142oszenie, o kt\u00f3re zostali\u015bmy poproszeni:<\/p>\n<p>W zwi\u0105zku z przyst\u0105pieniem przychodni w Krzczonowie (filia Skomielna Czarna) do Narodowego Programu Szczepie\u0144 przeciw COVID-19 zapraszamy wszystkie osoby, kt\u00f3re uko\u0144czy\u0142y 60 lat i wi\u0119cej, pracownik\u00f3w s\u0142u\u017cb mundurowych w tym Wojsko Polskie oraz nauczycieli do zapisywania si\u0119 na szczepienie przeciwko COVID-19.<\/p>\n<p>Zg\u0142oszenia od os\u00f3b ch\u0119tnych nale\u017c\u0105cych do grupy 1-szej narodowego programu szczepie\u0144 przyjmowane b\u0119d\u0105 drog\u0105 mailow\u0105 oraz telefoniczn\u0105. Do szczepienia mog\u0105 zg\u0142asza\u0107 si\u0119 wszyscy mieszka\u0144cy gminy kt\u00f3rzy nale\u017c\u0105 do wymienionych grup.<\/p>\n<p>Z wszystkimi ch\u0119tnymi b\u0119dziemy si\u0119 kontaktowa\u0107 telefonicznie i uzupe\u0142nia\u0107 dane oraz ustala\u0107 szczeg\u00f3\u0142y. Niezb\u0119dne i szczeg\u00f3\u0142owe informacje podane s\u0105 na stronie internetowej przychodni <a href=\"http:\/\/www.przychodniakrzczonow.pl\">www.przychodniakrzczonow.pl<\/a>.<br \/>\nLekarz koordynator Agata Krzywo\u0144<\/p>\n<p>Solenizantki, solenizant\u00f3w tego tygodnia oraz czcigodnych jubilat\u00f3w otaczamy nasz\u0105 modlitw\u0105 i powierzamy opiece Matki Bo\u017cej \u015anie\u017cnej. Wszystkim \u017cyczymy b\u0142ogos\u0142awionej niedzieli.<\/p>\n","protected":false},"excerpt":{"rendered":"<p>Dzi\u0119kujemy mieszka\u0144com 1. cz\u0119\u015bci roli Granica za posprz\u0105tanie \u015bwi\u0105tyni i porz\u0105dki wok\u00f3\u0142 ko\u015bcio\u0142a. W tym tygodniu o sprz\u0105tanie prosimy mieszka\u0144c\u00f3w 2. cz\u0119\u015bci tej roli. Renowacj\u0119 o\u0142tarza wsparli: Maria i Adam Gruszczyk z USA; ks. S\u0142awomir Filipek, nasz Rodak; Ewa i Bogus\u0142aw Kawo\u0144czyk; narzeczeni: Gabriela i Mariusz oraz Ma\u0142gorzata i Wies\u0142aw Bier\u00f3wka. B\u00f3g zap\u0142a\u0107. Dzi\u0119kujemy rodzicom [&hellip;]<\/p>\n","protected":false},"author":4,"featured_media":0,"comment_status":"closed","ping_status":"closed","sticky":false,"template":"","format":"standard","meta":{"footnotes":""},"categories":[6],"tags":[],"class_list":["post-8398","post","type-post","status-publish","format-standard","hentry","category-ogloszenia"],"_links":{"self":[{"href":"https:\/\/parafiatokarnia.pl\/index.php?rest_route=\/wp\/v2\/posts\/8398","targetHints":{"allow":["GET"]}}],"collection":[{"href":"https:\/\/parafiatokarnia.pl\/index.php?rest_route=\/wp\/v2\/posts"}],"about":[{"href":"https:\/\/parafiatokarnia.pl\/index.php?rest_route=\/wp\/v2\/types\/post"}],"author":[{"embeddable":true,"href":"https:\/\/parafiatokarnia.pl\/index.php?rest_route=\/wp\/v2\/users\/4"}],"replies":[{"embeddable":true,"href":"https:\/\/parafiatokarnia.pl\/index.php?rest_route=%2Fwp%2Fv2%2Fcomments&post=8398"}],"version-history":[{"count":4,"href":"https:\/\/parafiatokarnia.pl\/index.php?rest_route=\/wp\/v2\/posts\/8398\/revisions"}],"predecessor-version":[{"id":8403,"href":"https:\/\/parafiatokarnia.pl\/index.php?rest_route=\/wp\/v2\/posts\/8398\/revisions\/8403"}],"wp:attachment":[{"href":"https:\/\/parafiatokarnia.pl\/index.php?rest_route=%2Fwp%2Fv2%2Fmedia&parent=8398"}],"wp:term":[{"taxonomy":"category","embeddable":true,"href":"https:\/\/parafiatokarnia.pl\/index.php?rest_route=%2Fwp%2Fv2%2Fcategories&post=8398"},{"taxonomy":"post_tag","embeddable":true,"href":"https:\/\/parafiatokarnia.pl\/index.php?rest_route=%2Fwp%2Fv2%2Ftags&post=8398"}],"curies":[{"name":"wp","href":"https:\/\/api.w.org\/{rel}","templated":true}]}}