{"id":8236,"date":"2020-11-07T10:56:00","date_gmt":"2020-11-07T10:56:00","guid":{"rendered":"https:\/\/parafiatokarnia.pl\/?p=8236"},"modified":"2020-11-07T10:56:14","modified_gmt":"2020-11-07T10:56:14","slug":"8236","status":"publish","type":"post","link":"https:\/\/parafiatokarnia.pl\/?p=8236","title":{"rendered":"32. NIEDZIELA ZWYK\u0141A"},"content":{"rendered":"<p>Dzisiaj, solidaryzujemy si\u0119 w modlitwie z Ko\u015bcio\u0142em prze\u015bladowanym w r\u00f3\u017cnych cz\u0119\u015bciach \u015bwiata. Nie mo\u017cemy zapomina\u0107, \u017ce s\u0105 na \u015bwiecie kraje i narody, gdzie chrze\u015bcija\u0144stwo jest prze\u015bladowane, a wielu wyznawc\u00f3w Chrystusa p\u0142aci za wiar\u0119 najwy\u017csz\u0105 cen\u0119 \u2013 swoje \u017cycie. Ofiary sk\u0142adane dzisiaj do puszek przeznaczone s\u0105 na Fundusz Organizacji \u201eKo\u015bci\u00f3\u0142 w Potrzebie\u201d.<\/p>\n<p>Dzi\u0119kujemy mieszka\u0144com 2. cz\u0119\u015bci roli Bier\u00f3wki za posprz\u0105tanie \u015bwi\u0105tyni, porz\u0105dki wok\u00f3\u0142 ko\u015bcio\u0142a oraz za z\u0142o\u017con\u0105 ofiar\u0119 na ko\u015bci\u00f3\u0142 od ca\u0142ej roli. W tym tygodniu o sprz\u0105tanie prosimy mieszka\u0144c\u00f3w roli G\u0119bki, kt\u00f3r\u0105 podzielilismy na 3. cz\u0119\u015bci.<\/p>\n<p>Na renowacj\u0119 o\u0142tarza dar materialny z\u0142o\u017cyli: Anna Czarnul i pewna rodzina. B\u00f3g zap\u0142a\u0107! Dzi\u0119kujemy rodzicom Oskara Starmacha za ofiar\u0119 przeznaczon\u0105 na ko\u015bci\u00f3\u0142 z okazji chrztu. Za tydzie\u0144 z racji 3 niedzieli miesi\u0105ca, sk\u0142adka inwestycyjn przeznaczona na utrzymanie naszego ko\u015bcio\u0142a. Wszystkim Parafianom dzi\u0119kujemy za trosk\u0119 o pi\u0119kno naszej \u015bwi\u0105tyni.<\/p>\n<p>Dzi\u015b, po zako\u0144czonej mszy \u015bwi\u0119tej o godzinie 13.00 wystawimy Naj\u015bwi\u0119tszy Sakrament. Adoracja do godziny 15.00. B\u0119dziemy prosi\u0107 dobrego Boga o ustanie pandemii.<\/p>\n<p>Od 7 listopada obowi\u0105zuj\u0105 w Polsce nowe obostrzenia. Restrykcje dotycz\u0105 r\u00f3wnie\u017c ko\u015bcio\u0142\u00f3w, jako miejsc kultu religijnego. Wszyscy rozumiemy zagro\u017cenie, jakie niesie pandemia. Dlatego prosimy o stosowanie si\u0119 do zasad beziecze\u0144stwa: dezynfekowanie d\u0142oni, zas\u0142anianie ust i nosa maseczk\u0105 oraz zachowanie dystansu. W zwi\u0105zku z ograniczeniami, aby umo\u017cliwi\u0107 osobiste spotkanie z Chrystusem w Eucharystii, w sobot\u0119 opr\u00f3cz mszy \u015bw. o godz. 18:00 b\u0119dzie jeszcze dodatkowa msza \u015bwi\u0119ta o godz. 16:30.<\/p>\n<p>Kalendarz liturgiczny:<br \/>\nPoniedzia\u0142ek &#8211; \u015bwi\u0119to po\u015bwi\u0119cenia Bazyliki Latera\u0144skiej<br \/>\nWtorek \u2013 \u015bw. Leona Wielkiego, papie\u017ca<br \/>\n\u015aroda &#8211; \u015bw. Marcina z Tours, bpa<br \/>\nCzwartek &#8211; \u015bw. Jozafata, biskupa i m\u0119czennika<br \/>\nPi\u0105tek &#8211; \u015bwi\u0119tych pierwszych m\u0119czennik\u00f3w polskich; Benedykta, Jana, Mateusza, Izaaka i Krystyna<\/p>\n<p>11 listopada (\u015broda) o godzinie 11:00 zapraszamy na msz\u0119 \u015bw. w intencji Ojczyzny. Dzi\u015b kiedy nasza Ojczyzna targana jest pr\u00f3b\u0105 roz\u0142amu, potrzebna jest wzmo\u017cona modlitwa narodu, aby wszystkie strony spor\u00f3w odnalaz\u0142y pok\u00f3j w\u0142asnego wn\u0119trza, kt\u00f3ry poprowadzi do wzajemnego zrozumienia i jedno\u015bci w naszym kraju. Msza \u015bw. b\u0119dzie mia\u0142a tak\u017ce charakter ekspiacyjny za grzechy blu\u017anierstwa i \u015bwi\u0119tokradztwa, kt\u00f3rych dokonano w Polsce w miejscach \u015bwi\u0119tych w ostatnim czasie. Zach\u0119camy r\u00f3wnie\u017c do wywieszenia flagi narodowej w naszych domach.<\/p>\n<p>Przypominamy, \u017ce do 30 listopada w\u0142\u0105cznie mo\u017cna uzyska\u0107 codziennie odpust zupe\u0142ny za pobo\u017cne nawiedzenie cmentarza po\u0142\u0105czone z modlitw\u0105 (cho\u0107by my\u015bln\u0105). Odpust ten mo\u017cna ofiarowa\u0107 codziennie za jedn\u0105 dusz\u0119 w czy\u015b\u0107cu cierpi\u0105c\u0105.<\/p>\n<p>W ubieg\u0142\u0105 niedziel\u0119 wielu z nas skorzysta\u0142o z okazji, aby wesprze\u0107 materialnie rodzin\u0119 pogorzelc\u00f3w z Wi\u0119ci\u00f3rki, kt\u00f3ra w po\u017carze straci\u0142a wi\u0119kszo\u015b\u0107 swojego dobytku. Uzbierali\u015bmy 17.934.50 z\u0142 oraz 30 euro. Po raz kolejny pokazali\u015bmy, \u017ce razem, mo\u017cemy wi\u0119cej, \u017ce jeste\u015bmy wsp\u00f3lnot\u0105 mi\u0142o\u015bci, kt\u00f3rej dope\u0142nieniem jest mi\u0142osierdzie. Za dobro, kt\u00f3re zawsze wraca &#8211; w imieniu szcz\u0119\u015bliwej rodziny z Wi\u0119ci\u00f3rki &#8211; stokrotnie dzi\u0119kujemy.<\/p>\n<p>W pi\u0105tek odby\u0142 si\u0119 pogrzeb + Mieczys\u0142awa Zi\u0119by. Pole\u0107my naszego Zmar\u0142ego brata i wszystkich zmar\u0142ych Parafian Bo\u017cemu Mi\u0142osierdziu.<\/p>\n<p>Solenizantki, solenizant\u00f3w i jubilat\u00f3w otaczamy nasz\u0105 \u017cyczliwo\u015bci\u0105 i powierzamy opiece Matki Bo\u017cej. Wszystkim \u017cyczymy b\u0142ogos\u0142awionej niedzieli. Du\u017co zdrowia.<\/p>\n<p><strong>Og\u0142oszenie, o kt\u00f3re nas poproszono<\/strong><br \/>\nWojewoda Ma\u0142opolski zach\u0119ca do w\u0142\u0105czenia si\u0119 w organizowanie tzw. szpitali tymczasowych dla os\u00f3b chorych na COVID 19. O pomoc proszeni s\u0105 lekarze, piel\u0119gniarki, ratownicy i opiekunowie medyczni, salowe, pracownicy obs\u0142ugi technicznej i technicy elektroradiologii oraz inne osoby posiadaj\u0105ce podstawowe kompetencje w zakresie pomocy medycznej (przedstawiciele s\u0142u\u017cb mundurowych, studenci, harcerze i wolontariusze). Wszelkie niezb\u0119dne informacje oraz formularz kontaktowy znajduj\u0105 si\u0119 na stronie internetowej Ma\u0142opolskiego Urz\u0119du Wojew\u00f3dzkiego w Krakowie.<\/p>\n<h3 style=\"text-align: center;\">Modlitwa<br \/>\no ustanie pandemii koronawisrusa<\/h3>\n<p>Bo\u017ce Ojcze, Stw\u00f3rco \u015bwiata, wszechmog\u0105cy i mi\u0142osierny, kt\u00f3ry z mi\u0142o\u015bci do nas pos\u0142a\u0142e\u015b\u0301 na \u015bwiat swojego Syna jako lekarza dusz i cia\u0142, sp\u00f3jrz na swoje dzieci, kt\u00f3re w tym trudnym momencie niepewno\u015bci i l\u0119ku w wielu regionach Europy i \u015bwiata, zwracaj\u0105\u0328 si\u0119\u0328 do Ciebie szukaj\u0105c si\u0142y, zbawienia i pocieszenia.<\/p>\n<p>Uwolnij nas od chor\u00f3b i strachu, ulecz naszych chorych, pociesz ich rodziny, daj m\u0105dro\u015b\u0107\u0301 rz\u0105dz\u0105cym, energi\u0119 i si\u0142\u0119\u0328 lekarzom, piel\u0119gniarkom i wolontariuszom, \u017cycie wieczne zmar\u0142ym.<\/p>\n<p>Nie opuszczaj nas w chwili pr\u00f3by, ale uwolnij nas od wszelkiego z\u0142a. O to Ci\u0119\u0328 prosimy, kt\u00f3ry z Synem i Duchem \u015awi\u0119tym \u017cyjesz i kr\u00f3lujesz na wieki. Amen.<\/p>\n<p>Matko Bo\u017ca \u015anie\u017cna, m\u00f3dl si\u0119\u0328 za nami!<\/p>\n","protected":false},"excerpt":{"rendered":"<p>Dzisiaj, solidaryzujemy si\u0119 w modlitwie z Ko\u015bcio\u0142em prze\u015bladowanym w r\u00f3\u017cnych cz\u0119\u015bciach \u015bwiata. Nie mo\u017cemy zapomina\u0107, \u017ce s\u0105 na \u015bwiecie kraje i narody, gdzie chrze\u015bcija\u0144stwo jest prze\u015bladowane, a wielu wyznawc\u00f3w Chrystusa p\u0142aci za wiar\u0119 najwy\u017csz\u0105 cen\u0119 \u2013 swoje \u017cycie. Ofiary sk\u0142adane dzisiaj do puszek przeznaczone s\u0105 na Fundusz Organizacji \u201eKo\u015bci\u00f3\u0142 w Potrzebie\u201d. Dzi\u0119kujemy mieszka\u0144com 2. cz\u0119\u015bci [&hellip;]<\/p>\n","protected":false},"author":4,"featured_media":0,"comment_status":"closed","ping_status":"closed","sticky":false,"template":"","format":"standard","meta":{"footnotes":""},"categories":[6],"tags":[],"class_list":["post-8236","post","type-post","status-publish","format-standard","hentry","category-ogloszenia"],"_links":{"self":[{"href":"https:\/\/parafiatokarnia.pl\/index.php?rest_route=\/wp\/v2\/posts\/8236","targetHints":{"allow":["GET"]}}],"collection":[{"href":"https:\/\/parafiatokarnia.pl\/index.php?rest_route=\/wp\/v2\/posts"}],"about":[{"href":"https:\/\/parafiatokarnia.pl\/index.php?rest_route=\/wp\/v2\/types\/post"}],"author":[{"embeddable":true,"href":"https:\/\/parafiatokarnia.pl\/index.php?rest_route=\/wp\/v2\/users\/4"}],"replies":[{"embeddable":true,"href":"https:\/\/parafiatokarnia.pl\/index.php?rest_route=%2Fwp%2Fv2%2Fcomments&post=8236"}],"version-history":[{"count":2,"href":"https:\/\/parafiatokarnia.pl\/index.php?rest_route=\/wp\/v2\/posts\/8236\/revisions"}],"predecessor-version":[{"id":8238,"href":"https:\/\/parafiatokarnia.pl\/index.php?rest_route=\/wp\/v2\/posts\/8236\/revisions\/8238"}],"wp:attachment":[{"href":"https:\/\/parafiatokarnia.pl\/index.php?rest_route=%2Fwp%2Fv2%2Fmedia&parent=8236"}],"wp:term":[{"taxonomy":"category","embeddable":true,"href":"https:\/\/parafiatokarnia.pl\/index.php?rest_route=%2Fwp%2Fv2%2Fcategories&post=8236"},{"taxonomy":"post_tag","embeddable":true,"href":"https:\/\/parafiatokarnia.pl\/index.php?rest_route=%2Fwp%2Fv2%2Ftags&post=8236"}],"curies":[{"name":"wp","href":"https:\/\/api.w.org\/{rel}","templated":true}]}}