{"id":8148,"date":"2020-10-03T10:31:41","date_gmt":"2020-10-03T10:31:41","guid":{"rendered":"https:\/\/parafiatokarnia.pl\/?p=8148"},"modified":"2020-10-03T14:16:40","modified_gmt":"2020-10-03T14:16:40","slug":"27-niedziela-zwykla-4","status":"publish","type":"post","link":"https:\/\/parafiatokarnia.pl\/?p=8148","title":{"rendered":"27 NIEDZIELA ZWYK\u0141A"},"content":{"rendered":"<p>Dzisiejsza niedziela wypiera liturgiczne wspomnienie \u015awi\u0119tego Franciszka z Asy\u017cu. To imi\u0119 nosi r\u00f3wnie\u017c Papie\u017c Franciszek, wspomnijmy go w naszych modlitwach.<\/p>\n<p>Dzi\u0119kujemy mieszka\u0144com 2. cz\u0119\u015bci roli Dziubras Dolny za posprz\u0105tanie \u015bwi\u0105tyni i porz\u0105dki wok\u00f3\u0142 ko\u015bcio\u0142a. W tym tygodniu o sprz\u0105tanie ko\u015bcio\u0142a prosimy mieszka\u0144c\u00f3w 3. i zarazem ostatniej cz\u0119\u015bci tej roli. O\u0142tarz kwiatami przyozdobi\u0105 2 pary narzeczonych, kt\u00f3re w sobot\u0119 b\u0119d\u0105 mia\u0142y uroczysto\u015bci \u015blubne.<\/p>\n<p>Na renowacj\u0119 o\u0142tarza ofiar\u0119 z\u0142o\u017cyli: Zofia i Edward Zadora; Rodzina Molus z roli Molusy, Zofia i Jan Janiccy. Wszystkim darczy\u0144com sk\u0142adamy podzi\u0119kowania za trosk\u0119 o pi\u0119kno naszej \u015bwi\u0105tyni.<\/p>\n<p>Nabo\u017ce\u0144stwo r\u00f3\u017ca\u0144cowe odprawiamy codziennie o godzinie 17.15. W niedziel\u0119 o godzinie 15.00. Pami\u0119tajmy i przypominajmy innym, \u017ce za odm\u00f3wienie jednej cz\u0119\u015bci r\u00f3\u017ca\u0144ca, czyli pi\u0119ciu tajemnic w spos\u00f3b ci\u0105g\u0142y, mo\u017cna uzyska\u0107 odpust zupe\u0142ny.<\/p>\n<p>W nast\u0119pn\u0105 niedziel\u0119, tj. 11 pa\u017adziernika b\u0119dziemy obchodzili 20. Dzie\u0144 Papieski pod has\u0142em: \u201eTotus Tuus\u201d (Ca\u0142y Tw\u00f3j). Po mszach \u015bwi\u0119tych odb\u0119dzie si\u0119 przed ko\u015bcio\u0142em dobrowolna kwesta do puszek, z kt\u00f3rej ca\u0142y doch\u00f3d zostanie przeznaczony na sfinansowanie stypendi\u00f3w dla stypendyst\u00f3w Fundacji \u201eDzie\u0142o Nowego Tysi\u0105clecia\u201d.<\/p>\n<p>W dzie\u0144 liturgicznego wspomnienia \u015bw. Jana Paw\u0142a II, 22 pa\u017adziernika, Trybuna\u0142 Konstytucyjny zbada zgodno\u015b\u0107 tzw.przes\u0142anki eugenicznej z Konstytucj\u0105 Rzeczypospolitej Polskiej, czyli zdecyduje, czy wolno zabija\u0107 chore dzieci nienarodzone. Metropolita Krakowski abp Marek J\u0119draszewski prosi, aby podczas nabo\u017ce\u0144stwa r\u00f3\u017ca\u0144cowego codziennie modli\u0107 si\u0119 w intencji obrony \u017cycia. Od 13 do 22 pa\u017adziernika w naszej \u015bwi\u0105tyni b\u0119dziemy odprawia\u0107 w tej intencji Nowenn\u0119 za przyczyn\u0105 \u015bw. Jana Paw\u0142a II.<\/p>\n<p>Kalendarz liturgiczny:<br \/>\nJutro \u2013 wspomnienie \u015bw. Faustyny Kowalskiej, dziewicy<br \/>\n\u015aroda &#8211; wspomnienie Naj\u015bwi\u0119tszej Maryi Panny R\u00f3\u017ca\u0144cowej<br \/>\nPi\u0105tek \u2013 wspomnienie b\u0142. Wincentego Kad\u0142ubka, biskupa<\/p>\n<p><span style=\"color: #ff0000;\">Z powodu zwi\u0119kszaj\u0105cej si\u0119 liczby chorych na koronawirusa oraz obj\u0119cia powiatu my\u015blenickiego stref\u0105 czerwon\u0105, prosimy o przestrzeganie obowi\u0105zuj\u0105cych z tej racji zasad. W naszym dekanacie stwierdzono koronawirusa u jednego z kap\u0142an\u00f3w, kt\u00f3ry w chwili obecnej przebywa w szpitalu.<\/span><\/p>\n<p><span style=\"color: #ff0000;\">Wszystkie osoby przebywaj\u0105ce w czerwonej strefie musz\u0105 pami\u0119ta\u0107 o obowi\u0105zku zakrywania ust i nosa w przestrzeni publicznej. Dotyczy to zar\u00f3wno pomieszcze\u0144, jak i przestrzeni otwartej. Noszenie maski lub innej przes\u0142ony obowi\u0105zkowe jest nawet przy zachowaniu odpowiedniego dystansu od innych os\u00f3b.<\/span><\/p>\n<p><span style=\"color: #ff0000;\">Czerwona strefa nak\u0142ada obowi\u0105zek przestrzeganie limit\u00f3w. Dotyczy to tak\u017ce ko\u015bcio\u0142\u00f3w, w kt\u00f3rych podczas mszy \u015bwi\u0119tej ob\u0142o\u017cenie budynku \u015bwi\u0105tyni nie mo\u017ce przekracza\u0107 50 procent, a wszyscy uczestnicy \u2013 poza sprawuj\u0105cymi kult kap\u0142anami &#8211; musz\u0105 zas\u0142ania\u0107 nos i usta.<\/span><\/p>\n<p><span style=\"color: #ff0000;\">W przypadku wydarze\u0144 religijnych odbywaj\u0105cych si\u0119 na zewn\u0105trz trzeba zachowa\u0107 dystans (min. 1,5 m od innych os\u00f3b) lub zakrywa\u0107 usta i nos. W tego typu wydarzeniach mo\u017ce bra\u0107 udzia\u0142 maksymalnie 150 os\u00f3b.<\/span><\/p>\n<p><span style=\"color: #ff0000;\">Pami\u0119tajmy: maseczka, cz\u0119sta dezynfekcja r\u0105k oraz dystans spo\u0142eczny nie uchroni\u0105 nas i innych ca\u0142kowicie przed zaka\u017ceniem, ale w du\u017cym stopniu zmniejszaj\u0105 jego zagro\u017cenie. Dlatego starajmy si\u0119 w pokorze stosowa\u0107 do zasad bezpiecze\u0144stwa epidemiologicznego.<\/span><\/p>\n<p>Apelujemy tak\u017ce do Senior\u00f3w o ostro\u017cno\u015b\u0107 i rozs\u0105dek w kontaktach z osobami obcymi, kt\u00f3re mog\u0105 podawa\u0107 si\u0119 za naszych krewnych lub policjant\u00f3w. W przypadku jakichkolwiek podejrze\u0144, \u017ce mo\u017ce to by\u0107 pr\u00f3ba wy\u0142udzenia pieni\u0119dzy prosimy o natychmiastowe powiadomienie Policji dzwoni\u0105c pod numer 112<\/p>\n<p>W ubieg\u0142ym tygodniu do Domu Ojca odeszli: + Janina \u0141opata i + J\u00f3zef Barglik. Pole\u0107my naszych Zmar\u0142ych Parafian Bo\u017cemu Mi\u0142osierdziu.<\/p>\n<p>Wszystkim Solenizantkom, Solenizantom tego tygodnia i Jubilatom sk\u0142adamy najserdeczniejsze \u017cyczenia wraz z modlitw\u0105.<\/p>\n","protected":false},"excerpt":{"rendered":"<p>Dzisiejsza niedziela wypiera liturgiczne wspomnienie \u015awi\u0119tego Franciszka z Asy\u017cu. To imi\u0119 nosi r\u00f3wnie\u017c Papie\u017c Franciszek, wspomnijmy go w naszych modlitwach. Dzi\u0119kujemy mieszka\u0144com 2. cz\u0119\u015bci roli Dziubras Dolny za posprz\u0105tanie \u015bwi\u0105tyni i porz\u0105dki wok\u00f3\u0142 ko\u015bcio\u0142a. W tym tygodniu o sprz\u0105tanie ko\u015bcio\u0142a prosimy mieszka\u0144c\u00f3w 3. i zarazem ostatniej cz\u0119\u015bci tej roli. O\u0142tarz kwiatami przyozdobi\u0105 2 pary narzeczonych, [&hellip;]<\/p>\n","protected":false},"author":4,"featured_media":0,"comment_status":"closed","ping_status":"closed","sticky":false,"template":"","format":"standard","meta":{"footnotes":""},"categories":[6],"tags":[],"class_list":["post-8148","post","type-post","status-publish","format-standard","hentry","category-ogloszenia"],"_links":{"self":[{"href":"https:\/\/parafiatokarnia.pl\/index.php?rest_route=\/wp\/v2\/posts\/8148","targetHints":{"allow":["GET"]}}],"collection":[{"href":"https:\/\/parafiatokarnia.pl\/index.php?rest_route=\/wp\/v2\/posts"}],"about":[{"href":"https:\/\/parafiatokarnia.pl\/index.php?rest_route=\/wp\/v2\/types\/post"}],"author":[{"embeddable":true,"href":"https:\/\/parafiatokarnia.pl\/index.php?rest_route=\/wp\/v2\/users\/4"}],"replies":[{"embeddable":true,"href":"https:\/\/parafiatokarnia.pl\/index.php?rest_route=%2Fwp%2Fv2%2Fcomments&post=8148"}],"version-history":[{"count":2,"href":"https:\/\/parafiatokarnia.pl\/index.php?rest_route=\/wp\/v2\/posts\/8148\/revisions"}],"predecessor-version":[{"id":8154,"href":"https:\/\/parafiatokarnia.pl\/index.php?rest_route=\/wp\/v2\/posts\/8148\/revisions\/8154"}],"wp:attachment":[{"href":"https:\/\/parafiatokarnia.pl\/index.php?rest_route=%2Fwp%2Fv2%2Fmedia&parent=8148"}],"wp:term":[{"taxonomy":"category","embeddable":true,"href":"https:\/\/parafiatokarnia.pl\/index.php?rest_route=%2Fwp%2Fv2%2Fcategories&post=8148"},{"taxonomy":"post_tag","embeddable":true,"href":"https:\/\/parafiatokarnia.pl\/index.php?rest_route=%2Fwp%2Fv2%2Ftags&post=8148"}],"curies":[{"name":"wp","href":"https:\/\/api.w.org\/{rel}","templated":true}]}}