{"id":7987,"date":"2020-07-19T19:38:21","date_gmt":"2020-07-19T19:38:21","guid":{"rendered":"https:\/\/parafiatokarnia.pl\/?p=7987"},"modified":"2020-08-01T19:42:16","modified_gmt":"2020-08-01T19:42:16","slug":"16-niedziela-zwykla-5","status":"publish","type":"post","link":"https:\/\/parafiatokarnia.pl\/?p=7987","title":{"rendered":"16. NIEDZIELA ZWYK\u0141A"},"content":{"rendered":"<p>Dzi\u0119kujemy mieszka\u0144com 2. cz\u0119\u015bci r\u00f3l: Jurczaki, Debenosy i Kud\u0142y za posprz\u0105tanie \u015bwi\u0105tyni, porz\u0105dki wok\u00f3\u0142 ko\u015bcio\u0142a oraz za z\u0142o\u017con\u0105 ofiar\u0119 na ko\u015bci\u00f3\u0142. O porz\u0105dki w tym tygodniu prosimy mieszka\u0144c\u00f3w roli Blychy.<\/p>\n<p>B\u00f3g zap\u0142a\u0107 rodzicom Wiktorii Dyrcz za ofiar\u0119 na ko\u015bci\u00f3\u0142 oraz wszystkim darczy\u0144com za ofiary z\u0142o\u017cone podczas dzisiejszej sk\u0142adki inwestycyjnej. Ko\u0144cem lipca rozpoczynamy budow\u0119 instalacji fotowoltaicznej. Instalacja ta pozwoli nam nie tylko obni\u017cy\u0107 rachunki za pr\u0105d, ale tak\u017ce wp\u0142ynie wymiernie na ochron\u0119 \u015brodowiska naturalnego.<\/p>\n<p>Kalendarz liturgiczny:<br \/>\n\u015aroda \u2013 \u015bwi\u0119to \u015bw. Marii Magdaleny<br \/>\nCzwartek \u2013 \u015bwi\u0119to \u015bw. Brygidy, zakonnicy, patronki Europy<br \/>\nPi\u0105tek \u2013 wspomnienie \u015bw. Kingi, dziewicy<br \/>\nSobota \u015bwi\u0119to \u015bw. Jakuba, aposto\u0142a. Z tej racji w przysz\u0142\u0105 niedziel\u0119, po ka\u017cdej mszy \u015bwi\u0119tej b\u0142ogos\u0142awie\u0144stwo pojazd\u00f3w mechanicznych.<br \/>\nWszystkim solenizantkom i solenizantom tego tygodnia sk\u0142adamy najserdeczniejsze \u017cyczenia.<\/p>\n<p>Przypominamy, \u017ce w poniedzia\u0142ki, \u015brody, pi\u0105tki i soboty, msza \u015bw. odprawiana jest o godzinie 18.00. We wtorki i czwartki o godz. 7.00. Intencje mszalne, zw\u0142aszcza pogrzebowe, przekazane wcze\u015bniej rodzinom Zmar\u0142ych, a kt\u00f3re zosta\u0142y rozpisane we wtorki i czwartki na wiecz\u00f3r, b\u0119d\u0105 odprawione o godz. 7.00. Okazja do spowiedzi \u015bwi\u0119tej, codziennie, 15 minut przed ka\u017cd\u0105 msz\u0105 \u015bwi\u0119t\u0105, tak\u017ce w niedziel\u0119.<\/p>\n<p>Porz\u0105dek mszy \u015bw. w niedziel\u0119: godz. 7.00, 9.00, 11.00 i 15.30.<\/p>\n<p>W ubieg\u0142ym tygodniu odby\u0142 si\u0119 pogrzeb + Krystyny Winter. Pole\u0107my nasz\u0105 Zmar\u0142\u0105 Siostr\u0119 Bo\u017cemu Mi\u0142osierdziu.<\/p>\n<p>Wszystkim \u017cyczymy dobrego tygodnia i b\u0142ogos\u0142awionego czasu wakacji.<\/p>\n","protected":false},"excerpt":{"rendered":"<p>Dzi\u0119kujemy mieszka\u0144com 2. cz\u0119\u015bci r\u00f3l: Jurczaki, Debenosy i Kud\u0142y za posprz\u0105tanie \u015bwi\u0105tyni, porz\u0105dki wok\u00f3\u0142 ko\u015bcio\u0142a oraz za z\u0142o\u017con\u0105 ofiar\u0119 na ko\u015bci\u00f3\u0142. O porz\u0105dki w tym tygodniu prosimy mieszka\u0144c\u00f3w roli Blychy. B\u00f3g zap\u0142a\u0107 rodzicom Wiktorii Dyrcz za ofiar\u0119 na ko\u015bci\u00f3\u0142 oraz wszystkim darczy\u0144com za ofiary z\u0142o\u017cone podczas dzisiejszej sk\u0142adki inwestycyjnej. Ko\u0144cem lipca rozpoczynamy budow\u0119 instalacji fotowoltaicznej. [&hellip;]<\/p>\n","protected":false},"author":4,"featured_media":0,"comment_status":"closed","ping_status":"closed","sticky":false,"template":"","format":"standard","meta":{"footnotes":""},"categories":[6],"tags":[],"class_list":["post-7987","post","type-post","status-publish","format-standard","hentry","category-ogloszenia"],"_links":{"self":[{"href":"https:\/\/parafiatokarnia.pl\/index.php?rest_route=\/wp\/v2\/posts\/7987","targetHints":{"allow":["GET"]}}],"collection":[{"href":"https:\/\/parafiatokarnia.pl\/index.php?rest_route=\/wp\/v2\/posts"}],"about":[{"href":"https:\/\/parafiatokarnia.pl\/index.php?rest_route=\/wp\/v2\/types\/post"}],"author":[{"embeddable":true,"href":"https:\/\/parafiatokarnia.pl\/index.php?rest_route=\/wp\/v2\/users\/4"}],"replies":[{"embeddable":true,"href":"https:\/\/parafiatokarnia.pl\/index.php?rest_route=%2Fwp%2Fv2%2Fcomments&post=7987"}],"version-history":[{"count":1,"href":"https:\/\/parafiatokarnia.pl\/index.php?rest_route=\/wp\/v2\/posts\/7987\/revisions"}],"predecessor-version":[{"id":7988,"href":"https:\/\/parafiatokarnia.pl\/index.php?rest_route=\/wp\/v2\/posts\/7987\/revisions\/7988"}],"wp:attachment":[{"href":"https:\/\/parafiatokarnia.pl\/index.php?rest_route=%2Fwp%2Fv2%2Fmedia&parent=7987"}],"wp:term":[{"taxonomy":"category","embeddable":true,"href":"https:\/\/parafiatokarnia.pl\/index.php?rest_route=%2Fwp%2Fv2%2Fcategories&post=7987"},{"taxonomy":"post_tag","embeddable":true,"href":"https:\/\/parafiatokarnia.pl\/index.php?rest_route=%2Fwp%2Fv2%2Ftags&post=7987"}],"curies":[{"name":"wp","href":"https:\/\/api.w.org\/{rel}","templated":true}]}}