{"id":7920,"date":"2020-06-06T14:51:50","date_gmt":"2020-06-06T14:51:50","guid":{"rendered":"https:\/\/parafiatokarnia.pl\/?p=7920"},"modified":"2020-06-06T18:02:42","modified_gmt":"2020-06-06T18:02:42","slug":"7920","status":"publish","type":"post","link":"https:\/\/parafiatokarnia.pl\/?p=7920","title":{"rendered":"NIEDZIELA PRZENAJ\u015aWI\u0118TSZEJ TR\u00d3JCY"},"content":{"rendered":"<p>Obchodzimy uroczysto\u015b\u0107 Naj\u015bwi\u0119tszej Tr\u00f3jcy. To pierwsza niedziela miesi\u0105ca. Po mszy \u015bw. adoracja Naj\u015bwi\u0119tszego Sakramentu. Dzi\u015b w naszej Archidiecezji ko\u0144czy si\u0119 okres komunii wielkanocnej.<\/p>\n<p>Dzi\u0119kujemy mieszka\u0144com 1. cz\u0119\u015bci roli Dzia\u0142 Ni\u017cny za posprz\u0105tanie \u015bwi\u0105tyni, porz\u0105dki wok\u00f3\u0142 ko\u015bcio\u0142a oraz za z\u0142o\u017con\u0105 ofiar\u0119 na ko\u015bci\u00f3\u0142. O porz\u0105dki w tym tygodniu prosimy mieszka\u0144c\u00f3w 2. cz\u0119\u015bci tej roli.<\/p>\n<p>B\u00f3g zap\u0142a\u0107 wszystkim darczy\u0144com za ofiary przeznaczone na utrzymanie naszego ko\u015bcio\u0142a, kt\u00f3re zosta\u0142y przekazane osobi\u015bcie lub poprzez wp\u0142at\u0119 na konto parafialne.<\/p>\n<p>Dzi\u0119kujemy Arcybractwu Honorowej Stra\u017cy Pana Jezusa za ufundowanie czterech \u015bwiec o\u0142tarzowych oraz figury Naj\u015bwi\u0119tszego Serca Pana Jezusa, kt\u00f3ra stanowi dekoracj\u0119 o\u0142tarza podczas nabo\u017ce\u0144stw czerwcowych. Przy okazji informujemy, \u017ce uroczyste przyj\u0119cie nowych cz\u0142onk\u00f3w do Honorowej Stra\u017cy Naj\u015bwi\u0119tszego Serca Pana Jezusa odb\u0119dzie si\u0119 20 czerwca. Zapisy ch\u0119tnych u p. Anny Hanusiak.<\/p>\n<p>B\u00f3g zap\u0142a\u0107 El\u017cbiecie i J\u00f3zefowi Luberda za ofiar\u0119 przeznaczon\u0105 na pokrycie koszt\u00f3w zwi\u0105zanych z renowacj\u0105 obrazu Jezu ufam Tobie w Kaplicy Mi\u0142osierdzia.<\/p>\n<p>W miniony poniedzia\u0142ek ks. bp Janusz Mastalski udzieli\u0142 sakramentu bierzmowania w naszej parafii. M\u0142odzie\u017cy \u017cyczymy odwagi w wyznawaniu wiary oraz pomy\u015blno\u015bci w czasie egzamin\u00f3w. Dzi\u0119kujemy rodzicom za dar dla parafii w postaci pi\u0119knych mosi\u0119\u017cnych r\u0119cznie wykonanych dw\u00f3ch lamp procesyjnych (kandelabr\u00f3w), kt\u00f3re b\u0119dziemy mogli ju\u017c zobaczy\u0107 w czasie procesji Bo\u017cego Cia\u0142a.<\/p>\n<p>Kalendarz liturgiczny:<br \/>\nPoniedzia\u0142ek &#8211; wspomnienie \u015bw. Jadwigi, kr\u00f3lowej.<br \/>\nPi\u0105tek &#8211; wspomnienie b\u0142. Piotra Da\u0144kowskiego, prezbitera i m\u0119czennika II wojny \u015bwiatowej i Towarzyszy.<br \/>\nSobota &#8211; wspomnienie \u015bw. Antoniego z Padwy, prezbitera i dra Ko\u015bcio\u0142a.<\/p>\n<p>We wtorek o godzinie 15.00 zbi\u00f3rka ministrant\u00f3w i lektor\u00f3w. Obecno\u015b\u0107 obowi\u0105zkowa.<\/p>\n<p>Co prawda limit uczestnicz\u0105cych w nabo\u017ce\u0144stwach zosta\u0142 zniesiony, ale w dalszym ci\u0105gu obowi\u0105zuje ka\u017cdego z nas zdrowy rozs\u0105dek, poczucie odpowiedzialno\u015bci za zdrowie i \u017cycie swoje i innych oraz stosowanie si\u0119 do zalece\u0144 sanitarnych (zas\u0142anianie ust i nosa oraz korzystanie z p\u0142yn\u00f3w dezynfekuj\u0105cych).<\/p>\n<p>W czwartek, Bo\u017ce Cia\u0142o. Msze \u015bw. w naszym ko\u015bciele o godzinie 7.00, 9.00, 10.00 i 15.30.<\/p>\n<p>Metropolita krakowski w swoim dekrecie zach\u0119ci\u0142 duszpasterzy, \u201eaby, jak co roku organizowali procesje Bo\u017cego Cia\u0142a do czterech o\u0142tarzy\u201d.<\/p>\n<p>Uwzgl\u0119dniaj\u0105c rekomendacj\u0119 zawart\u0105 w dekrecie abp. Marka J\u0119draszewskiego, w czwartek, w Uroczysto\u015b\u0107 Naj\u015bwi\u0119tszego Cia\u0142a i Krwi Chrystusa &#8211; po mszy \u015bw. o godzinie 10.00 &#8211; organizujemy z zachowaniem wymaganych \u015brodk\u00f3w bezpiecze\u0144stwa tradycyjn\u0105 procesj\u0119 eucharystyczn\u0105 do czterech o\u0142tarzy. Prosimy o zachowanie i utrzymywanie odpowiednich odleg\u0142o\u015bci mi\u0119dzy uczestnikami procesji.<\/p>\n<p>W tym roku o\u0142tarze przygotuj\u0105: 1 \u2013 przed cmentarzem: mieszka\u0144cy roli Osiedle; 2 \u2013 od strony Wi\u0119cierzy obok cukierni: mieszka\u0144cy r\u00f3l: Madonie, Kusiki i Mizery; 3 \u2013 o\u0142tarz ko\u0142o Remizy: mieszka\u0144cy r\u00f3l: Jurczaki i Debenosy; 4 \u2013 o\u0142tarz przy dzwonnicy przygotuje Arcybractwo Honorowej Stra\u017cy NSPJ.<\/p>\n<p>Zapraszamy orkiestr\u0119 d\u0119t\u0105 OSP; naszych druh\u00f3w-stra\u017cak\u00f3w w strojach galowych; dziewczynki do sypania kwiat\u00f3w; ch\u0142opc\u00f3w z dzwoneczkami; poczty sztandarowe; panie nosz\u0105ce feretrony, figury i r\u00f3\u017caniec; Kliszczak\u00f3w w strojach regionalnych i ca\u0142e rodziny.<\/p>\n<p>Zadbajmy o dekoracje okien na trasie procesji. Najbardziej uczcimy Chrystusa przyjmuj\u0105c Go w Komunii \u015awi\u0119tej. Niech procesja zjednoczy nas we wsp\u00f3lnym wyznaniu naszej wiary. Prosimy naszych stra\u017cak\u00f3w o pomoc w zabezpieczeniu ruchu drogowego.<\/p>\n<p>Od nast\u0119pnej niedzieli (14 czerwca) wracamy do ustalonego porz\u0105dku nabo\u017ce\u0144stw sprzed pandemii. Msze \u015bw. o godz. 7.00, 9.00, 11.00 i 15.30. Nabo\u017ce\u0144stwo czerwcowe w niedziel\u0119 o godz. 15.00, w tygodniu o godz. 17.15.<\/p>\n<p>W pi\u0105tek odby\u0142 si\u0119 pogrzeb + Krzysztofa Romaniaka. Pole\u0107my w modlitwach naszego zmar\u0142ego brata Bo\u017cemu Mi\u0142osierdziu.<\/p>\n<p>Zbawiciel zapewnia: \u201eTak B\u00f3g umi\u0142owa\u0142 \u015bwiat, \u017ce Syna swego Jednorodzonego da\u0142, aby ka\u017cdy kto w Niego wierzy mia\u0142 \u017cycie wieczne\u201d. Niech Jego obecno\u015b\u0107 pomaga nam zachowa\u0107 niezachwian\u0105 nadziej\u0119 zbawienia.<\/p>\n","protected":false},"excerpt":{"rendered":"<p>Obchodzimy uroczysto\u015b\u0107 Naj\u015bwi\u0119tszej Tr\u00f3jcy. To pierwsza niedziela miesi\u0105ca. Po mszy \u015bw. adoracja Naj\u015bwi\u0119tszego Sakramentu. Dzi\u015b w naszej Archidiecezji ko\u0144czy si\u0119 okres komunii wielkanocnej. Dzi\u0119kujemy mieszka\u0144com 1. cz\u0119\u015bci roli Dzia\u0142 Ni\u017cny za posprz\u0105tanie \u015bwi\u0105tyni, porz\u0105dki wok\u00f3\u0142 ko\u015bcio\u0142a oraz za z\u0142o\u017con\u0105 ofiar\u0119 na ko\u015bci\u00f3\u0142. O porz\u0105dki w tym tygodniu prosimy mieszka\u0144c\u00f3w 2. cz\u0119\u015bci tej roli. B\u00f3g zap\u0142a\u0107 [&hellip;]<\/p>\n","protected":false},"author":4,"featured_media":0,"comment_status":"closed","ping_status":"closed","sticky":false,"template":"","format":"standard","meta":{"footnotes":""},"categories":[6],"tags":[],"class_list":["post-7920","post","type-post","status-publish","format-standard","hentry","category-ogloszenia"],"_links":{"self":[{"href":"https:\/\/parafiatokarnia.pl\/index.php?rest_route=\/wp\/v2\/posts\/7920","targetHints":{"allow":["GET"]}}],"collection":[{"href":"https:\/\/parafiatokarnia.pl\/index.php?rest_route=\/wp\/v2\/posts"}],"about":[{"href":"https:\/\/parafiatokarnia.pl\/index.php?rest_route=\/wp\/v2\/types\/post"}],"author":[{"embeddable":true,"href":"https:\/\/parafiatokarnia.pl\/index.php?rest_route=\/wp\/v2\/users\/4"}],"replies":[{"embeddable":true,"href":"https:\/\/parafiatokarnia.pl\/index.php?rest_route=%2Fwp%2Fv2%2Fcomments&post=7920"}],"version-history":[{"count":8,"href":"https:\/\/parafiatokarnia.pl\/index.php?rest_route=\/wp\/v2\/posts\/7920\/revisions"}],"predecessor-version":[{"id":7928,"href":"https:\/\/parafiatokarnia.pl\/index.php?rest_route=\/wp\/v2\/posts\/7920\/revisions\/7928"}],"wp:attachment":[{"href":"https:\/\/parafiatokarnia.pl\/index.php?rest_route=%2Fwp%2Fv2%2Fmedia&parent=7920"}],"wp:term":[{"taxonomy":"category","embeddable":true,"href":"https:\/\/parafiatokarnia.pl\/index.php?rest_route=%2Fwp%2Fv2%2Fcategories&post=7920"},{"taxonomy":"post_tag","embeddable":true,"href":"https:\/\/parafiatokarnia.pl\/index.php?rest_route=%2Fwp%2Fv2%2Ftags&post=7920"}],"curies":[{"name":"wp","href":"https:\/\/api.w.org\/{rel}","templated":true}]}}