{"id":7768,"date":"2020-04-20T07:51:48","date_gmt":"2020-04-20T07:51:48","guid":{"rendered":"https:\/\/parafiatokarnia.pl\/?p=7768"},"modified":"2020-04-20T07:52:28","modified_gmt":"2020-04-20T07:52:28","slug":"list-rektora-upjpii-w-krakowie-na-drugi-dzien-swiat-zmartwychwstania-panskiego-2020","status":"publish","type":"post","link":"https:\/\/parafiatokarnia.pl\/?p=7768","title":{"rendered":"List Rektora UPJPII w Krakowie na drugi dzie\u0144 \u015bwi\u0105t Zmartwychwstania Pa\u0144skiego 2020"},"content":{"rendered":"<p>Drodzy Siostry i Bracia!<\/p>\n<p>Kobiety w dzisiejszej Ewangelii oddali\u0142y si\u0119 od grobu Jezusa \u201e<em>z boja\u017ani\u0105 \u2028i wielk\u0105 rado\u015bci\u0105<\/em>\u201d. Ich poranne przybycie do Aposto\u0142\u00f3w z dobr\u0105 nowin\u0105 wyra\u017ca wszystkie te prze\u017cycia, kt\u00f3re Ko\u015bci\u00f3\u0142 od wiek\u00f3w wy\u015bpiewuje w staro\u017cytnej pie\u015bni Exsultet: \u201e<em>Raduj si\u0119, ziemio, opromieniona tak niezmiernym blaskiem, a o\u015bwiecona jasno\u015bci\u0105 Kr\u00f3la wiek\u00f3w, poczuj, \u017ce wolna jeste\u015b od mroku, co \u015bwiat okrywa<\/em>!\u201d. Zmartwychwsta\u0142y Pan rozproszy\u0142 ciemno\u015bci grzechu i \u015bmierci, daj\u0105c pocz\u0105tek promieniowaniu \u015bwi\u0119to\u015bci swego Ko\u015bcio\u0142a. Odt\u0105d \u015bwi\u0119ci s\u0105 dla nas jak ko\u015bcielny witra\u017c roz\u015bwietlony blaskiem Bo\u017cej \u0142aski. Szczeg\u00f3lnym \u015bwiadkiem przemieniaj\u0105cego dzia\u0142ania Chrystusowej mi\u0142o\u015bci by\u0142 i pozostaje dla \u015bwiata \u015bwi\u0119ty Jan Pawe\u0142 II, kt\u00f3rego stulecie urodzin obchodzimy w tym roku. Nie jest przypadkiem, \u017ce wyprodukowany przez Uniwersytet Papieski Jana Paw\u0142a II wraz z Telewizj\u0105 Polsk\u0105 jubileuszowy film o \u017cyciu intelektualnym polskiego Papie\u017ca nosi tytu\u0142: Lubi\u0119 patrze\u0107 jak wschodzi s\u0142o\u0144ce. S\u0105 to s\u0142owa naszego \u015bwi\u0119tego Patrona, kt\u00f3re ukazuj\u0105 jego wielkanocn\u0105 duchowo\u015b\u0107 \u2028i pozwalaj\u0105 przeczu\u0107, jak bardzo \u015bwiat\u0142o wiary i \u015bwiat\u0142o rozumu, niczym dwa skrzyd\u0142a, wznosi\u0142y go stale ku kontemplowaniu Boga i Jego prawdy.<\/p>\n<p>Z wielkiego dziedzictwa duchowego i intelektualnego Jana Paw\u0142a II stale korzysta Uniwersytet Papieski, \u015bwiadomy zaci\u0105gni\u0119tego wobec swego Patrona d\u0142ugu, kt\u00f3ry jest zar\u00f3wno darem, jak i zadaniem. \u015awi\u0119ty Papie\u017c jest zwi\u0105zany z nasz\u0105 Uczelni\u0105 najpierw przez rozpocz\u0119te w 1942 roku studia na Wydziale Teologicznym Uniwersytetu Jagiello\u0144skiego, odbywane w ramach dzia\u0142aj\u0105cego w konspiracji krakowskiego seminarium duchownego. Jako niezwykle uzdolniony student ju\u017c \u2028w 1945 roku podj\u0105\u0142 obowi\u0105zki m\u0142odszego asystenta na Wydziale. Po studiach doktoranckich w Rzymie, p\u00f3\u017aniejszy \u015bwi\u0119ty powr\u00f3ci\u0142 do Krakowa. W\u0142adze komunistyczne w nast\u0119pnym roku zlikwidowa\u0142y Wydzia\u0142, kt\u00f3ry przetrwa\u0142 \u2028w strukturach archidiecezji dzi\u0119ki decyzji Stolicy Apostolskiej. Jednak to w\u0142a\u015bnie Karolowi Wojtyle \u2013 jako arcybiskupowi krakowskiemu \u2013 zawdzi\u0119czamy zar\u00f3wno nadanie przez Kongregacj\u0119 Wychowania Katolickiego w 1974 roku Wydzia\u0142owi tytu\u0142u \u201ePapieski\u201d, jak i dalszy rozw\u00f3j naszej Uczelni. Jako Wielki Kanclerz Wydzia\u0142u troszczy\u0142 si\u0119 on o jego ilo\u015bciowy i jako\u015bciowy wzrost, czego ukoronowaniem by\u0142o powo\u0142anie przez niego, ju\u017c jako Ojca \u015awi\u0119tego, Papieskiej Akademii Teologicznej \u2028w 1981 roku. R\u00f3wnie\u017c uznanie Krakowskiej Uczelni Teologicznej przez w\u0142adz\u0119 pa\u0144stwow\u0105 w 1989 roku by\u0142o poprzedzone d\u0142ugoletnimi wysi\u0142kami zmierzaj\u0105cymi do zatwierdzania nadawanych stopni i tytu\u0142\u00f3w, kt\u00f3re wcze\u015bniej podejmowa\u0142 g\u0142\u00f3wnie nasz \u015bwi\u0119ty Patron. W dokumencie powo\u0142uj\u0105cym Papiesk\u0105 Akademi\u0119 Teologiczn\u0105 Jan Pawe\u0142 II stwierdzi\u0142, \u017ce czyni to \u201emaj\u0105c na uwadze przysz\u0142y rozw\u00f3j Uczelni\u201d. Pod koniec pontyfikatu \u015bwi\u0119ty Papie\u017c dostrzega\u0142, \u017ce Akademia dojrza\u0142a do przekszta\u0142cenia si\u0119 w uniwersytet. Uczyni\u0142 to papie\u017c Benedykt XVI w 2009 roku dla uczczenia swego znakomitego Poprzednika. Wobec tak wielkiego wk\u0142adu w nasze dzieje jest oczywiste, \u017ce ca\u0142a spo\u0142eczno\u015b\u0107 Uczelni zachowuje we wdzi\u0119cznej pami\u0119ci wszystko, co dla niej uczyni\u0142 Jan Pawe\u0142 II Wielki. Jego wk\u0142ad to jednak nie tylko decyzje administracyjne. Pozostawi\u0142 nam ogromne dziedzictwo swej my\u015bli, do kt\u00f3rego stale pragniemy si\u0119 odwo\u0142ywa\u0107.<\/p>\n<p>Uniwersytet Papieski, cho\u0107 zg\u0142\u0119bia i przekazuje nauczanie \u015bwi\u0119tego Papie\u017ca na wszystkich swoich wydzia\u0142ach, powo\u0142a\u0142 te\u017c O\u015brodek Bada\u0144 nad My\u015bl\u0105 Jana Paw\u0142a\u00a0 II, kt\u00f3ry prowadzi otwarte wyk\u0142ady w cyklu Pos\u0142uga my\u015blenia i od lat publikuje \u201eStudia nad My\u015bl\u0105 Jana Paw\u0142a II\u201d. Uniwersytet Papieski czuje si\u0119 te\u017c w szczeg\u00f3lny spos\u00f3b odpowiedzialny za Dni Jana Paw\u0142a II w Krakowie, organizowane corocznie \u2028w ramach szerokich dzia\u0142a\u0144 uczelni Krakowa i Ma\u0142opolski, koordynowanych przez Kolegium Rektor\u00f3w Szk\u00f3\u0142 Wy\u017cszych Krakowa. Studiowanie i przekazywanie m\u0142odym pokoleniom dziedzictwa naszego \u015bwi\u0119tego Patrona nale\u017cy do naszych priorytet\u00f3w. Dotyczy to szczeg\u00f3lnie \u2013 wypracowanej przez Karola Wojty\u0142\u0119 \u2013 \u201eteologii cia\u0142a\u201d opartej na chrze\u015bcija\u0144skiej wizji cz\u0142owieka, ma\u0142\u017ce\u0144stwa i rodziny. \u2028Od kilku lat r\u00f3wnie\u017c studenci ze Stan\u00f3w Zjednoczonych Ameryki przyje\u017cd\u017caj\u0105 \u2028do Krakowa, by na naszym Uniwersytecie g\u0142\u0119biej poznawa\u0107 t\u0119 teologi\u0119.<\/p>\n<p>Ojciec \u015awi\u0119ty by\u0142 niezwyk\u0142\u0105 postaci\u0105, cz\u0142owiekiem, kt\u00f3rego bezpo\u015bredniej obecno\u015bci do\u015bwiadczy\u0142o najwi\u0119cej os\u00f3b w ca\u0142ej historii ludzko\u015bci. Wiemy jednak, \u2028\u017ce przypominanie jego nauczania jest tym wa\u017cniejsze, im wi\u0119cej dorasta nowych pokole\u0144, kt\u00f3re nie pozna\u0142y go osobi\u015bcie. R\u00f3wnie wa\u017cne jest zach\u0119canie do na\u015bladowania jego \u015bwi\u0119tego \u017cycia, kt\u00f3re przypomina nam o powszechnym powo\u0142aniu do \u015bwi\u0119to\u015bci. Wobec m\u0142odych ludzi Uniwersytet czyni to g\u0142\u00f3wnie poprzez rozwijanie odpowiedniego duszpasterstwa akademickiego, tak wa\u017cnego dla Jana Paw\u0142a II. Mija w tym roku trzydzie\u015bci lat od og\u0142oszenia encykliki Redemptoris missio, w kt\u00f3rej \u015bwi\u0119ty Papie\u017c przypomnia\u0142 Ko\u015bcio\u0142owi, \u017ce \u201eka\u017cdy wierny powo\u0142any jest do \u015bwi\u0119to\u015bci i do dzia\u0142alno\u015bci misyjnej. Takie by\u0142o \u017cyczenie Soboru, kt\u00f3ry \u00abpragnie gor\u0105co o\u015bwieci\u0107 wszystkich ludzi blaskiem Chrystusa ja\u015bniej\u0105cym na obliczu Ko\u015bcio\u0142a, g\u0142osz\u0105c Ewangeli\u0119 wszelkiemu stworzeniu\u00bb\u201d (nr 90).<\/p>\n<p>Uniwersytet Papieski \u015bwiadomy swego pos\u0142annictwa ewangelizacyjnego stara si\u0119 formowa\u0107 m\u0142odych ludzi w tym duchu, kt\u00f3rego pi\u0119kny przyk\u0142ad zostawi\u0142 nam nasz Patron. On uczy\u0142 nas, \u017ce \u201em\u0142ody cz\u0142owiek jest wra\u017cliwy na prawd\u0119, sprawiedliwo\u015b\u0107, pi\u0119kno, na inne warto\u015bci duchowe. M\u0142ody cz\u0142owiek pragnie odnale\u017a\u0107 siebie samego, dlatego szuka, czasem burzliwie szuka, prawdziwych warto\u015bci i ceni tych ludzi, kt\u00f3rzy ich nauczaj\u0105 i wed\u0142ug nich \u017cyj\u0105. Kt\u00f3\u017c z nas nie mia\u0142 w \u017cyciu i nie wspomina z wdzi\u0119czno\u015bci\u0105 takiego cz\u0142owieka: kap\u0142ana, nauczyciela, profesora lub przyjaciela, kt\u00f3ry umia\u0142 ods\u0142oni\u0107 nam nowy \u015bwiat warto\u015bci i wzbudzi\u0107 dla niego trwa\u0142y entuzjazm, czy nawet nada\u0107 ca\u0142y kierunek \u017cyciu? W naszym \u015bwiecie, w \u015bwiecie wielorakiego post\u0119pu i rozwoju, ale \u2028i dominuj\u0105cego materializmu, m\u0142odzie\u017c szuka oparcia w Ko\u015bciele, kt\u00f3ry kszta\u0142tuje wiar\u0119 i ukazuje horyzonty chrze\u015bcija\u0144skiego humanizmu\u201d (W\u0142oc\u0142awek, 6 czerwca 1991).<\/p>\n<p>Drugi dzie\u0144 \u015awi\u0105t Wielkiej Nocy stanowi zawsze dobr\u0105 okazj\u0119, by podzi\u0119kowa\u0107 Wam, drodzy Siostry i Bracia, za wszelk\u0105 duchow\u0105 i materialn\u0105 pomoc w realizacji tego programu ewangelizacyjnego. Ca\u0142a spo\u0142eczno\u015b\u0107 Uniwersytetu Papieskiego \u017cyczy Wam, w tym trudnym dla wszystkich okresie pr\u00f3by, by Zmartwychwsta\u0142y Pan roz\u015bwietla\u0142 \u015bcie\u017cki waszego \u017cycia i prowadzi\u0142 ku \u015bwi\u0119to\u015bci.<\/p>\n<p style=\"text-align: center;\">ks. prof. dr hab. Wojciech Zyzak<br \/>\nrektor Uniwersytetu Papieskiego Jana Paw\u0142a II w Krakowie<\/p>\n<p>Krak\u00f3w, 13 kwietnia 2020 roku<\/p>\n","protected":false},"excerpt":{"rendered":"<p>Drodzy Siostry i Bracia! Kobiety w dzisiejszej Ewangelii oddali\u0142y si\u0119 od grobu Jezusa \u201ez boja\u017ani\u0105 \u2028i wielk\u0105 rado\u015bci\u0105\u201d. Ich poranne przybycie do Aposto\u0142\u00f3w z dobr\u0105 nowin\u0105 wyra\u017ca wszystkie te prze\u017cycia, kt\u00f3re Ko\u015bci\u00f3\u0142 od wiek\u00f3w wy\u015bpiewuje w staro\u017cytnej pie\u015bni Exsultet: \u201eRaduj si\u0119, ziemio, opromieniona tak niezmiernym blaskiem, a o\u015bwiecona jasno\u015bci\u0105 Kr\u00f3la wiek\u00f3w, poczuj, \u017ce wolna jeste\u015b [&hellip;]<\/p>\n","protected":false},"author":4,"featured_media":0,"comment_status":"closed","ping_status":"closed","sticky":false,"template":"","format":"standard","meta":{"footnotes":""},"categories":[15],"tags":[],"class_list":["post-7768","post","type-post","status-publish","format-standard","hentry","category-warto-wiedziec"],"_links":{"self":[{"href":"https:\/\/parafiatokarnia.pl\/index.php?rest_route=\/wp\/v2\/posts\/7768","targetHints":{"allow":["GET"]}}],"collection":[{"href":"https:\/\/parafiatokarnia.pl\/index.php?rest_route=\/wp\/v2\/posts"}],"about":[{"href":"https:\/\/parafiatokarnia.pl\/index.php?rest_route=\/wp\/v2\/types\/post"}],"author":[{"embeddable":true,"href":"https:\/\/parafiatokarnia.pl\/index.php?rest_route=\/wp\/v2\/users\/4"}],"replies":[{"embeddable":true,"href":"https:\/\/parafiatokarnia.pl\/index.php?rest_route=%2Fwp%2Fv2%2Fcomments&post=7768"}],"version-history":[{"count":2,"href":"https:\/\/parafiatokarnia.pl\/index.php?rest_route=\/wp\/v2\/posts\/7768\/revisions"}],"predecessor-version":[{"id":7770,"href":"https:\/\/parafiatokarnia.pl\/index.php?rest_route=\/wp\/v2\/posts\/7768\/revisions\/7770"}],"wp:attachment":[{"href":"https:\/\/parafiatokarnia.pl\/index.php?rest_route=%2Fwp%2Fv2%2Fmedia&parent=7768"}],"wp:term":[{"taxonomy":"category","embeddable":true,"href":"https:\/\/parafiatokarnia.pl\/index.php?rest_route=%2Fwp%2Fv2%2Fcategories&post=7768"},{"taxonomy":"post_tag","embeddable":true,"href":"https:\/\/parafiatokarnia.pl\/index.php?rest_route=%2Fwp%2Fv2%2Ftags&post=7768"}],"curies":[{"name":"wp","href":"https:\/\/api.w.org\/{rel}","templated":true}]}}