{"id":7283,"date":"2019-11-16T13:42:08","date_gmt":"2019-11-16T13:42:08","guid":{"rendered":"https:\/\/parafiatokarnia.pl\/?p=7283"},"modified":"2019-11-16T13:42:08","modified_gmt":"2019-11-16T13:42:08","slug":"33-niedziela-zwykla-2019","status":"publish","type":"post","link":"https:\/\/parafiatokarnia.pl\/?p=7283","title":{"rendered":"33. NIEDZIELA ZWYK\u0141A 2019"},"content":{"rendered":"<p>W dniu dzisiejszym obchodzimy 3.\u015awiatowy Dzie\u0144 Ubogich. We wszystkich kaplicach i ko\u015bcio\u0142ach parafialnych &#8211; zgodnie z pro\u015bb\u0105 abp. Marka J\u0119draszewskiego &#8211; przeprowadzona jest zbi\u00f3rka do skarbon. Po\u0142owa zebranych \u015brodk\u00f3w ma zosta\u0107 wykorzystana przez parafialne inicjatywy mi\u0142osierdzia, za\u015b druga cz\u0119\u015b\u0107 ma wspom\u00f3c potrzebuj\u0105cych w czasie wydarze\u0144 centralnych w Krakowie. Pami\u0119tajmy, \u017ce jeste\u015bmy r\u0119kami Boga, nie tylko przez konkretny dar, ale tak\u017ce przez u\u015bmiech, dobre spojrzenie i modlitw\u0119. Nie zapominajmy, \u017ce chrze\u015bcija\u0144stwo polega na tym, \u017ceby Ewangeli\u0119 wprowadza\u0107 w czyn. Dzisiaj, po raz kolejny b\u0119dziemy mieli okazj\u0119, aby tego dokona\u0107.<\/p>\n<p>W Wi\u0119ci\u00f3rce o godz. 12.00 suma odpustowa ku czci Matki Bo\u017cej Ostrobramskiej.<\/p>\n<p>Dzi\u0119kujemy mieszka\u0144com 2. cz\u0119\u015bci roli Urbany za posprz\u0105tanie \u015bwi\u0105tyni. O porz\u0105dki w tym tygodniu prosimy mieszka\u0144c\u00f3w 3. cz\u0119\u015bci tej roli.<\/p>\n<p>B\u00f3g zap\u0142a\u0107 p. Annie za ofiar\u0119 z\u0142o\u017con\u0105 na ko\u015bci\u00f3\u0142.<\/p>\n<p>Kalendarz liturgiczny:<\/p>\n<p>Poniedzia\u0142ek \u2013 wspomnienie b\u0142. Karoliny K\u00f3zk\u00f3wny, dziewicy i m\u0119czennicy<\/p>\n<p>Wtorek \u2013 wspomnienie b\u0142. Salomei, zakonnicy<\/p>\n<p>\u015aroda \u2013 wspomnienie \u015bw. Rafa\u0142a Kalinowskiego, prezbitera<\/p>\n<p>Czwartek \u2013 wspomnienie Ofiarowania NMP<\/p>\n<p>Pi\u0105tek \u2013 wspomnienie \u015bw. Cecylii, dziewicy i m\u0119czennicy. Polecajmy wstawiennictwu patronki \u015bpiewu ko\u015bcielnego: p. Ryszarda, naszego organist\u0119, schol\u0119 \u201e\u015anie\u017cnej Pani\u201d wraz jej opiekunk\u0105 i za\u0142o\u017cycielk\u0105 p. Teres\u0105 oraz nasz ch\u00f3r parafialny \u201eMio Dio\u201d i jego dyrygenta p. \u0141ukasza.<\/p>\n<p>Zgodnie z zarz\u0105dzeniem Metropolity Krakowskiego rozpocz\u0119li\u015bmy w naszej parafii \u201eMaraton Modlitewny\u201d za Ko\u015bci\u00f3\u0142 i Ojczyz\u0119. Codziennie (od poniedzia\u0142ku do soboty), do ko\u0144ca 2020 roku, od godz. 17.30 do 18.00 (p\u00f3\u0142 godziny przed msz\u0105 \u015bw. wieczorn\u0105) ma miejsce adoracja Naj\u015bwi\u0119tszego Sakramentu, podczas kt\u00f3rej mamy okazj\u0119 i mo\u017cliwo\u015b\u0107 skorzystania ze spowiedzi \u015bwi\u0119tej. W zwi\u0105zku z tym, nie b\u0119dzie spowiedzi podczas pogrzeb\u00f3w. To pozwoli usprawni\u0107 w dniu pogrzebu przyjmowanie intencji pogrzebowych przez kap\u0142ana w zakrystii i punktualne rozpocz\u0119cie nabo\u017ce\u0144stwa.<\/p>\n<p>W najbli\u017csz\u0105 niedziel\u0119 w Uroczysto\u015b\u0107 Jezusa Chrystusa Kr\u00f3la Wszech\u015bwiata odb\u0119dzie si\u0119 na mszy \u015bw. o godz. 9.00 uroczyste przyj\u0119cie nowych cz\u0142onk\u00f3w do Honorowej Stra\u017cy Naj\u015bwi\u0119tszego Serca Pana Jezusa. Ch\u0119tnych, kt\u00f3rzy pragn\u0105 wst\u0105pi\u0107 w szeregi Arcybractwa prosimy o kontakt z p. Ann\u0105 Hanusiak.<\/p>\n<p>Og\u0142oszenie, o kt\u00f3re zostali\u015bmy poproszeni:<\/p>\n<p>Serdecznie zapraszamy wszystkich mieszka\u0144c\u00f3w Gminy Tokarnia do udzia\u0142u w akcji honorowego oddawania krwi! Zbi\u00f3rka odbywa si\u0119 dzisiaj w Szkole Podstawowej nr 1 w Tokarni od godziny 08.30 do 12.30.<\/p>\n<p>We wtorek odby\u0142 si\u0119 pogrzeb + Wac\u0142awa Tajsa. Pole\u0107my dusz\u0119 naszego zmar\u0142ego brata Bo\u017cemu Mi\u0142osierdziu.<\/p>\n<p>Pan Jezus zapewnia: \u201ePrzez swoj\u0105 wytrwa\u0142o\u015b\u0107 ocalicie wasze \u017cycie\u201d. Niech ka\u017cda my\u015bl o przemijaniu i wieczno\u015bci b\u0119dzie pe\u0142na zaufania w Opatrzno\u015b\u0107 Bo\u017c\u0105.<\/p>\n","protected":false},"excerpt":{"rendered":"<p>W dniu dzisiejszym obchodzimy 3.\u015awiatowy Dzie\u0144 Ubogich. We wszystkich kaplicach i ko\u015bcio\u0142ach parafialnych &#8211; zgodnie z pro\u015bb\u0105 abp. Marka J\u0119draszewskiego &#8211; przeprowadzona jest zbi\u00f3rka do skarbon. Po\u0142owa zebranych \u015brodk\u00f3w ma zosta\u0107 wykorzystana przez parafialne inicjatywy mi\u0142osierdzia, za\u015b druga cz\u0119\u015b\u0107 ma wspom\u00f3c potrzebuj\u0105cych w czasie wydarze\u0144 centralnych w Krakowie. Pami\u0119tajmy, \u017ce jeste\u015bmy r\u0119kami Boga, nie tylko [&hellip;]<\/p>\n","protected":false},"author":4,"featured_media":0,"comment_status":"closed","ping_status":"closed","sticky":false,"template":"","format":"standard","meta":{"footnotes":""},"categories":[6],"tags":[],"class_list":["post-7283","post","type-post","status-publish","format-standard","hentry","category-ogloszenia"],"_links":{"self":[{"href":"https:\/\/parafiatokarnia.pl\/index.php?rest_route=\/wp\/v2\/posts\/7283","targetHints":{"allow":["GET"]}}],"collection":[{"href":"https:\/\/parafiatokarnia.pl\/index.php?rest_route=\/wp\/v2\/posts"}],"about":[{"href":"https:\/\/parafiatokarnia.pl\/index.php?rest_route=\/wp\/v2\/types\/post"}],"author":[{"embeddable":true,"href":"https:\/\/parafiatokarnia.pl\/index.php?rest_route=\/wp\/v2\/users\/4"}],"replies":[{"embeddable":true,"href":"https:\/\/parafiatokarnia.pl\/index.php?rest_route=%2Fwp%2Fv2%2Fcomments&post=7283"}],"version-history":[{"count":1,"href":"https:\/\/parafiatokarnia.pl\/index.php?rest_route=\/wp\/v2\/posts\/7283\/revisions"}],"predecessor-version":[{"id":7284,"href":"https:\/\/parafiatokarnia.pl\/index.php?rest_route=\/wp\/v2\/posts\/7283\/revisions\/7284"}],"wp:attachment":[{"href":"https:\/\/parafiatokarnia.pl\/index.php?rest_route=%2Fwp%2Fv2%2Fmedia&parent=7283"}],"wp:term":[{"taxonomy":"category","embeddable":true,"href":"https:\/\/parafiatokarnia.pl\/index.php?rest_route=%2Fwp%2Fv2%2Fcategories&post=7283"},{"taxonomy":"post_tag","embeddable":true,"href":"https:\/\/parafiatokarnia.pl\/index.php?rest_route=%2Fwp%2Fv2%2Ftags&post=7283"}],"curies":[{"name":"wp","href":"https:\/\/api.w.org\/{rel}","templated":true}]}}