{"id":7102,"date":"2019-08-31T15:09:26","date_gmt":"2019-08-31T15:09:26","guid":{"rendered":"https:\/\/parafiatokarnia.pl\/?p=7102"},"modified":"2019-08-31T20:15:01","modified_gmt":"2019-08-31T20:15:01","slug":"22-niedziela-zwykla-2019","status":"publish","type":"post","link":"https:\/\/parafiatokarnia.pl\/?p=7102","title":{"rendered":"22. NIEDZIELA ZWYK\u0141A 2019"},"content":{"rendered":"<p>Dzi\u0119kujemy mieszka\u0144com 2. cz\u0119\u015bci roli Wierdonki za posprz\u0105tanie \u015bwi\u0105tyni i za z\u0142o\u017con\u0105 ofiar\u0119 na ko\u015bci\u00f3\u0142. O porz\u0105dki w tym tygodniu prosimy mieszka\u0144c\u00f3w 3. cz\u0119\u015bci tej roli, kt\u00f3r\u0105 podzielili\u015bmy na 4 cz\u0119\u015bci.<\/p>\n<p>Na malowanie ko\u015bcio\u0142a ofiar\u0119 z\u0142o\u017cyli: Janina i Tadeusz Pajka, nowo\u017ce\u0144cy Paulina i Patrick i Stanis\u0142aw Nawara z rodzin\u0105.<\/p>\n<p>Jutro rozpoczynamy nowy rok katechetyczny i szkolny od wsp\u00f3lnej modlitwy. Msza \u015bw. na rozpocz\u0119cie nowego roku szkolnego o godzinie 8.00. O godz. 7.45 zbi\u00f3rka wszystkich uczni\u00f3w na placu ko\u0142o szko\u0142y oraz wsp\u00f3lny przemarsz ze sztandarem do ko\u015bcio\u0142a. O godz. 9.00 \u2013 akademia w hali sportowej oraz zaj\u0119cia z wychowawcami klas.<\/p>\n<p>Wszystkim uczniom \u017cyczymy, aby nie zabrak\u0142o Wam energii i zapa\u0142u w zdobywaniu wiedzy, rozwijaniu swoich pasji i kszta\u0142towaniu w\u0142asnych charakter\u00f3w. Nauczycielom i pracownikom o\u015bwiaty \u017cyczymy, aby Pa\u0144stwa zaanga\u017cowanie i profesjonalizm w nauczaniu i wychowaniu by\u0142y \u017ar\u00f3d\u0142em satysfakcji i spe\u0142nienia zawodowego, \u017cycz\u0119 uznania i wdzi\u0119czno\u015bci spo\u0142ecznej. Rodzicom \u017cyczymy spokojnego roku szkolnego uwie\u0144czonego sukcesami Waszych dzieci. <\/p>\n<p>Od jutra msze \u015bw. w dni powszednie odprawiamy rano o godzinie 7.00 i wieczorem o godz. 18.00. Spowiadamy codziennie, 15 minut przed wieczorn\u0105 msz\u0105 \u015bwi\u0119t\u0105.<\/p>\n<p>Pierwszy czwartek miesi\u0105ca. Godzina \u015awi\u0119ta. Od godz. 17.00 do 17.30 adoracja Naj\u015bwi\u0119tszego Sakramentu w ciszy i mo\u017cliwo\u015b\u0107 skorzystania ze spowiedzi dla dzieci i m\u0142odzie\u017cy, zw\u0142aszcza dzieci pierwszokomunijnych. O godz. 17.30 r\u00f3\u017caniec w intencji powo\u0142a\u0144 kap\u0142a\u0144skich i zakonnych.<\/p>\n<p>Spowied\u017a pierwszopi\u0105tkowa od godziny 16.30. <\/p>\n<p>Zbi\u00f3rka ministrant\u00f3w i lektor\u00f3w odb\u0119dzie si\u0119 w pi\u0105tek po mszy \u015bw. wieczornej. Obecno\u015b\u0107 obowi\u0105zkowa.<\/p>\n<p>Pierwsza sobota \u2013 nabo\u017ce\u0144stwo maryjne z procesj\u0105 r\u00f3\u017ca\u0144cow\u0105 o godz. 17.30. Po procesji msza \u015bw. z okoliczno\u015bciowym kazaniem.<\/p>\n<p>W najbli\u017csz\u0105 niedziel\u0119, tj. 8 wrze\u015bnia 27. Pielgrzymka Rodzin do Kalwarii Zebrzydowskiej. Tradycyjnie pielgrzymka rozpocznie si\u0119 Drog\u0105 Krzy\u017cow\u0105 o godz. 9.00 przy stacji \u201eu Pi\u0142ata\u201d. Nast\u0119pnie o godz. 11.00 przy o\u0142tarzu polowym odb\u0119dzie si\u0119 msza \u015bw. Pod przewodnictwem abp. Marka J\u0119draszewskiego, metropolity krakowskiego. <\/p>\n<p>A po po\u0142udniu w naszym ko\u015bciele o godz. 16.30 b\u0119dzie mia\u0142 miejsce pi\u0119kny koncert w wykonaniu Natalii Jarz\u0105bek, naszej parafianki, obecnie pierwszej flecistki Filharmonii Krakowskiej oraz Emmy Wils, absolwentki Kr\u00f3lewskiego Konserwatorium Muzycznego w Brukseli, laureatki wielu nagr\u00f3d na mi\u0119dzynarodowych konkursach muzycznych. Serdecznie zapraszamy.<\/p>\n<p>Zach\u0119camy do czytania prasy katolickiej.<\/p>\n<p>W\u00f3jt Gminy informuje, \u017ce w dniu 8 wrze\u015bnia 2019 r. odb\u0119d\u0105 si\u0119 wybory uzupe\u0142niaj\u0105ce do Rady Gminy Tokarnia w okr\u0119gu Nr 11, kt\u00f3ry obejmuje osiedla: Dziubras Dolny, Kluski, Szewcy, Blychy, Kasperki, Kanie. Siedziba Obwodowej Komisji Wyborczej b\u0119dzie mie\u015bci\u0107 si\u0119 w budynku Szko\u0142y Podstawowej Nr 1 w Tokarni. G\u0142osowa\u0107 b\u0119dzie mo\u017cna od godziny 7.00 do 21.00.<\/p>\n","protected":false},"excerpt":{"rendered":"<p>Dzi\u0119kujemy mieszka\u0144com 2. cz\u0119\u015bci roli Wierdonki za posprz\u0105tanie \u015bwi\u0105tyni i za z\u0142o\u017con\u0105 ofiar\u0119 na ko\u015bci\u00f3\u0142. O porz\u0105dki w tym tygodniu prosimy mieszka\u0144c\u00f3w 3. cz\u0119\u015bci tej roli, kt\u00f3r\u0105 podzielili\u015bmy na 4 cz\u0119\u015bci. Na malowanie ko\u015bcio\u0142a ofiar\u0119 z\u0142o\u017cyli: Janina i Tadeusz Pajka, nowo\u017ce\u0144cy Paulina i Patrick i Stanis\u0142aw Nawara z rodzin\u0105. Jutro rozpoczynamy nowy rok katechetyczny i [&hellip;]<\/p>\n","protected":false},"author":4,"featured_media":0,"comment_status":"closed","ping_status":"closed","sticky":false,"template":"","format":"standard","meta":{"footnotes":""},"categories":[6],"tags":[],"class_list":["post-7102","post","type-post","status-publish","format-standard","hentry","category-ogloszenia"],"_links":{"self":[{"href":"https:\/\/parafiatokarnia.pl\/index.php?rest_route=\/wp\/v2\/posts\/7102","targetHints":{"allow":["GET"]}}],"collection":[{"href":"https:\/\/parafiatokarnia.pl\/index.php?rest_route=\/wp\/v2\/posts"}],"about":[{"href":"https:\/\/parafiatokarnia.pl\/index.php?rest_route=\/wp\/v2\/types\/post"}],"author":[{"embeddable":true,"href":"https:\/\/parafiatokarnia.pl\/index.php?rest_route=\/wp\/v2\/users\/4"}],"replies":[{"embeddable":true,"href":"https:\/\/parafiatokarnia.pl\/index.php?rest_route=%2Fwp%2Fv2%2Fcomments&post=7102"}],"version-history":[{"count":3,"href":"https:\/\/parafiatokarnia.pl\/index.php?rest_route=\/wp\/v2\/posts\/7102\/revisions"}],"predecessor-version":[{"id":7107,"href":"https:\/\/parafiatokarnia.pl\/index.php?rest_route=\/wp\/v2\/posts\/7102\/revisions\/7107"}],"wp:attachment":[{"href":"https:\/\/parafiatokarnia.pl\/index.php?rest_route=%2Fwp%2Fv2%2Fmedia&parent=7102"}],"wp:term":[{"taxonomy":"category","embeddable":true,"href":"https:\/\/parafiatokarnia.pl\/index.php?rest_route=%2Fwp%2Fv2%2Fcategories&post=7102"},{"taxonomy":"post_tag","embeddable":true,"href":"https:\/\/parafiatokarnia.pl\/index.php?rest_route=%2Fwp%2Fv2%2Ftags&post=7102"}],"curies":[{"name":"wp","href":"https:\/\/api.w.org\/{rel}","templated":true}]}}