{"id":6921,"date":"2019-07-20T11:15:25","date_gmt":"2019-07-20T11:15:25","guid":{"rendered":"https:\/\/parafiatokarnia.pl\/?p=6921"},"modified":"2019-07-20T17:12:52","modified_gmt":"2019-07-20T17:12:52","slug":"16-niedziela-zwykla-2019","status":"publish","type":"post","link":"https:\/\/parafiatokarnia.pl\/?p=6921","title":{"rendered":"16. NIEDZIELA ZWYK\u0141A 2019"},"content":{"rendered":"<p>Dzisiejsza sk\u0142adka z racji 3 niedzieli miesi\u0105ca tradycyjnie przeznaczona na utrzymanie naszego ko\u015bcio\u0142a Dzi\u0119kujemy za ofiarno\u015b\u0107, zapewniaj\u0105c o naszej sta\u0142ej modlitwie.<\/p>\n<p>W przededniu \u015bwi\u0119ta \u015bw. Krzysztofa, patrona kierowc\u00f3w, po ka\u017cdej mszy \u015bw. b\u0142ogos\u0142awie\u0144stwo pojazd\u00f3w mechanicznych. <\/p>\n<p>Dzi\u0119kujemy mieszka\u0144com 2. cz\u0119\u015bci roli Bier\u00f3wki za posprz\u0105tanie \u015bwi\u0105tyni. O porz\u0105dki w tym tygodniu prosimy mieszka\u0144c\u00f3w 3. i zarazem ostatniej cz\u0119\u015bci tej roli.<\/p>\n<p>Jeste\u015bmy wdzi\u0119czni: Stanis\u0142awowi Pindlowi, Stanis\u0142awowi Nawarze, Ma\u0142gorzacie Dziubras, Zofii Korabik, Sylwii Mirowskiej, Renacie Lis za wykonane prace ogrodnicze przy ko\u015bciele.<\/p>\n<p>Ofiar\u0119 na ko\u015bci\u00f3\u0142 z\u0142o\u017cyli: Klementyna Filipek; Franciszek Wo\u017aniak oraz pewna anonimowa rodzina. B\u00f3g zap\u0142a\u0107.<\/p>\n<p>Nasza jednostka OSP Tokarnia \u015bwi\u0119tuje w tym roku jubileusz 70. lecia powstania. Nasi dzielni stra\u017cacy walcz\u0105 z po\u017carami i pomagaj\u0105 ofiarom wypadk\u00f3w drogowych. Opr\u00f3cz tego wykonuj\u0105 te\u017c inne dzia\u0142ania, kt\u00f3re w wymiarze publicznym pozostaj\u0105 zwi\u0105zane z szeroko poj\u0119t\u0105 ochron\u0105 i profilaktyk\u0105 spo\u0142eczn\u0105. <\/p>\n<p>Z okazji jubileuszu zosta\u0142y wydane limitowane cegie\u0142ki wsparcia OSP Tokarnia w nomina\u0142ach: 50 z\u0142, 100 z\u0142, 200 z\u0142 i 500 z\u0142. Nabywaj\u0105c cegie\u0142k\u0119, ka\u017cdy z nas mo\u017ce mie\u0107 sw\u00f3j osobisty udzia\u0142 w rozwoju naszej jednostki. Po mszy \u015bw. przed ko\u015bcio\u0142em b\u0119dzie mo\u017cna naby\u0107 specjalnie przygotowane cegie\u0142ki.<\/p>\n<p>Zbi\u00f3rka ministrant\u00f3w i lektor\u00f3w przed uroczysto\u015bciami odpustowymi w najbli\u017csz\u0105 sobot\u0119 o godzinie 10.00. B\u0119dziemy wyznaczali funkcje i zadania, by zadba\u0107 o pi\u0119kno liturgicznej celebracji sumy odpustowej z udzia\u0142em biskupa Jana Zaj\u0105ca. Prosimy rodzic\u00f3w o zach\u0119cenie ch\u0142opc\u00f3w, by w ten wyj\u0105tkowy dzie\u0144 podj\u0119li s\u0142u\u017cb\u0119 przy o\u0142tarzu z mi\u0142o\u015bci do Boga oraz jego i naszej Matki.<\/p>\n<p>W nast\u0119pn\u0105 niedziel\u0119 b\u0119d\u0105 rozprowadzane losy na loteri\u0119 fantow\u0105. Nagrod\u0105 g\u0142\u00f3wn\u0105 jest motor CROSS XB 38 o pojemno\u015bci 125 cm3 . W\u015br\u00f3d nagr\u00f3d do wygrania m. in.: bilety do Term w Bukowinie, Szaflarach, Chocho\u0142owie, do Parku Wodnego w Krakowie oraz myjka ci\u015bnieniowa. W\u015br\u00f3d obraz\u00f3w i rze\u017ab wystawionych na licytacj\u0119 b\u0119dzie  licytowana tak\u017ce oryginalna kurtka rajdowa ofiarowana przez Rafa\u0142a Sonika, zwyci\u0119zc\u0119 Rajdu Dakar (na quadzie), kt\u00f3ry obj\u0105\u0142 nasz festyn parafialny swoim patronatem.<\/p>\n<p>Dzi\u0119kujemy Emilii i Bogdanowi Pajka, Renacie Lis oraz Jolancie i Robertowi Milewskim za wsparcie organizacji parafialnego pikniku rodzinnego. <\/p>\n<p>Ze wzgl\u0119du, i\u017c w tym roku gospodarzem Do\u017cynek Gminnych (11 sierpnia ) jest Tokarnia nie planujemy Do\u017cynek Parafialnych.<\/p>\n<p>Niech ka\u017cdy dzie\u0144 wakacji przynosi nam zar\u00f3wno ubogacenie ducha, jak i umocnienie cia\u0142a. B\u0142ogos\u0142awionej niedzieli i dobrego \u015bwi\u0119towania.  <\/p>\n","protected":false},"excerpt":{"rendered":"<p>Dzisiejsza sk\u0142adka z racji 3 niedzieli miesi\u0105ca tradycyjnie przeznaczona na utrzymanie naszego ko\u015bcio\u0142a Dzi\u0119kujemy za ofiarno\u015b\u0107, zapewniaj\u0105c o naszej sta\u0142ej modlitwie. W przededniu \u015bwi\u0119ta \u015bw. Krzysztofa, patrona kierowc\u00f3w, po ka\u017cdej mszy \u015bw. b\u0142ogos\u0142awie\u0144stwo pojazd\u00f3w mechanicznych. Dzi\u0119kujemy mieszka\u0144com 2. cz\u0119\u015bci roli Bier\u00f3wki za posprz\u0105tanie \u015bwi\u0105tyni. O porz\u0105dki w tym tygodniu prosimy mieszka\u0144c\u00f3w 3. i zarazem ostatniej [&hellip;]<\/p>\n","protected":false},"author":4,"featured_media":0,"comment_status":"closed","ping_status":"closed","sticky":false,"template":"","format":"standard","meta":{"footnotes":""},"categories":[6],"tags":[],"class_list":["post-6921","post","type-post","status-publish","format-standard","hentry","category-ogloszenia"],"_links":{"self":[{"href":"https:\/\/parafiatokarnia.pl\/index.php?rest_route=\/wp\/v2\/posts\/6921","targetHints":{"allow":["GET"]}}],"collection":[{"href":"https:\/\/parafiatokarnia.pl\/index.php?rest_route=\/wp\/v2\/posts"}],"about":[{"href":"https:\/\/parafiatokarnia.pl\/index.php?rest_route=\/wp\/v2\/types\/post"}],"author":[{"embeddable":true,"href":"https:\/\/parafiatokarnia.pl\/index.php?rest_route=\/wp\/v2\/users\/4"}],"replies":[{"embeddable":true,"href":"https:\/\/parafiatokarnia.pl\/index.php?rest_route=%2Fwp%2Fv2%2Fcomments&post=6921"}],"version-history":[{"count":2,"href":"https:\/\/parafiatokarnia.pl\/index.php?rest_route=\/wp\/v2\/posts\/6921\/revisions"}],"predecessor-version":[{"id":6923,"href":"https:\/\/parafiatokarnia.pl\/index.php?rest_route=\/wp\/v2\/posts\/6921\/revisions\/6923"}],"wp:attachment":[{"href":"https:\/\/parafiatokarnia.pl\/index.php?rest_route=%2Fwp%2Fv2%2Fmedia&parent=6921"}],"wp:term":[{"taxonomy":"category","embeddable":true,"href":"https:\/\/parafiatokarnia.pl\/index.php?rest_route=%2Fwp%2Fv2%2Fcategories&post=6921"},{"taxonomy":"post_tag","embeddable":true,"href":"https:\/\/parafiatokarnia.pl\/index.php?rest_route=%2Fwp%2Fv2%2Ftags&post=6921"}],"curies":[{"name":"wp","href":"https:\/\/api.w.org\/{rel}","templated":true}]}}