{"id":6778,"date":"2019-05-20T20:27:49","date_gmt":"2019-05-20T20:27:49","guid":{"rendered":"https:\/\/parafiatokarnia.pl\/?p=6778"},"modified":"2019-05-20T20:41:54","modified_gmt":"2019-05-20T20:41:54","slug":"5-niedziela-wielkanocna-2019","status":"publish","type":"post","link":"https:\/\/parafiatokarnia.pl\/?p=6778","title":{"rendered":"5. NIEDZIELA WIELKANOCNA 2019"},"content":{"rendered":"<p>Dzi\u015b w naszej parafii Uroczysto\u015b\u0107 Pierwszej Komunii \u015awi\u0119tej, do kt\u00f3rej przyst\u0119puje trzydzi\u015bcioro pi\u0119cioro dzieci. <\/p>\n<p>Od poniedzia\u0142ku dzieci rozpoczynaj\u0105 sw\u00f3j Bia\u0142y Tydzie\u0144. Uczestnicz\u0105c w Nabo\u017ce\u0144stwie Majowym i wieczornej mszy \u015bw. w poniedzia\u0142ek b\u0119d\u0105 modli\u0107 si\u0119 za rodzic\u00f3w; we wtorek za rodzic\u00f3w chrzestnych; we \u015brod\u0119 za rodze\u0144stwo; w czwartek za babcie i dziadk\u00f3w; w pi\u0105tek za nauczycieli, wychowawc\u00f3w i katechet\u00f3w i w sobot\u0119 za swoje kole\u017canki i koleg\u00f3w.<\/p>\n<p>Dzi\u0119kujemy ks. Krzysztofowi, ks. Paw\u0142owi, p. Teresie Hans, p. organi\u015bcie i p. ko\u015bcielnemu za przygotowanie tej pi\u0119knej uroczysto\u015bci. <\/p>\n<p>Dzi\u0119kujemy rodzicom dzieci komunijnych za posprz\u0105tanie \u015bwi\u0105tyni, porz\u0105dki wok\u00f3\u0142 ko\u015bcio\u0142a i z\u0142o\u017cony dar materialny przeznaczony na malowanie. O porz\u0105dki w tym tygodniu prosimy rodzic\u00f3w dzieci rocznicowych.<\/p>\n<p>Dzi\u0119kujemy p. Grzegorzowi Kozio\u0142owi, w\u0142a\u015bcicielowi Firmy \u201eFlora\u201d z Krakowa za wypo\u017cyczenie zwy\u017cki, dzi\u0119ki kt\u00f3rej mogli\u015bmy umy\u0107 okna.<\/p>\n<p>Wszystkim, kt\u00f3rzy w jakikolwiek spos\u00f3b przyczynili si\u0119 do godnego prze\u017cycia dzisiejszej uroczysto\u015bci sk\u0142adamy serdeczne: B\u00f3g zap\u0142a\u0107.<\/p>\n<p>Dzi\u0119kujemy narzeczonym: Agnieszce i \u0141ukaszowi, Paulinie i Patrykowi, Julii i Szymonowi; pewnej anonimowej osobie; rodzinie Wr\u00f3bel; mieszka\u0144com r\u00f3l: Urbany; Dzio\u0142ki, J\u0105tyki, Per\u0142y, Pawlaki; Wierdonki; Parchule, Bryle i Zagrody; Knapy; Dziubras Dolny; Zamki; Bier\u00f3wki; Kostruchy; Jurczaki, Kud\u0142y, Debenosy, Kasperki i Kanie oraz pewnej rodzinie za ofiary z\u0142o\u017cone na ko\u015bci\u00f3\u0142.<\/p>\n<p>W najbli\u017csz\u0105 niedziel\u0119 na sumie o godz. 11.00 b\u0119dziemy prze\u017cywali rocznic\u0119 Pierwszej Komunii \u015awi\u0119tej. <\/p>\n<p>Pr\u00f3by liturgiczne dla dzieci z klas 4. przed rocznic\u0105 Pierwszej Komunii \u015awi\u0119tej b\u0119d\u0105 we wtorek i w pi\u0105tek o godzinie 16.00.<\/p>\n<p>Szko\u0142a Muzyczna w Krzczonowie og\u0142asza nab\u00f3r uczni\u00f3w do klasy I na rok szkolny 2019\/2020. Informacje na stronie internetowej lub bezpo\u015brednio w sekretariacie szko\u0142y.<\/p>\n<p>W sobot\u0119 odby\u0142 si\u0119 pogrzeb + Jana P\u0119cka. Pole\u0107my naszego Zmar\u0142ego brata Bo\u017cemu Mi\u0142osierdziu.<\/p>\n<p>O czasach ostatecznych czytamy w Apokalipsie: \u201eI otrze B\u00f3g z ich oczu wszelk\u0105 \u0142z\u0119, a \u015bmierci ju\u017c nie b\u0119dzie\u201d. Niech ka\u017cda Komunia \u015awi\u0119ta utwierdza nas t\u0119 nadziej\u0119 na drodze do wieczno\u015bci.<\/p>\n","protected":false},"excerpt":{"rendered":"<p>Dzi\u015b w naszej parafii Uroczysto\u015b\u0107 Pierwszej Komunii \u015awi\u0119tej, do kt\u00f3rej przyst\u0119puje trzydzi\u015bcioro pi\u0119cioro dzieci. Od poniedzia\u0142ku dzieci rozpoczynaj\u0105 sw\u00f3j Bia\u0142y Tydzie\u0144. Uczestnicz\u0105c w Nabo\u017ce\u0144stwie Majowym i wieczornej mszy \u015bw. w poniedzia\u0142ek b\u0119d\u0105 modli\u0107 si\u0119 za rodzic\u00f3w; we wtorek za rodzic\u00f3w chrzestnych; we \u015brod\u0119 za rodze\u0144stwo; w czwartek za babcie i dziadk\u00f3w; w pi\u0105tek za nauczycieli, [&hellip;]<\/p>\n","protected":false},"author":4,"featured_media":0,"comment_status":"closed","ping_status":"closed","sticky":false,"template":"","format":"standard","meta":{"footnotes":""},"categories":[6],"tags":[],"class_list":["post-6778","post","type-post","status-publish","format-standard","hentry","category-ogloszenia"],"_links":{"self":[{"href":"https:\/\/parafiatokarnia.pl\/index.php?rest_route=\/wp\/v2\/posts\/6778","targetHints":{"allow":["GET"]}}],"collection":[{"href":"https:\/\/parafiatokarnia.pl\/index.php?rest_route=\/wp\/v2\/posts"}],"about":[{"href":"https:\/\/parafiatokarnia.pl\/index.php?rest_route=\/wp\/v2\/types\/post"}],"author":[{"embeddable":true,"href":"https:\/\/parafiatokarnia.pl\/index.php?rest_route=\/wp\/v2\/users\/4"}],"replies":[{"embeddable":true,"href":"https:\/\/parafiatokarnia.pl\/index.php?rest_route=%2Fwp%2Fv2%2Fcomments&post=6778"}],"version-history":[{"count":5,"href":"https:\/\/parafiatokarnia.pl\/index.php?rest_route=\/wp\/v2\/posts\/6778\/revisions"}],"predecessor-version":[{"id":6783,"href":"https:\/\/parafiatokarnia.pl\/index.php?rest_route=\/wp\/v2\/posts\/6778\/revisions\/6783"}],"wp:attachment":[{"href":"https:\/\/parafiatokarnia.pl\/index.php?rest_route=%2Fwp%2Fv2%2Fmedia&parent=6778"}],"wp:term":[{"taxonomy":"category","embeddable":true,"href":"https:\/\/parafiatokarnia.pl\/index.php?rest_route=%2Fwp%2Fv2%2Fcategories&post=6778"},{"taxonomy":"post_tag","embeddable":true,"href":"https:\/\/parafiatokarnia.pl\/index.php?rest_route=%2Fwp%2Fv2%2Ftags&post=6778"}],"curies":[{"name":"wp","href":"https:\/\/api.w.org\/{rel}","templated":true}]}}