{"id":6767,"date":"2019-05-04T21:31:45","date_gmt":"2019-05-04T21:31:45","guid":{"rendered":"https:\/\/parafiatokarnia.pl\/?p=6767"},"modified":"2019-05-04T21:32:02","modified_gmt":"2019-05-04T21:32:02","slug":"3-niedziela-wielkanocna-5","status":"publish","type":"post","link":"https:\/\/parafiatokarnia.pl\/?p=6767","title":{"rendered":"3. NIEDZIELA WIELKANOCNA"},"content":{"rendered":"<p>W Liturgii wspominamy \u015bw. Stanis\u0142awa Kazimierczyka, prezbitera.<\/p>\n<p>Dzi\u0119kujemy mieszka\u0144com 2. cz\u0119\u015bci roli Kluski za posprz\u0105tanie \u015bwi\u0105tyni na dzisiejsz\u0105 uroczysto\u015b\u0107. O porz\u0105dki w tym tygodniu prosimy mieszka\u0144c\u00f3w 3. cz\u0119\u015bci tej roli.<\/p>\n<p>Dzi\u0119kujemy narzeczonym: Annie Tucholskiej i Danielowi Molusowi oraz p. J\u00f3zefie Klusce za ofiar\u0119 na ko\u015bci\u00f3\u0142.<\/p>\n<p>Dzi\u0119kujemy p. Kazimierzowi Makuskowi wraz z jego synami; Andrzejowi Gwi\u017cd\u017cowi oraz p. Ignacemu Hanusiakowi za wykonane prace porz\u0105dkowe wok\u00f3\u0142 plebanii.<\/p>\n<p>W imieniu wolontariuszek Misji Medycznej \u201eDoctors Africa\u201d dzi\u0119kujemy za Wasz\u0105 ofiarno\u015b\u0107. Zbi\u00f3rka wynios\u0142a: 9949.31 z\u0142; 340 dolar\u00f3w; 50 euro i 100 forint\u00f3w w\u0119gierskich.<\/p>\n<p>W poniedzia\u0142ek \u015bwi\u0119to \u015bwi\u0119tych Aposto\u0142\u00f3w Filipa i Jakuba.<\/p>\n<p>We wtorek uroczysto\u015b\u0107 \u015bw. Stanis\u0142awa Bpa i M\u0119czennika. Jest to dzie\u0144 imienin Ksi\u0119dza Kardyna\u0142a Stanis\u0142awa Dziwisza. Wszystkim solenizantkom i solenizantom tego tygodnia sk\u0142adamy najlepsze \u017cyczenia. Pr\u00f3by liturgiczne dla dzieci pierwszokomunijnych b\u0119d\u0105 we wtorek i w pi\u0105tek o godz. 16.00, a pr\u00f3ba \u015bpiewu w sobot\u0119 o godz. 10.30.<\/p>\n<p>We wtorek, po mszy \u015bw. wieczornej zapraszamy na obowi\u0105zkowe spotkanie m\u0142odzie\u017cy bierzmowanej. W sobot\u0119, tj. 11 maja o godz. 14.00 organizujemy wyjazd m\u0142odzie\u017c przygotowuj\u0105cej si\u0119 do sakramentu dojrza\u0142o\u015bci chrze\u015bcija\u0144skiej na Diecezjalny Dzie\u0144 M\u0142odzie\u017cy Bierzmowanej do My\u015blenic.<\/p>\n<p>W pi\u0105tek w szeregi Arcybractwa Stra\u017cy Honorowej NSPJ zostali przyj\u0119ci nowi cz\u0142onkowie. Przy tej okazji dziekujemy wszystkim cz\u0142onkom Arcybractwa za dar materialny przeznaczny na stacje Drogi Krzy\u017cowej.<\/p>\n<p>Nasza wsp\u00f3lnota zosta\u0142a zaproszona 17 maja 2019 roku na nocn\u0105 adoracj\u0119 do Sanktuarium Bo\u017cego Mi\u0142osierdzia. Wyznaczyli\u015bmy trzy grupy do adoracji. Grupa pierwsza: od 21.00 do 00.00; grupa druga od 00.00 do 03.00 i grupa trzecia od 03.00 do 06.00. Bardzo serdecznie prosimy o wpisanie si\u0119 na list\u0119 ch\u0119tnych w zakrystii po mszy \u015bw. Liczymy na udzia\u0142 w adoracji tak\u017ce przez osoby indywidualne, kt\u00f3re w\u0142asnymi \u015brodkami transportu, w dogodnych dla siebie godzinach do\u0142\u0105cz\u0105 do adoruj\u0105cych grup.<\/p>\n<p>9 maja (czwartek) odb\u0119dzie si\u0119 zbi\u00f3rka elektro\u015bmieci na terenie ca\u0142ej Gminy Tokarnia. Zu\u017cyty sprz\u0119t elektryczny, elektroniczny i AGD nale\u017cy wystawia\u0107 przy drogach powiatowych i gminnych na Osiedle, na Czarny Potok i na Zawadk\u0119 do godziny 8 rano w dniu wywozu.<\/p>\n<p>W ubieg\u0142y wtorek odby\u0142 si\u0119 pogrzeb + Andrzeja Miko\u0142ajczyka. Pole\u0107my naszego zmar\u0142ego Brata Bo\u017cemu Mi\u0142osierdziu.<\/p>\n<p>B\u0142ogos\u0142awionej niedzieli.<\/p>\n","protected":false},"excerpt":{"rendered":"<p>W Liturgii wspominamy \u015bw. Stanis\u0142awa Kazimierczyka, prezbitera. Dzi\u0119kujemy mieszka\u0144com 2. cz\u0119\u015bci roli Kluski za posprz\u0105tanie \u015bwi\u0105tyni na dzisiejsz\u0105 uroczysto\u015b\u0107. O porz\u0105dki w tym tygodniu prosimy mieszka\u0144c\u00f3w 3. cz\u0119\u015bci tej roli. Dzi\u0119kujemy narzeczonym: Annie Tucholskiej i Danielowi Molusowi oraz p. J\u00f3zefie Klusce za ofiar\u0119 na ko\u015bci\u00f3\u0142. Dzi\u0119kujemy p. Kazimierzowi Makuskowi wraz z jego synami; Andrzejowi Gwi\u017cd\u017cowi [&hellip;]<\/p>\n","protected":false},"author":1,"featured_media":0,"comment_status":"closed","ping_status":"closed","sticky":false,"template":"","format":"standard","meta":{"footnotes":""},"categories":[6],"tags":[],"class_list":["post-6767","post","type-post","status-publish","format-standard","hentry","category-ogloszenia"],"_links":{"self":[{"href":"https:\/\/parafiatokarnia.pl\/index.php?rest_route=\/wp\/v2\/posts\/6767","targetHints":{"allow":["GET"]}}],"collection":[{"href":"https:\/\/parafiatokarnia.pl\/index.php?rest_route=\/wp\/v2\/posts"}],"about":[{"href":"https:\/\/parafiatokarnia.pl\/index.php?rest_route=\/wp\/v2\/types\/post"}],"author":[{"embeddable":true,"href":"https:\/\/parafiatokarnia.pl\/index.php?rest_route=\/wp\/v2\/users\/1"}],"replies":[{"embeddable":true,"href":"https:\/\/parafiatokarnia.pl\/index.php?rest_route=%2Fwp%2Fv2%2Fcomments&post=6767"}],"version-history":[{"count":1,"href":"https:\/\/parafiatokarnia.pl\/index.php?rest_route=\/wp\/v2\/posts\/6767\/revisions"}],"predecessor-version":[{"id":6768,"href":"https:\/\/parafiatokarnia.pl\/index.php?rest_route=\/wp\/v2\/posts\/6767\/revisions\/6768"}],"wp:attachment":[{"href":"https:\/\/parafiatokarnia.pl\/index.php?rest_route=%2Fwp%2Fv2%2Fmedia&parent=6767"}],"wp:term":[{"taxonomy":"category","embeddable":true,"href":"https:\/\/parafiatokarnia.pl\/index.php?rest_route=%2Fwp%2Fv2%2Fcategories&post=6767"},{"taxonomy":"post_tag","embeddable":true,"href":"https:\/\/parafiatokarnia.pl\/index.php?rest_route=%2Fwp%2Fv2%2Ftags&post=6767"}],"curies":[{"name":"wp","href":"https:\/\/api.w.org\/{rel}","templated":true}]}}