{"id":6484,"date":"2019-01-08T19:53:39","date_gmt":"2019-01-08T19:53:39","guid":{"rendered":"https:\/\/parafiatokarnia.pl\/?p=6484"},"modified":"2019-01-08T19:55:08","modified_gmt":"2019-01-08T19:55:08","slug":"list-rektora-upjp-2-na-swieto-sw-szczepana","status":"publish","type":"post","link":"https:\/\/parafiatokarnia.pl\/?p=6484","title":{"rendered":"List rektora UPJP 2 na \u015bwi\u0119to \u015bw. Szczepana"},"content":{"rendered":"<p>LIST REKTORA<br \/>\nUNIWERSYTETU PAPIESKIEGO JANA PAW\u0141A II W KRAKOWIE<br \/>\nNA DRUGI DZIE\u0143 \u015aWI\u0104T BO\u017bEGO NARODZENIA 2018 ROKU<\/p>\n<p>Drodzy Siostry i Bracia! <\/p>\n<p>Dok\u0142adnie przed pi\u0119\u0107dziesi\u0119cioma laty, podczas \u015awi\u0105t Bo\u017cego Narodzenia, kardyna\u0142 Karol Wojty\u0142a nawi\u0105za\u0142 w katedrze wawelskiej do niezwyk\u0142ego wydarzenia, kt\u00f3rym \u017cy\u0142 \u00f3wczesny \u015bwiat. Wtedy bowiem po raz pierwszy uda\u0142o si\u0119 ludziom opu\u015bci\u0107 Ziemi\u0119 i znale\u017a\u0107 si\u0119 na orbicie Ksi\u0119\u017cyca. Ameryka\u0144ska za\u0142oga Apollo 8 okr\u0105\u017cy\u0142a Ksi\u0119\u017cyc dziesi\u0119\u0107 razy, odczytuj\u0105c w tym czasie na cze\u015b\u0107 Boga dziesi\u0119\u0107 werset\u00f3w hymnu z Ksi\u0119gi Rodzaju, opisuj\u0105cego stworzenie \u015bwiata. Dla kardyna\u0142a Wojty\u0142y wydarzenie to bardzo wiele m\u00f3wi\u0142o przede wszystkim o samym cz\u0142owieku. <\/p>\n<p>Wed\u0142ug niego \u201ecz\u0142owiek jest tak\u0105 istot\u0105, kt\u00f3ra wci\u0105\u017c szuka i wci\u0105\u017c przekracza pr\u00f3g swoich dotychczasowych osi\u0105gni\u0119\u0107. Dlatego dzieje ludzko\u015bci s\u0105 dziejami kultury, cywilizacji, w kt\u00f3rych zaznacza si\u0119 nieustanne przekraczanie progu uprzednio osi\u0105gni\u0119tego\u201d. Nawi\u0105zuj\u0105c do tajemnicy wcielenia i narodzenia Syna Bo\u017cego, pasterz Ko\u015bcio\u0142a krakowskiego m\u00f3wi\u0142 dalej, \u017ce \u201ena spotkanie tej d\u0105\u017cno\u015bci wychodzi B\u00f3g i \u2013 staj\u0105c si\u0119 Cz\u0142owiekiem \u2013 wskazuje cz\u0142owiekowi niejako ostateczny kres mo\u017cliwo\u015bci, kt\u00f3ry nie tkwi w stworzeniu; nie tkwi w widzialnym wszech\u015bwiecie, ale tkwi w Bogu samym. Cz\u0142owiek mo\u017ce przekroczy\u0107 siebie nie tylko przez to, \u017ce jeszcze dalej p\u00f3jdzie w kosmos. Cz\u0142owiek mo\u017ce przewy\u017cszy\u0107 siebie przez to, \u017ce stanie si\u0119 synem Bo\u017cym\u201d. <\/p>\n<p>W zwi\u0105zku z t\u0105 tajemnic\u0105 wychodzenia Boga ku cz\u0142owiekowi, kardyna\u0142 Wojty\u0142a zada\u0142 pytanie, kt\u00f3re i dzi\u015b winno nas sk\u0142oni\u0107 do refleksji: jak daleko ludzko\u015b\u0107 skorzysta\u0142a z mo\u017cliwo\u015bci rozwoju nadprzyrodzonego, wyp\u0142ywaj\u0105cego z otwarcia si\u0119 na Chrystusow\u0105 \u0142ask\u0119? (por. K. Wojty\u0142a, Kazania 1962-1978, Krak\u00f3w 1979, s. 25-27). <\/p>\n<p>Pytanie to ma sw\u0105 wyj\u0105tkow\u0105 wymow\u0119 w momencie, gdy uczestniczymy w Eucharystii, o kt\u00f3rej Sob\u00f3r Watyka\u0144ski II powiedzia\u0142, \u017ce jest \u201eszczytem, do kt\u00f3rego zmierza dzia\u0142alno\u015b\u0107 Ko\u015bcio\u0142a, i jednocze\u015bnie jest \u017ar\u00f3d\u0142em, z kt\u00f3rego wyp\u0142ywa ca\u0142a jego moc\u201d (KL 10). Udzia\u0142 we Mszy \u015awi\u0119tej i przyjmowanie Komunii \u015bwi\u0119tej jest wyj\u0105tkow\u0105 mo\u017cliwo\u015bci\u0105 otwarcia si\u0119 na Chrystusow\u0105 \u0142ask\u0119, powoduj\u0105c\u0105 nadprzyrodzony rozw\u00f3j cz\u0142owieka i pog\u0142\u0119biaj\u0105c\u0105 wi\u0119\u017a z innymi lud\u017ami. Papie\u017c Benedykt XVI uczy\u0142 nas, \u017ce \u201eliturgia nigdy nie jest tylko spotkaniem grupy ludzi, kt\u00f3ra niejako sama sobie organizuje sw\u0105 uroczysto\u015b\u0107, a zatem w\u0142a\u015bciwie siebie sam\u0105 \u015bwi\u0119tuje. Uczestnicz\u0105c w Jezusie Chrystusie, kt\u00f3ry staje przed Ojcem, zawsze stoimy r\u00f3wnie\u017c we wszech\u015bwiatowej wsp\u00f3lnocie ca\u0142ego Ko\u015bcio\u0142a, a tak\u017ce we wsp\u00f3lnocie wszystkich \u015bwi\u0119tych. Tak, jest to poniek\u0105d liturgia nieba \u2013 wielka liturgia otwartego nieba, kt\u00f3re pozwala si\u0119 nam przy\u0142\u0105czy\u0107 do anielskiego ch\u00f3ru adoracji\u201d<br \/>\n(J\u00f3zef Ratzinger, Opera omnia, XIII\/2, s. 722).<\/p>\n<p>Dzisiaj sprawujemy liturgi\u0119 ku czci \u015bwi\u0119tego diakona Szczepana, zwanego protomartyrem, czyli pierwszym m\u0119czennikiem. Otwiera on poch\u00f3d wielkich \u015bwiadk\u00f3w Chrystusa, kt\u00f3rzy oddali swe \u017cycie, okazuj\u0105c Mu wierno\u015b\u0107 a\u017c do ko\u0144ca. Po\u015br\u00f3d nich, w naszej polskiej tradycji duchowej i akademickiej trwa\u0142e miejsce znalaz\u0142 \u015bw. Stanis\u0142aw ze Szczepanowa, ku kt\u00f3rego czci skomponowano \u015bredniowieczny hymn Gaude Mater Polonia. Utw\u00f3r ten jest \u015bpiewany podczas ka\u017cdej inauguracji roku akademickiego i w czasie innych wa\u017cnych uroczysto\u015bci w polskich uczelniach. Dzi\u0119kujemy w nim Bogu za wielkich Polak\u00f3w, \u015bpiewaj\u0105c: \u201eRaduj si\u0119 Matko-Polsko, w s\u0142awne potomstwo p\u0142odna!\u201d. W ko\u0144cz\u0105cym si\u0119 roku stulecia odzyskania przez Polsk\u0119 niepodleg\u0142o\u015bci w szczeg\u00f3lny spos\u00f3b dzi\u0119kujemy za wk\u0142ad pracownik\u00f3w Wydzia\u0142u Teologicznego w kszta\u0142towanie duchowego oblicza polskiego narodu na przestrzeni minionego wieku. Z tego wydzia\u0142u w p\u00f3\u017aniejszych latach rozwin\u0105\u0142 si\u0119 nasz uniwersytet. Dzi\u0119kujemy zw\u0142aszcza za naszego patrona, \u015bw. Jana Paw\u0142a II, kt\u00f3rego sze\u015b\u0107dziesi\u0119ciolecie \u015bwi\u0119ce\u0144 biskupich obchodzili\u015bmy 28 wrze\u015bnia, a czterdziestolecie wyboru na Stolic\u0119 Piotrow\u0105 16 pa\u017adziernika br. <\/p>\n<p>Drodzy Bracia i Siostry!<br \/>\nPragn\u0119 w imieniu ca\u0142ej spo\u0142eczno\u015bci Uniwersytetu Papieskiego serdecznie podzi\u0119kowa\u0107 Wam wszystkim za wszelkie przejawy \u017cyczliwo\u015bci, zw\u0142aszcza za modlitw\u0119 i pomoc materialn\u0105. W tym kontek\u015bcie pragn\u0119 przypomnie\u0107<br \/>\no szczeg\u00f3lnej, liturgicznej formie naszej wdzi\u0119czno\u015bci w postaci comiesi\u0119cznych Mszy \u015awi\u0119tych sprawowanych w naszym ko\u015bciele akademickim pw. \u015bw. Marka w Krakowie: ka\u017cdego \u00f3smego dnia miesi\u0105ca w intencji \u017cyj\u0105cych, a ka\u017cdego siedemnastego w intencji zmar\u0142ych dobrodziej\u00f3w Uniwersytetu Papieskiego.<\/p>\n<p>Te Msze \u015awi\u0119te s\u0105 sprawowane przy grobie Micha\u0142a Giedroycia. Przez lata modlili\u015bmy si\u0119 o wyniesienie go na o\u0142tarze. Tym wi\u0119ksz\u0105 rado\u015bci\u0105 nape\u0142nia nas fakt, \u017ce Stolica Apostolska 8 listopada br. og\u0142osi\u0142a dekret o heroiczno\u015bci jego cn\u00f3t i potwierdzi\u0142a kult tego skromnego brata zakonnego, kt\u00f3ry doszed\u0142 do \u015bwi\u0119to\u015bci<br \/>\nw blasku liturgii, pe\u0142ni\u0105c pos\u0142ug\u0119 zakrystiana. B\u0142. Micha\u0142 Giedroy\u0107 jest patronem Instytutu Liturgicznego, kt\u00f3ry dzia\u0142a w ramach naszego uniwersytetu. Instytut ten zosta\u0142 za\u0142o\u017cony 23 wrze\u015bnia 1968 roku decyzj\u0105 kardyna\u0142a Karola Wojty\u0142y. Zleci\u0142 on wtedy ksi\u0119dzu doktorowi Wac\u0142awowi \u015awierzawskiemu, p\u00f3\u017aniejszemu rektorowi uczelni i biskupowi sandomierskiemu, zadanie za\u0142o\u017cenia o\u015brodka s\u0142u\u017c\u0105cego odnowie liturgicznej. Jego celem jest pog\u0142\u0119bianie wiary i \u017cycia chrze\u015bcija\u0144skiego poprzez rozw\u00f3j liturgii w duchu nauki Soboru Watyka\u0144skiego II. Zadanie to Instytut spe\u0142nia przez dzia\u0142alno\u015b\u0107 dydaktyczn\u0105, naukowo-badawcz\u0105, wydawnicz\u0105 i pastoraln\u0105. <\/p>\n<p>Drodzy Siostry i Bracia!<br \/>\nRaz jeszcze dzi\u0119kuj\u0105c za \u017cyczliwo\u015b\u0107 i dobro\u0107 Waszych serc, w imieniu wsp\u00f3lnoty akademickiej \u2013 profesor\u00f3w i student\u00f3w \u2013 Uniwersytetu Papieskiego Jana Paw\u0142a II wraz z darem modlitwy \u017cycz\u0119 Wam pi\u0119knych, radosnych, prze\u017cytych w duchu g\u0142\u0119bokiej rado\u015bci chrze\u015bcija\u0144skiej \u015awi\u0105t Bo\u017cego Narodzenia oraz wszelkiej pomy\u015blno\u015bci w nowym 2019 roku.<\/p>\n<p>\t\t\t\tks. prof. dr hab. Wojciech Zyzak<br \/>\n\t\t\t\trektor Uniwersytetu Papieskiego Jana Paw\u0142a II w Krakowie<\/p>\n<p>Krak\u00f3w, 26 grudnia 2018 roku<\/p>\n","protected":false},"excerpt":{"rendered":"<p>LIST REKTORA UNIWERSYTETU PAPIESKIEGO JANA PAW\u0141A II W KRAKOWIE NA DRUGI DZIE\u0143 \u015aWI\u0104T BO\u017bEGO NARODZENIA 2018 ROKU Drodzy Siostry i Bracia! Dok\u0142adnie przed pi\u0119\u0107dziesi\u0119cioma laty, podczas \u015awi\u0105t Bo\u017cego Narodzenia, kardyna\u0142 Karol Wojty\u0142a nawi\u0105za\u0142 w katedrze wawelskiej do niezwyk\u0142ego wydarzenia, kt\u00f3rym \u017cy\u0142 \u00f3wczesny \u015bwiat. Wtedy bowiem po raz pierwszy uda\u0142o si\u0119 ludziom opu\u015bci\u0107 Ziemi\u0119 i znale\u017a\u0107 [&hellip;]<\/p>\n","protected":false},"author":4,"featured_media":6486,"comment_status":"closed","ping_status":"closed","sticky":false,"template":"","format":"standard","meta":{"footnotes":""},"categories":[15],"tags":[],"class_list":["post-6484","post","type-post","status-publish","format-standard","has-post-thumbnail","hentry","category-warto-wiedziec"],"_links":{"self":[{"href":"https:\/\/parafiatokarnia.pl\/index.php?rest_route=\/wp\/v2\/posts\/6484","targetHints":{"allow":["GET"]}}],"collection":[{"href":"https:\/\/parafiatokarnia.pl\/index.php?rest_route=\/wp\/v2\/posts"}],"about":[{"href":"https:\/\/parafiatokarnia.pl\/index.php?rest_route=\/wp\/v2\/types\/post"}],"author":[{"embeddable":true,"href":"https:\/\/parafiatokarnia.pl\/index.php?rest_route=\/wp\/v2\/users\/4"}],"replies":[{"embeddable":true,"href":"https:\/\/parafiatokarnia.pl\/index.php?rest_route=%2Fwp%2Fv2%2Fcomments&post=6484"}],"version-history":[{"count":1,"href":"https:\/\/parafiatokarnia.pl\/index.php?rest_route=\/wp\/v2\/posts\/6484\/revisions"}],"predecessor-version":[{"id":6485,"href":"https:\/\/parafiatokarnia.pl\/index.php?rest_route=\/wp\/v2\/posts\/6484\/revisions\/6485"}],"wp:featuredmedia":[{"embeddable":true,"href":"https:\/\/parafiatokarnia.pl\/index.php?rest_route=\/wp\/v2\/media\/6486"}],"wp:attachment":[{"href":"https:\/\/parafiatokarnia.pl\/index.php?rest_route=%2Fwp%2Fv2%2Fmedia&parent=6484"}],"wp:term":[{"taxonomy":"category","embeddable":true,"href":"https:\/\/parafiatokarnia.pl\/index.php?rest_route=%2Fwp%2Fv2%2Fcategories&post=6484"},{"taxonomy":"post_tag","embeddable":true,"href":"https:\/\/parafiatokarnia.pl\/index.php?rest_route=%2Fwp%2Fv2%2Ftags&post=6484"}],"curies":[{"name":"wp","href":"https:\/\/api.w.org\/{rel}","templated":true}]}}