{"id":6467,"date":"2019-01-05T21:50:52","date_gmt":"2019-01-05T21:50:52","guid":{"rendered":"https:\/\/parafiatokarnia.pl\/?p=6467"},"modified":"2019-01-08T19:29:20","modified_gmt":"2019-01-08T19:29:20","slug":"uroczystosc-objawienia-panskiego-2018","status":"publish","type":"post","link":"https:\/\/parafiatokarnia.pl\/?p=6467","title":{"rendered":"UROCZYSTO\u015a\u0106 OBJAWIENIA PA\u0143SKIEGO 2018"},"content":{"rendered":"<p>Dzisiaj obchodzimy Uroczysto\u015b\u0107 Objawienia Pa\u0144skiego. \u015awi\u0119to Trzech Kr\u00f3li jest tak\u017ce dniem modlitw dzieci i m\u0142odzie\u017cy w intencji misji. Na mszy \u015bw. o godzinie 9.00 dzieci z Ko\u0142a Misyjnego przygotuj\u0105 opraw\u0119 liturgiczn\u0105, a po mszy \u015bw. zapraszaj\u0105 nas na kr\u00f3tki wyst\u0119p. Zach\u0119camy, aby pozosta\u0107 i wys\u0142ucha\u0107 kilku kol\u0119d, jakie dla nas przygotowali mali kol\u0119dnicy misyjni.<\/p>\n<p>Dzi\u0119kujemy mieszka\u0144com r\u00f3l Polana i Zamki za posprz\u0105tanie \u015bwi\u0105tyni oraz za ofiar\u0119 z\u0142o\u017con\u0105 na ko\u015bci\u00f3\u0142. O porz\u0105dki w tym tygodniu prosimy mieszka\u0144c\u00f3w roli Hanuski oraz 1. cz\u0119\u015b\u0107 roli Knapy do p. Mariana Kluski.<\/p>\n<p>Dzi\u0119kujemy narzeczonym: Ewelinie i Grzegorzowi oraz Danucie i Andrzejowi Bednarz za ofiar\u0119 na ko\u015bci\u00f3\u0142. B\u00f3g zap\u0142a\u0107.<\/p>\n<p>Dzi\u0119kujemy Dariuszowi Hanusiakowi za od\u015bnie\u017canie w ostatnich dniach terenu wok\u00f3\u0142 ko\u015bcio\u0142a i plebanii. <\/p>\n<p>W imieniu Janusza J\u0119drochy, Kapelmistrza Orkiestry D\u0119tej OSP Tokarnia oraz jej cz\u0142onk\u00f3w zapraszamy do sali widowiskowej Gminnego O\u015brodka Kultury i Sportu na Koncert Noworoczny, kt\u00f3ry rozpocznie si\u0119 dzisiaj o godzinie 16.30.<\/p>\n<p>Przy okazji wizyty duszpasterskiej ofiary na ko\u015bci\u00f3\u0142 z\u0142o\u017cyli:<\/p>\n<p>z roli Blychy: rodzina Pasiowiec, rodzina Dereweckich i Kowalcze, rodzina Korabik\u00f3w, rodzina Kotlarczyk\u00f3w, rodzina Makusk\u00f3w, rodzina Gwi\u017cd\u017c\u00f3w, rodzina Hanusiak\u00f3w, rodzina Hanusiak\u00f3w, rodzina Hanusiak\u00f3w; z Osiedla Dolnego: rodzina Kowalik\u00f3w, Janusz Kowalik z rodzin\u0105, rodzina Adamczyk\u00f3w; z Domu Nauczyciela: rodzina Luberd\u00f3w, rodzina Mizer\u00f3w, rodzina Krup\u00f3w, rodzina Kie\u0142tyk\u00f3w, rodzina Janiczak\u00f3w, rodzina Jarz\u0105bek, Antoni Jankowski, Anna Tomczyszyn, rodzina Spytkowskich, rodzina Ost\u00f3j; z O\u015brodka Zdrowia: rodzina Czech; z Apteki: Emilia i Dominik Czyszczo\u0144, rodzina Radoni\u00f3w; z Szko\u0142y: Anna Pa\u017adzior z c\u00f3rkami, Krystyna Romaniak.<\/p>\n<p>Z roli Kluski: rodzina Ralskich, rodzina Klusk\u00f3w, rodzina Wr\u00f3bl\u00f3w, rodzina Durk\u00f3w, rodzina Osielczak\u00f3w i Jastrz\u0119bskich, Piotr Kluska z rodzin\u0105, Janina Hanusiak, rodzina Zador\u00f3w, rodzina Klusk\u00f3w, Stanis\u0142aw Proszek, J\u00f3zefa Kluska, Krzysztof Kluska z rodzin\u0105, Zbigniew Kluska z rodzin\u0105, Janina Kluska, Marcin Kluska z rodzin\u0105, rodzina Bogda\u0144skich, rodzina Bonior\u00f3w, rodzina Makusk\u00f3w, rodzina Grzywacz\u00f3w, Teresa \u0141opata, Marta i Walenty Hanusiak, Piotr i Jolanta Janiczak i dwie rodziny, kt\u00f3re chcia\u0142y zachowa\u0107 anonimowo\u015b\u0107. <\/p>\n<p>Z roli Szewcy: rodzina Klusk\u00f3w, Krystyna Niewiadomska, rodzina Radoni\u00f3w, rodzina Osielczak\u00f3w, rodzina Makusk\u00f3w, rodzina Wietrzyk\u00f3w, Alina Hanusiak, Barbara i Rafa\u0142 Hanusiak, Ignacy i Andrzej Hanusiak z rodzin\u0105. <\/p>\n<p>Z roli Jurczaki: Adam P\u0119cek z rodzin\u0105, Stanis\u0142awa i Mieczys\u0142aw Le\u015bniak, rodzina Sochacz\u00f3w, rodzina P\u0119cek, Stanis\u0142aw Jurczak, rodzina Tekieli, Katarzyna i Krzysztof Korze\u0144, Halina i Tadeusz Jurczak z rodzin\u0105, Katarzyna i Tomasz Brutanek.<\/p>\n<p>Z roli Kud\u0142y: Anna i Tadeusz Gawlak, Ma\u0142gorzata i Wojciech z dzie\u0107mi, rodzina Gawlak\u00f3w.<\/p>\n<p>Z roli Debenosy: rodzina Pasiek\u00f3w, rodzina Kosek, rodzina Korabik\u00f3w, rodzina Bier\u00f3wk\u00f3w, Maria i J\u00f3zef Korabik, Franciszek J\u0119drocha z synami, Wojciech J\u0119drocha z rodzin\u0105, Piotr Makusek z rodzin\u0105, Danuta Pachura, rodzina Cudak\u00f3w, rodzina Klusk\u00f3w, Franciszek Bier\u00f3wka.<\/p>\n<p>Z roli Kasperki: Krystyna Romaniak z synem, cztery rodziny, kt\u00f3re poprosi\u0142y o anonimowo\u015b\u0107, rodzina Romaniak\u00f3w, rodzina Kukie\u0142k\u00f3w, rodzina Proszk\u00f3w i Gniadk\u00f3w, rodzina Radoni\u00f3w, rodzina Romanowskich, Maria i Antoni Mirek, El\u017cbieta i Krzysztof Miko\u0142ajczyk, rodzina Wr\u00f3bel.<\/p>\n<p>Z roli Kanie: rodzina Romaniak\u00f3w, Franciszek Kania z rodzin\u0105, J\u00f3zef Kania z rodzin\u0105, Stanis\u0142aw Kania, Tadeusz Kania, Maria i Stanis\u0142aw Kania z synami.<\/p>\n<p>Z roli Gwi\u017cd\u017ce: Marian Gwi\u017cd\u017c z rodzin\u0105.<\/p>\n<p>Z roli Hoboty: Halina i Tadeusz Bier\u00f3wka, rodzina Filipk\u00f3w, rodzina Jabco\u0144, Tomasz Szymanik, rodzina Go\u015bciej, Piotr i Barbara Hobot, Krzysztof Misura z rodzin\u0105, \u0141ukasz Hobot z rodzin\u0105,Tadeusz Hobot z rodzin\u0105, rodzina Hobot i Proszek, rodzina Tryba\u0142\u00f3w, rodzina Tyszkiewicz, rodzina Hanuszk\u00f3w, rodzina Zi\u0119b\u00f3w, Ryszard i celina Gwi\u017cd\u017c, rodzina Proszkowc\u00f3w, Andrzej Gwi\u017cd\u017c z rodzin\u0105, Lucyna i Stanis\u0142aw Cudak, Zofia Hobot, Edward Dyrcz, Piotr Dyrcz, rodzina Janickich, Andrzej Hobot z rodzin\u0105, Ludwik i Maria Hobot, rodzina Zadora, rodzina Filipek, rodzina Ho\u0142d\u00f3w<\/p>\n<p>Z roli Brzegi: rodzina Ryszkowskich, Karol i Renata Ci\u0119\u017ckowscy, Ryszard Ci\u0119\u017ckowski z rodzin\u0105, Jolanta i Bart\u0142omiej Ci\u0119\u017ckowscy z rodzicami, rodzina Kowalcze, rodzina Jabco\u0144, rodzina Flaga, Boles\u0142aw Bier\u00f3wka, Jan i Maria Bier\u00f3wka, rodzina Ziembl\u00f3w, rodzina Romaniak\u00f3w, Stanis\u0142aw Rado\u0144 z rodzin\u0105, Stanis\u0142aw Pindel, rodzina Lenartek, rodzina Nawara.<\/p>\n<p>Z roli Dzio\u0142ek: rodzina Kowalcze, Aniela P\u0119cek, rodzina P\u0119ck\u00f3w. <\/p>\n<p>Z roli J\u0105tyki: rodzina Majerk\u00f3w, rodzina Hanusiak\u00f3w, Piotr J\u0105tyka, rodzina Filipk\u00f3w, Stanis\u0142aw i Stanis\u0142awa Filipek z rodzin\u0105, rodzina Dr\u0105\u017cyk\u00f3w, rodzina Zador\u00f3w, rodzina Mirk\u00f3w, rodzina\u00a0 Zi\u0119b\u00f3w, rodzina Kosib\u00f3w. <\/p>\n<p>Z roli Per\u0142y: rodzina Chmielarczyk\u00f3w, rodzina Kozak\u00f3w i Hanusiak\u00f3w i rodzina, kt\u00f3ra pragnie zachowa\u0107 anonimowo\u015b\u0107. <\/p>\n<p>Z roli Pawlaki: rodzina Lork\u00f3w, rodzina Bud\u00f3w i Pietrzak\u00f3w, Maria Cudak i Adam Cudak z rodzin\u0105. <\/p>\n<p>Z roli Domy nad Kasprem: rodzina S\u0142onin\u00f3w i rodzina Zieli\u0144skich.<\/p>\n<p>Dodatkowo: Z roli Dziubras Dolny: rodzina P\u0119ck\u00f3w. Z roli Wierdonki: Micha\u0142 Mrozi\u0144ski z rodzin\u0105. Z roli Zagrody: Ewa i Bogus\u0142aw Kawo\u0144czyk.<\/p>\n<p>Wszystkim ofiarodawcom sk\u0142adamy serdeczne podzi\u0119kowanie za ofiary z\u0142o\u017cone na potrzeby naszego ko\u015bcio\u0142a.<\/p>\n<p>Harmonogram kol\u0119dy na kolejne dni:<\/p>\n<p>7 stycznia (poniedzia\u0142ek) &#8211; Urbany<br \/>\n8 stycznia (wtorek) \u2013 Zagrody, Dziubras Dolny<br \/>\n9 stycznia (\u015broda) \u2013 Bier\u00f3wki, Bryle<br \/>\n10 stycznia (czwartek) \u2013 Dziubras G\u00f3rny, Kostruchy<br \/>\n11 stycznia (pi\u0105tek) \u2013 Florki, Filia, Barnasi\u00f3wka, Za G\u00f3r\u0105, Morgi, Luberdy, \u0141ocki, Domy Pod Lasem, Przysop, Dzia\u0142 Wy\u017cny<br \/>\n12 stycznia (sobota) \u2013 Dzia\u0142 Ni\u017cny, Przymiarki, Tarn\u00f3w, M\u0142yny<\/p>\n<p>14 stycznia (poniedzia\u0142ek) \u2013 Bugaje, Durki, Kie\u0142tyki (pocz\u0105tek od roli Bugaje)<br \/>\n15 stycznia (wtorek) \u2013 Knapy \u2013 pocz\u0105tek wizyty od pa\u0144stwa Jurczak do ko\u0144ca<br \/>\n16 stycznia (\u015broda) \u2013 G\u0119bki<br \/>\n17 stycznia (czwartek) \u2013 Wierdonki<br \/>\n18 stycznia (pi\u0105tek) \u2013 Granica, Parchule<br \/>\n19 stycznia (sobota) \u2013 Dziury, Kocury, Proszki, Fu\u0142y<\/p>\n<p>21 stycznia (poniedzia\u0142ek) \u2013 Osiedle G\u00f3rne \u2013 pocz\u0105tek od pa\u0144stwa Funek do pa\u0144stwa Cudak<br \/>\n22 stycznia (wtorek) \u2013 Polana, Zamki, Hanuski oraz pozosta\u0142a cz\u0119\u015b\u0107 roli Knapy &#8211; od pa\u0144stwa Bednarz do p. Mariana Kluski<\/p>\n<p>Przed nami Niedziela Chrztu Pa\u0144skiego, kt\u00f3ra ko\u0144czy okres Bo\u017cego Narodzenia.<\/p>\n<p>Rada Pedagogiczna, Rada Rodzic\u00f3w i Samorz\u0105d uczniowski Szko\u0142y Podstawowej nr 1 im. ks. kardyna\u0142a Stefana Wyszy\u0144skiego Prymasa Tysi\u0105clecia zapraszaj\u0105 nas 13 stycznia (niedziela) na uroczysto\u015b\u0107: \u201eDzie\u0144 Patrona \u2013 Dniem Rodzinnego kol\u0119dowania\u201d. Rozpocz\u0119cie kol\u0119dowania o godzinie 14.30. W programie wyst\u0119py uczni\u00f3w i absolwent\u00f3w po\u0142\u0105czone z loteri\u0105 fantow\u0105.<\/p>\n","protected":false},"excerpt":{"rendered":"<p>Dzisiaj obchodzimy Uroczysto\u015b\u0107 Objawienia Pa\u0144skiego. \u015awi\u0119to Trzech Kr\u00f3li jest tak\u017ce dniem modlitw dzieci i m\u0142odzie\u017cy w intencji misji. Na mszy \u015bw. o godzinie 9.00 dzieci z Ko\u0142a Misyjnego przygotuj\u0105 opraw\u0119 liturgiczn\u0105, a po mszy \u015bw. zapraszaj\u0105 nas na kr\u00f3tki wyst\u0119p. Zach\u0119camy, aby pozosta\u0107 i wys\u0142ucha\u0107 kilku kol\u0119d, jakie dla nas przygotowali mali kol\u0119dnicy misyjni. Dzi\u0119kujemy [&hellip;]<\/p>\n","protected":false},"author":4,"featured_media":0,"comment_status":"closed","ping_status":"closed","sticky":false,"template":"","format":"standard","meta":{"footnotes":""},"categories":[6],"tags":[],"class_list":["post-6467","post","type-post","status-publish","format-standard","hentry","category-ogloszenia"],"_links":{"self":[{"href":"https:\/\/parafiatokarnia.pl\/index.php?rest_route=\/wp\/v2\/posts\/6467","targetHints":{"allow":["GET"]}}],"collection":[{"href":"https:\/\/parafiatokarnia.pl\/index.php?rest_route=\/wp\/v2\/posts"}],"about":[{"href":"https:\/\/parafiatokarnia.pl\/index.php?rest_route=\/wp\/v2\/types\/post"}],"author":[{"embeddable":true,"href":"https:\/\/parafiatokarnia.pl\/index.php?rest_route=\/wp\/v2\/users\/4"}],"replies":[{"embeddable":true,"href":"https:\/\/parafiatokarnia.pl\/index.php?rest_route=%2Fwp%2Fv2%2Fcomments&post=6467"}],"version-history":[{"count":2,"href":"https:\/\/parafiatokarnia.pl\/index.php?rest_route=\/wp\/v2\/posts\/6467\/revisions"}],"predecessor-version":[{"id":6470,"href":"https:\/\/parafiatokarnia.pl\/index.php?rest_route=\/wp\/v2\/posts\/6467\/revisions\/6470"}],"wp:attachment":[{"href":"https:\/\/parafiatokarnia.pl\/index.php?rest_route=%2Fwp%2Fv2%2Fmedia&parent=6467"}],"wp:term":[{"taxonomy":"category","embeddable":true,"href":"https:\/\/parafiatokarnia.pl\/index.php?rest_route=%2Fwp%2Fv2%2Fcategories&post=6467"},{"taxonomy":"post_tag","embeddable":true,"href":"https:\/\/parafiatokarnia.pl\/index.php?rest_route=%2Fwp%2Fv2%2Ftags&post=6467"}],"curies":[{"name":"wp","href":"https:\/\/api.w.org\/{rel}","templated":true}]}}