{"id":6238,"date":"2018-09-16T08:20:31","date_gmt":"2018-09-16T08:20:31","guid":{"rendered":"https:\/\/parafiatokarnia.pl\/?p=6238"},"modified":"2018-09-19T08:22:38","modified_gmt":"2018-09-19T08:22:38","slug":"24-niedziela-zwykla-4","status":"publish","type":"post","link":"https:\/\/parafiatokarnia.pl\/?p=6238","title":{"rendered":"24 NIEDZIELA ZWYK\u0141A 2018"},"content":{"rendered":"<p>Dzi\u0119kujemy mieszka\u0144com roli Blychy za posprz\u0105tanie \u015bwi\u0105tyni, z\u0142o\u017con\u0105 ofiar\u0119 na kwiaty i na malowanie ko\u015bcio\u0142a. W tym tygodniu o porz\u0105dki prosimy mieszka\u0144c\u00f3w roli Osiedle, kt\u00f3r\u0105 podzielili\u015bmy na 3 cz\u0119\u015bci.<\/p>\n<p>Dzi\u015b wspominamy \u015bw. m\u0119czennik\u00f3w: Korneliusza, papie\u017ca i Cypriana, biskupa.<\/p>\n<p>\u0141\u0105czymy si\u0119 z uczestnikami Pielgrzymki Rodzin w Kalwarii Zebrzydowskiej. Tegoroczna, odbywa si\u0119 pod has\u0142em: \u201eRodzina centrum i sercem cywilizacji mi\u0142o\u015bci\u201d. Niech Maryja or\u0119duje za ka\u017cdym domem i wspiera ka\u017cdy trud wychowawczy.<\/p>\n<p>W dniu dzisiejszym odprawimy tradycyjnie Drog\u0119 Krzy\u017cow\u0105 na Urbaniej G\u00f3rze. Rozpocz\u0119cie nabo\u017ce\u0144stwa o godz. 17.00 przy pierwszej stacji.<\/p>\n<p>Na malowanie \u015bwi\u0105tyni ofiary z\u0142o\u017cyli: Dyrekcja naszych szk\u00f3\u0142 wraz z Nauczycielami Szko\u0142y Podstawowej nr 1 i nr 2; Anna i Piotr Kie\u0142tyka; Ma\u0142gorzata i Wies\u0142aw Bier\u00f3wka; Stanis\u0142awa Hanusiak; Dorota i Dariusz Dziadkowiec; Stefania Sowa z Biertowic. B\u00f3g zap\u0142a\u0107.<\/p>\n<p>W pi\u0105tek Godziny Mi\u0142osierdzia. W zwi\u0105zku z trwaj\u0105cymi pracami w ko\u015bciele Koronka do Bo\u017cego Mi\u0142osierdzia i adoracja Naj\u015bwi\u0119tszego Sakramentu o godz. 18.00, po niej modlitwa r\u00f3\u017ca\u0144cowa. Na msz\u0119 \u015bw. wieczorn\u0105 (19.00) zapraszamy dzieci pierwszokomunijne i ich rodzic\u00f3w. Po mszy \u015bw. kr\u00f3tkie spotkanie duszpasterza z rodzicami. O godz. 20.30 Koronka, Apel Jasnog\u00f3rski i indywidualne b\u0142ogos\u0142awie\u0144stwo Naj\u015bwi\u0119tszym Sakramentem.<\/p>\n<p>Zapraszamy nowe dzieci na pr\u00f3by scholi \u201e\u015anie\u017cnej Pani\u201d, kt\u00f3re odbywaj\u0105 si\u0119 w ka\u017cd\u0105 sobot\u0119 o godzinie 10.00.<\/p>\n<p>Kalendarz liturgiczny:<br \/>\nPoniedzia\u0142ek &#8211; wspomnienie \u015bw. Roberta Bellarmina, bpa i \u015bw. Zygmunta Szcz\u0119snego Feli\u0144skiego, bpa<br \/>\nWtorek &#8211; \u015bwi\u0119to \u015bw. Stanis\u0142awa Kostki, zakonnika, patrona Polski<br \/>\nCzwartek &#8211; wspomnienie \u015bw. m\u0119czennik\u00f3w korea\u0144skich: Andrzeja Kim Taegon, prezbitera, Paw\u0142a Chong Hasang i Towarzyszy.<br \/>\nPi\u0105tek &#8211; \u015bwi\u0119to \u015bw. Mateusza, aposto\u0142a i ewangelisty<br \/>\nSobota &#8211; wspomnienie b\u0142. Bernardyny Marii Jab\u0142o\u0144skiej,<\/p>\n<p>B\u0142ogos\u0142awionej niedzieli. <\/p>\n","protected":false},"excerpt":{"rendered":"<p>Dzi\u0119kujemy mieszka\u0144com roli Blychy za posprz\u0105tanie \u015bwi\u0105tyni, z\u0142o\u017con\u0105 ofiar\u0119 na kwiaty i na malowanie ko\u015bcio\u0142a. W tym tygodniu o porz\u0105dki prosimy mieszka\u0144c\u00f3w roli Osiedle, kt\u00f3r\u0105 podzielili\u015bmy na 3 cz\u0119\u015bci. Dzi\u015b wspominamy \u015bw. m\u0119czennik\u00f3w: Korneliusza, papie\u017ca i Cypriana, biskupa. \u0141\u0105czymy si\u0119 z uczestnikami Pielgrzymki Rodzin w Kalwarii Zebrzydowskiej. Tegoroczna, odbywa si\u0119 pod has\u0142em: \u201eRodzina centrum i [&hellip;]<\/p>\n","protected":false},"author":4,"featured_media":0,"comment_status":"closed","ping_status":"closed","sticky":false,"template":"","format":"standard","meta":{"footnotes":""},"categories":[6],"tags":[],"class_list":["post-6238","post","type-post","status-publish","format-standard","hentry","category-ogloszenia"],"_links":{"self":[{"href":"https:\/\/parafiatokarnia.pl\/index.php?rest_route=\/wp\/v2\/posts\/6238","targetHints":{"allow":["GET"]}}],"collection":[{"href":"https:\/\/parafiatokarnia.pl\/index.php?rest_route=\/wp\/v2\/posts"}],"about":[{"href":"https:\/\/parafiatokarnia.pl\/index.php?rest_route=\/wp\/v2\/types\/post"}],"author":[{"embeddable":true,"href":"https:\/\/parafiatokarnia.pl\/index.php?rest_route=\/wp\/v2\/users\/4"}],"replies":[{"embeddable":true,"href":"https:\/\/parafiatokarnia.pl\/index.php?rest_route=%2Fwp%2Fv2%2Fcomments&post=6238"}],"version-history":[{"count":2,"href":"https:\/\/parafiatokarnia.pl\/index.php?rest_route=\/wp\/v2\/posts\/6238\/revisions"}],"predecessor-version":[{"id":6243,"href":"https:\/\/parafiatokarnia.pl\/index.php?rest_route=\/wp\/v2\/posts\/6238\/revisions\/6243"}],"wp:attachment":[{"href":"https:\/\/parafiatokarnia.pl\/index.php?rest_route=%2Fwp%2Fv2%2Fmedia&parent=6238"}],"wp:term":[{"taxonomy":"category","embeddable":true,"href":"https:\/\/parafiatokarnia.pl\/index.php?rest_route=%2Fwp%2Fv2%2Fcategories&post=6238"},{"taxonomy":"post_tag","embeddable":true,"href":"https:\/\/parafiatokarnia.pl\/index.php?rest_route=%2Fwp%2Fv2%2Ftags&post=6238"}],"curies":[{"name":"wp","href":"https:\/\/api.w.org\/{rel}","templated":true}]}}