{"id":6107,"date":"2018-08-11T20:20:10","date_gmt":"2018-08-11T20:20:10","guid":{"rendered":"https:\/\/parafiatokarnia.pl\/?p=6107"},"modified":"2018-08-11T20:20:10","modified_gmt":"2018-08-11T20:20:10","slug":"19-niedziela-zwykla-2018","status":"publish","type":"post","link":"https:\/\/parafiatokarnia.pl\/?p=6107","title":{"rendered":"19 NIEDZIELA ZWYK\u0141A 2018"},"content":{"rendered":"<p>Dzi\u0119kujemy mieszka\u0144com trzeciej cz\u0119\u015bci r\u00f3l: Jurczaki, Debenosy, Kud\u0142y i Kanie za posprz\u0105tanie \u015bwi\u0105tyni, za udekorowanie o\u0142tarza kwiatami i z\u0142o\u017con\u0105 ofiar\u0119 na ko\u015bci\u00f3\u0142. W tym tygodniu o porz\u0105dki w \u015bwi\u0105tyni prosimy mieszka\u0144c\u00f3w czwartej cz\u0119\u015bci tych\u017ce r\u00f3l, kt\u00f3re podzielili\u015bmy na 5 cz\u0119\u015bci.<\/p>\n<p>Dzisiaj Do\u017cynki Gminne. Mszy \u015bw. dzi\u0119kczynnej za plony o godzinie 14.00 przewodniczy\u0107 b\u0119dzie ks. Jan Dziubek, proboszcz z Krzczonowa. Po mszy \u015bw. przemarsz na stadion z Orkiestr\u0105 D\u0119t\u0105 OSP Tokarnia.<\/p>\n<p>Dzi\u0119kujemy naszym Go\u015bciom i Parafianom za wsp\u00f3ln\u0105 modlitw\u0119 i liczny udzia\u0142 w odpu\u015bcie parafialnym. B\u00f3g zap\u0142a\u0107 p. Zofii Janickiej, So\u0142tys wsi Tokarnia za podarowany chleb do dar\u00f3w ofiarnych w czasie sumy odpustowej.<\/p>\n<p>Podzi\u0119kowania dla wszystkich, kt\u00f3rzy swoim po\u015bwi\u0119conym czasem, ci\u0119\u017ck\u0105 prac\u0105 i talentem podzielili si\u0119 razem z nami organizuj\u0105c dla nas 4. Dobroczynny Piknik Rodzinny. <\/p>\n<p>Do grona tych, kt\u00f3rzy nas wsparli do\u0142\u0105czyli: Anna i Marian Hanusiak; Michalina i Zbigniew Klimas; Ma\u0142gorzata i Janusz Dziubras; Katarzyna i Dariusz Hanusiak; Zofia i Stanis\u0142aw Korabik; Maria Worwa; Stanis\u0142aw Winter, Sylwia Mirowska-Ignacok; Stanis\u0142aw Nawara; J\u00f3zef Wrona; Anna Wolska; J\u00f3zef G\u00f3rka, w\u0142a\u015bciciel Firmy \u201eW\u0119dzonka\u201d; Ryszard Zawadzki, Firma \u201eJurajska\u201d; Jan Burkat, w\u0142a\u015bciciel \u201eStarej Cegielni\u201d; J\u00f3zef Wr\u00f3bel, prezes Sp\u00f3\u0142dzielni Gminnej \u201eSamopomoc Ch\u0142opska\u201d. <\/p>\n<p>Wszystkim z ca\u0142ego serca dzi\u0119kujemy. Pe\u0142na lista organizator\u00f3w, fundator\u00f3w, ofiarodawc\u00f3w i darczy\u0144c\u00f3w na stronie internetowej, FB naszej parafii oraz w gablocie w wej\u015bciu do ko\u015bcio\u0142a.<\/p>\n<p>Dzi\u0119kujemy, \u017ce pomimo niesprzyjaj\u0105cej pogody przyszli\u015bcie, a\u017ceby rado\u015bnie i rodzinnie razem ze swymi dzie\u0107mi \u015bwi\u0119towa\u0107 odpust ku czci naszej Matki &#8211; Opiekunki dzieci. \u017be po raz kolejny dali\u015bmy \u015bwiadectwo, \u017ce w wa\u017cnych momentach potrafimy si\u0119 wspiera\u0107, by\u0107 razem, modli\u0107 si\u0119 i radowa\u0107. \u017be tylko wsp\u00f3lnie mo\u017cna robi\u0107 warto\u015bciowe rzeczy i osi\u0105gn\u0105\u0107 zamierzony cel. <\/p>\n<p>Na malowanie \u015bwi\u0105tyni ofiary z\u0142o\u017cyli: Katarzyna i Franciszek Tryba\u0142a; grupa \u015bpiewacza \u201eTokarzanki\u201d; Maria Zadora; Edward Ost\u00f3j z rodzin\u0105; pewna osoba; rodzina Kami\u0144skich i rodzina Wr\u00f3bel. B\u00f3g zap\u0142a\u0107.<\/p>\n<p>W \u015brod\u0119 Uroczysto\u015b\u0107 Wniebowzi\u0119cia NMP. Do\u017cynki Parafialne. Msze \u015bw. jak w niedziel\u0119. Msza \u015bw. dzi\u0119kczynna w podzi\u0119kowaniu za plony o godzinie 11.00. Po\u015bwi\u0119cenie kwiat\u00f3w, zi\u00f3\u0142 i owoc\u00f3w podczas ka\u017cdej mszy \u015bw.<\/p>\n<p>W najbli\u017cszy pi\u0105tek, z racji trzeciego pi\u0105tku miesi\u0105ca Godziny Mi\u0142osierdzia. O godz. 15.00 Koronka do Bo\u017cego Mi\u0142osierdzia, potem adoracja do godz. 18.30. O godz. 20.30 Koronka, Apel Jasnog\u00f3rski i indywidualne b\u0142ogos\u0142awie\u0144stwo Naj\u015bwi\u0119tszym Sakramentem.<\/p>\n<p>Za tydzie\u0144 trzecia niedziela miesi\u0105ca. Sk\u0142adka przeznaczona na malowanie ko\u015bcio\u0142a.<\/p>\n<p>\u015aw. Pawe\u0142 poleca: \u201eNiech zniknie spo\u015br\u00f3d was wszelka gorycz, uniesienie, gniew, wrzaskliwo\u015b\u0107, zniewa\u017canie \u2013 wraz z wszelk\u0105 z\u0142o\u015bci\u0105\u201d. Niech or\u0119downictwo Maryi pomaga nam w uszlachetnieniu codzienno\u015bci.<\/p>\n","protected":false},"excerpt":{"rendered":"<p>Dzi\u0119kujemy mieszka\u0144com trzeciej cz\u0119\u015bci r\u00f3l: Jurczaki, Debenosy, Kud\u0142y i Kanie za posprz\u0105tanie \u015bwi\u0105tyni, za udekorowanie o\u0142tarza kwiatami i z\u0142o\u017con\u0105 ofiar\u0119 na ko\u015bci\u00f3\u0142. W tym tygodniu o porz\u0105dki w \u015bwi\u0105tyni prosimy mieszka\u0144c\u00f3w czwartej cz\u0119\u015bci tych\u017ce r\u00f3l, kt\u00f3re podzielili\u015bmy na 5 cz\u0119\u015bci. Dzisiaj Do\u017cynki Gminne. Mszy \u015bw. dzi\u0119kczynnej za plony o godzinie 14.00 przewodniczy\u0107 b\u0119dzie ks. Jan [&hellip;]<\/p>\n","protected":false},"author":4,"featured_media":0,"comment_status":"closed","ping_status":"closed","sticky":false,"template":"","format":"standard","meta":{"footnotes":""},"categories":[6],"tags":[],"class_list":["post-6107","post","type-post","status-publish","format-standard","hentry","category-ogloszenia"],"_links":{"self":[{"href":"https:\/\/parafiatokarnia.pl\/index.php?rest_route=\/wp\/v2\/posts\/6107","targetHints":{"allow":["GET"]}}],"collection":[{"href":"https:\/\/parafiatokarnia.pl\/index.php?rest_route=\/wp\/v2\/posts"}],"about":[{"href":"https:\/\/parafiatokarnia.pl\/index.php?rest_route=\/wp\/v2\/types\/post"}],"author":[{"embeddable":true,"href":"https:\/\/parafiatokarnia.pl\/index.php?rest_route=\/wp\/v2\/users\/4"}],"replies":[{"embeddable":true,"href":"https:\/\/parafiatokarnia.pl\/index.php?rest_route=%2Fwp%2Fv2%2Fcomments&post=6107"}],"version-history":[{"count":1,"href":"https:\/\/parafiatokarnia.pl\/index.php?rest_route=\/wp\/v2\/posts\/6107\/revisions"}],"predecessor-version":[{"id":6108,"href":"https:\/\/parafiatokarnia.pl\/index.php?rest_route=\/wp\/v2\/posts\/6107\/revisions\/6108"}],"wp:attachment":[{"href":"https:\/\/parafiatokarnia.pl\/index.php?rest_route=%2Fwp%2Fv2%2Fmedia&parent=6107"}],"wp:term":[{"taxonomy":"category","embeddable":true,"href":"https:\/\/parafiatokarnia.pl\/index.php?rest_route=%2Fwp%2Fv2%2Fcategories&post=6107"},{"taxonomy":"post_tag","embeddable":true,"href":"https:\/\/parafiatokarnia.pl\/index.php?rest_route=%2Fwp%2Fv2%2Ftags&post=6107"}],"curies":[{"name":"wp","href":"https:\/\/api.w.org\/{rel}","templated":true}]}}