{"id":5961,"date":"2018-07-08T08:41:15","date_gmt":"2018-07-08T08:41:15","guid":{"rendered":"https:\/\/parafiatokarnia.pl\/?p=5961"},"modified":"2018-07-08T08:41:15","modified_gmt":"2018-07-08T08:41:15","slug":"14-niedziela-zwykla-4","status":"publish","type":"post","link":"https:\/\/parafiatokarnia.pl\/?p=5961","title":{"rendered":"14 NIEDZIELA ZWYK\u0141A"},"content":{"rendered":"<p>Dzi\u0119kujemy mieszka\u0144com r\u00f3l: Luberdy, \u0141ocki i Morgi za posprz\u0105tanie \u015bwi\u0105tyni, skoszenie trawy wok\u00f3\u0142 ko\u015bcio\u0142a i plebanii oraz za z\u0142o\u017con\u0105 ofiar\u0119 na ko\u015bci\u00f3\u0142. O porz\u0105dki w tym tygodniu prosimy mieszka\u0144c\u00f3w r\u00f3l: Pod Lasem, Przysop i Dzia\u0142 Wy\u017cny, kt\u00f3re podzielili\u015bmy na 2 cz\u0119\u015bci.<\/p>\n<p>Przypominamy, \u017ce w okresie wakacyjnym \u2013 ze wzgl\u0119du na trwaj\u0105ce prace przy malowaniu polichromii &#8211; msze \u015bw. w ci\u0105gu ca\u0142ego tygodnia s\u0105 odprawiane tylko wieczorem o godzinie 19.00.<\/p>\n<p>Kancelaria w wakacje jest czynna: poniedzia\u0142ek; \u015broda i czwartek bezpo\u015brednio po mszy \u015bw. wieczornej do godziny 20.00. W sobot\u0119 rano od 8.00 do 9.00. Sprawy pogrzebowe przyjmujemy o ka\u017cdej porze, a sprawy ma\u0142\u017ce\u0144skie po indywidualnym um\u00f3wieniu si\u0119 z ksi\u0119dzem.<\/p>\n<p>We \u015brod\u0119 \u2013 11 lipca \u2013 w ramach trwaj\u0105cej Nowenny Jubileuszowej z okazji 100. rocznicy odzyskania niepodleg\u0142o\u015bci w modlitwie r\u00f3\u017ca\u0144cowej i podczas nabo\u017ce\u0144stwa do Matki Bo\u017cej Nieustaj\u0105cej Pomocy b\u0119dziemy si\u0119 modli\u0107 w intencji Ojczyzny.<\/p>\n<p>Na malowanie \u015bwi\u0105tyni ofiary z\u0142o\u017cyli: pewna osoba, prosz\u0105ca o anonimowo\u015b\u0107; Kazmierz Gospodarczyk z rodzin\u0105. Wszystkim parafianom, kt\u00f3rzy swoj\u0105 modlitw\u0105, oraz darem materialnym wspieraj\u0105 t\u0119 inwestycj\u0119 z ca\u0142ego serca dzi\u0119kujemy. Za tydzie\u0144 sk\u0142adka przeznaczona na malowanie ko\u015bcio\u0142a.<\/p>\n<p>Dzi\u0119kujemy tak\u017ce Zofii Omylak i Krystynie Luberda za ofiary z\u0142o\u017cone na ko\u015bci\u00f3\u0142.<\/p>\n<p>Pr\u00f3by scholi odbywa\u0107 si\u0119 b\u0119d\u0105 w sobot\u0119 o godz. 10.00. Zapraszamy dziewczynki i ch\u0142opc\u00f3w, kt\u00f3rzy chc\u0105 do\u0142\u0105czy\u0107 do tej roz\u015bpiewanej grupy.<\/p>\n<p>W doczesnych pr\u00f3bach Pan Jezus wspiera \u015bw. Paw\u0142a: \u201eWystarczy ci mojej \u0142aski. Moc bowiem w s\u0142abo\u015bci si\u0119 doskonali\u201d. Niech \u0142aska Bo\u017ca mobilizuje nas w ka\u017cdym dniu wakacji.<\/p>\n","protected":false},"excerpt":{"rendered":"<p>Dzi\u0119kujemy mieszka\u0144com r\u00f3l: Luberdy, \u0141ocki i Morgi za posprz\u0105tanie \u015bwi\u0105tyni, skoszenie trawy wok\u00f3\u0142 ko\u015bcio\u0142a i plebanii oraz za z\u0142o\u017con\u0105 ofiar\u0119 na ko\u015bci\u00f3\u0142. O porz\u0105dki w tym tygodniu prosimy mieszka\u0144c\u00f3w r\u00f3l: Pod Lasem, Przysop i Dzia\u0142 Wy\u017cny, kt\u00f3re podzielili\u015bmy na 2 cz\u0119\u015bci. Przypominamy, \u017ce w okresie wakacyjnym \u2013 ze wzgl\u0119du na trwaj\u0105ce prace przy malowaniu polichromii [&hellip;]<\/p>\n","protected":false},"author":4,"featured_media":0,"comment_status":"closed","ping_status":"closed","sticky":false,"template":"","format":"standard","meta":{"footnotes":""},"categories":[6],"tags":[],"class_list":["post-5961","post","type-post","status-publish","format-standard","hentry","category-ogloszenia"],"_links":{"self":[{"href":"https:\/\/parafiatokarnia.pl\/index.php?rest_route=\/wp\/v2\/posts\/5961","targetHints":{"allow":["GET"]}}],"collection":[{"href":"https:\/\/parafiatokarnia.pl\/index.php?rest_route=\/wp\/v2\/posts"}],"about":[{"href":"https:\/\/parafiatokarnia.pl\/index.php?rest_route=\/wp\/v2\/types\/post"}],"author":[{"embeddable":true,"href":"https:\/\/parafiatokarnia.pl\/index.php?rest_route=\/wp\/v2\/users\/4"}],"replies":[{"embeddable":true,"href":"https:\/\/parafiatokarnia.pl\/index.php?rest_route=%2Fwp%2Fv2%2Fcomments&post=5961"}],"version-history":[{"count":1,"href":"https:\/\/parafiatokarnia.pl\/index.php?rest_route=\/wp\/v2\/posts\/5961\/revisions"}],"predecessor-version":[{"id":5962,"href":"https:\/\/parafiatokarnia.pl\/index.php?rest_route=\/wp\/v2\/posts\/5961\/revisions\/5962"}],"wp:attachment":[{"href":"https:\/\/parafiatokarnia.pl\/index.php?rest_route=%2Fwp%2Fv2%2Fmedia&parent=5961"}],"wp:term":[{"taxonomy":"category","embeddable":true,"href":"https:\/\/parafiatokarnia.pl\/index.php?rest_route=%2Fwp%2Fv2%2Fcategories&post=5961"},{"taxonomy":"post_tag","embeddable":true,"href":"https:\/\/parafiatokarnia.pl\/index.php?rest_route=%2Fwp%2Fv2%2Ftags&post=5961"}],"curies":[{"name":"wp","href":"https:\/\/api.w.org\/{rel}","templated":true}]}}