{"id":5912,"date":"2018-06-18T07:19:01","date_gmt":"2018-06-18T07:19:01","guid":{"rendered":"https:\/\/parafiatokarnia.pl\/?p=5912"},"modified":"2018-06-18T07:19:10","modified_gmt":"2018-06-18T07:19:10","slug":"18-vi-24-vi-2018","status":"publish","type":"post","link":"https:\/\/parafiatokarnia.pl\/?p=5912","title":{"rendered":"18 VI &#8211; 24 VI 2018"},"content":{"rendered":"<p>PONIEDZIA\u0141EK 18 VI 2018<br \/>\n06.30 + Janina Durek \u2013 od bratowej Jadwigi z rodzin\u0105<br \/>\n06.30  O dobre urodzaje, b\u0142ogos\u0142awie\u0144stwo w pracach polowych, zachowanie od kl\u0119sk \u017cywio\u0142owych dla mieszka\u0144c\u00f3w roli Brzegi, a dla zmar\u0142ych o \u017cycie wieczne<br \/>\n18.00 + J\u00f3zef J\u0105tyka \u2013 od Stowarzyszenia Os\u00f3b Niepe\u0142nosprawnych<br \/>\n18.00 + J\u00f3zefa Hobot \u2013 od Marii i Jana Bier\u00f3wka<\/p>\n<p>WTOREK 19 VI 2018<br \/>\n06.30 + J\u00f3zefa Hobot \u2013 od Marii i Jana Bier\u00f3wki<br \/>\n06.30  O dobre urodzaje, b\u0142ogos\u0142awie\u0144stwo w pracach polowych, zachowanie od kl\u0119sk \u017cywio\u0142owych dla mieszka\u0144c\u00f3w roli Proszki, a dla zmar\u0142ych o \u017cycie wieczne<br \/>\n18.00 + Janina Durek \u2013 od chrze\u015bnicy Jolanty z rodzin\u0105<br \/>\n18.00 O dobre urodzaje, b\u0142ogos\u0142awie\u0144stwo w pracach polowych, zachowanie od kl\u0119sk \u017cywio\u0142owych dla mieszka\u0144c\u00f3w r\u00f3l: Durki i Kie\u0142tyki, a dla zmar\u0142ych o \u017cycie wieczne<\/p>\n<p>\u015aRODA 20 VI 2018<br \/>\n06.30 + Janina Durek \u2013 od chrze\u015bnicy Jolanty z rodzin\u0105<br \/>\n06.30  O dobre urodzaje, b\u0142ogos\u0142awie\u0144stwo w pracach polowych, zachowanie od kl\u0119sk \u017cywio\u0142owych dla mieszka\u0144c\u00f3w roli Na Zamku, a dla zmar\u0142ych o \u017cycie wieczne<br \/>\n18.00 + J\u00f3zefa Hobot \u2013 od Marii i Jana Bier\u00f3wka<br \/>\n18.00 + Maria; + Jan Zaj\u0105c<\/p>\n<p>CZWARTEK 21 VI 2018<br \/>\n06.30 + J\u00f3zefa Hobot \u2013 od Haliny i Tadeusza Bier\u00f3wka z dzie\u0107mi<br \/>\n06.30   W intencji uczestnik\u00f3w po\u015bwi\u0119cenia kapliczki MB pod Groniem<br \/>\n18.00 + Franciszek Bier\u00f3wka \u2013 5. rocznica \u015bmierci<\/p>\n<p>PI\u0104TEK 22 VI 2018<br \/>\n06.30 + J\u00f3zefa Hobot \u2013 od Uli i Krzysztofa Polaniak z dzie\u0107mi<br \/>\n06.30  O dobre urodzaje, b\u0142ogos\u0142awie\u0144stwo w pracach polowych, zachowanie od kl\u0119sk \u017cywio\u0142owych dla mieszka\u0144c\u00f3w roli Hanuski, a dla zmar\u0142ych o \u017cycie wieczne<br \/>\n18.00    Za zmar\u0142ych<\/p>\n<p>SOBOTA 23 VI 2018<br \/>\n06.30 + W\u0142adys\u0142aw Lech; + Maria, \u017cona; + Franciszek Romaniak; + Stefania, \u017cona; + Stanis\u0142aw, syn<br \/>\n18.00 + J\u00f3zefa Hobot \u2013 od Martyny z rodzin\u0105<br \/>\n18.00 + Tadeusz Zdu\u0144 \u2013 od dzieci z okazji Dnia Ojca<\/p>\n<p>NIEDZIELA 24 VI 2018<br \/>\n07.00   W podzi\u0119kowaniu za otrzymane \u0142aski z pro\u015bb\u0105 o dalsze Bo\u017ce b\u0142ogos\u0142awie\u0144stwo i opiek\u0119 Pani Tokarskiej dla cz\u0142onk\u00f3w R\u00f3\u017cy MB Nieustaj\u0105cej Pomocy, a dla zmar\u0142ych o \u017cycie wieczne<br \/>\n09.00   W podzi\u0119kowaniu za otrzymane \u0142aski z pro\u015bb\u0105 o dalsze Bo\u017ce b\u0142ogos\u0142awie\u0144stwo i opiek\u0119 Matki Bo\u017cej \u015anie\u017cnej, Matki Kap\u0142an\u00f3w dla ks. Paw\u0142a z okazji Imienin \u2013 od wsp\u00f3lnot modlitewnych<br \/>\n11.00   W podzi\u0119kowaniu za otrzymane \u0142aski z pro\u015bb\u0105 o dalsze Bo\u017ce b\u0142ogos\u0142awie\u0144stwo, opiek\u0119 Matki Bo\u017cej \u015anie\u017cnej dla Beaty i J\u00f3zefa z okazji 20. rocznicy \u015blubu<br \/>\n11.00 + Stanis\u0142aw Zadora \u2013 4. rocznica \u015bmierci<br \/>\n15.30  O zdrowie i Bo\u017ce b\u0142ogos\u0142awie\u0144stwo w pewnej rodzinie<\/p>\n","protected":false},"excerpt":{"rendered":"<p>PONIEDZIA\u0141EK 18 VI 2018 06.30 + Janina Durek \u2013 od bratowej Jadwigi z rodzin\u0105 06.30 O dobre urodzaje, b\u0142ogos\u0142awie\u0144stwo w pracach polowych, zachowanie od kl\u0119sk \u017cywio\u0142owych dla mieszka\u0144c\u00f3w roli Brzegi, a dla zmar\u0142ych o \u017cycie wieczne 18.00 + J\u00f3zef J\u0105tyka \u2013 od Stowarzyszenia Os\u00f3b Niepe\u0142nosprawnych 18.00 + J\u00f3zefa Hobot \u2013 od Marii i Jana Bier\u00f3wka [&hellip;]<\/p>\n","protected":false},"author":4,"featured_media":0,"comment_status":"closed","ping_status":"closed","sticky":false,"template":"","format":"standard","meta":{"footnotes":""},"categories":[22],"tags":[],"class_list":["post-5912","post","type-post","status-publish","format-standard","hentry","category-intencje"],"_links":{"self":[{"href":"https:\/\/parafiatokarnia.pl\/index.php?rest_route=\/wp\/v2\/posts\/5912","targetHints":{"allow":["GET"]}}],"collection":[{"href":"https:\/\/parafiatokarnia.pl\/index.php?rest_route=\/wp\/v2\/posts"}],"about":[{"href":"https:\/\/parafiatokarnia.pl\/index.php?rest_route=\/wp\/v2\/types\/post"}],"author":[{"embeddable":true,"href":"https:\/\/parafiatokarnia.pl\/index.php?rest_route=\/wp\/v2\/users\/4"}],"replies":[{"embeddable":true,"href":"https:\/\/parafiatokarnia.pl\/index.php?rest_route=%2Fwp%2Fv2%2Fcomments&post=5912"}],"version-history":[{"count":1,"href":"https:\/\/parafiatokarnia.pl\/index.php?rest_route=\/wp\/v2\/posts\/5912\/revisions"}],"predecessor-version":[{"id":5913,"href":"https:\/\/parafiatokarnia.pl\/index.php?rest_route=\/wp\/v2\/posts\/5912\/revisions\/5913"}],"wp:attachment":[{"href":"https:\/\/parafiatokarnia.pl\/index.php?rest_route=%2Fwp%2Fv2%2Fmedia&parent=5912"}],"wp:term":[{"taxonomy":"category","embeddable":true,"href":"https:\/\/parafiatokarnia.pl\/index.php?rest_route=%2Fwp%2Fv2%2Fcategories&post=5912"},{"taxonomy":"post_tag","embeddable":true,"href":"https:\/\/parafiatokarnia.pl\/index.php?rest_route=%2Fwp%2Fv2%2Ftags&post=5912"}],"curies":[{"name":"wp","href":"https:\/\/api.w.org\/{rel}","templated":true}]}}