{"id":5797,"date":"2018-04-14T14:11:04","date_gmt":"2018-04-14T14:11:04","guid":{"rendered":"https:\/\/parafiatokarnia.pl\/?p=5797"},"modified":"2018-04-14T14:11:04","modified_gmt":"2018-04-14T14:11:04","slug":"3-niedziela-wielkanocna-4","status":"publish","type":"post","link":"https:\/\/parafiatokarnia.pl\/?p=5797","title":{"rendered":"3 NIEDZIELA WIELKANOCNA"},"content":{"rendered":"<p>\u015awi\u0119tujemy 3 Niedziel\u0119 Welkanocn\u0105, kt\u00f3ra rozpoczyna w naszej ojczy\u017anie Tydzie\u0144 Biblijny i Narodowe Czytanie Pisma \u015awi\u0119tego. Zach\u0119camy, aby w tym tygodniu pochyli\u0107 si\u0119 rodzinnie nad Listem \u015bw. Paw\u0142a Aposto\u0142a do Rzymian.<\/p>\n<p>Dzisiejsza sk\u0142adka przeznaczona na potrzeby naszej \u015bwi\u0105tyni. Pocz\u0105tkiem czerwca chcemy przyst\u0105pi\u0107 do malowania naszego ko\u015bcio\u0142a. Arty\u015bci \u2013 malarze przyst\u0119puj\u0105c do opracowania projektu polichromii za\u0142o\u017cyli, \u017ce b\u0119dzie ona nawi\u0105zywa\u0107 do oryginalnego o\u0142tarza g\u0142\u00f3wnego. W tym celu wykorzystanli stylistyk\u0119 rokoka i baroku w malarstwie, ornamentyce i iluzyjnych rze\u017abach. Projekt koncepcji polichromii zosta\u0142 przedstawiony abp. Markowi J\u0119draszewskiemu oraz z\u0142o\u017cony do zatwierdzenia przez Archidiecezjaln\u0105 Komisj\u0119 ds. Konserwacji Zabytk\u00f3w Ko\u015bcielnych Architektury i Sztuki Sakralnej.<\/p>\n<p>Dzi\u0119kujemy mieszka\u0144com r\u00f3l Dziury i Kocury za posprz\u0105tanie \u015bwi\u0105tyni i za z\u0142o\u017con\u0105 ofiar\u0119 na ko\u015bci\u00f3\u0142. O porz\u0105dki w tym tygodniu prosimy mieszka\u0144c\u00f3w 1. cz\u0119\u015bci roli Proszki, kt\u00f3r\u0105 podzielili\u015bmy na 2. cz\u0119\u015bci.<\/p>\n<p>Wyra\u017camy wdzi\u0119czno\u015b\u0107 wszystkim naszym grupom modlitewnym za ich wymowny dar dla parafii, kt\u00f3rym jest pi\u0119kny ornat Matki Bo\u017cej Kr\u00f3lowej Polski ufundowany z okazji 100. rocznicy odzyskania niepodleg\u0142o\u015bci.<\/p>\n<p>Dzi\u0119kujemy narzeczonym: Ma\u0142gorzacie Nawie\u015bniak i Maciejowi Wyrobek; Marzenie i Dawidowi P\u0119cek; Bogumile i Robertowi Luberda za ofiary z\u0142o\u017cone na potrzeby naszego ko\u015bcio\u0142a.<\/p>\n<p>Spotkanie rodzic\u00f3w dzieci rocznicowych odb\u0119dzie si\u0119 w najbli\u017cszy czwartek o godzinie 19.00 w GOKiS.<\/p>\n<p>W pi\u0105tek z racji 3. pi\u0105tku miesi\u0105ca Godziny Mi\u0142osierdzia. O godz. 15.00 Koronka do Bo\u017cego Mi\u0142osierdzia. Na godz. 18.00 zapraszamy na msz\u0119 \u015bw. dzieci, kt\u00f3re w tym roku przyst\u0105pi\u0105 do 1 Komunii \u015awi\u0119tej wraz ze swoimi babciami i dziadkami. O godz. 19.30 celebracja dla m\u0142odzie\u017cy przygotowuj\u0105cej si\u0119 do Bierzmowania. Na t\u0119 celebracj\u0119 wraz z bierzmowanymi zapraszamy tak\u017ce chrzestnych. O godz. 21.00 Apel Jasnog\u00f3rski i b\u0142ogos\u0142awie\u0144stwo indywidualne Naj\u015bwi\u0119tszym Sakramentem.<\/p>\n<p>W przysz\u0142\u0105 niedziel\u0119 b\u0119dziemy obchodzi\u0107 \u015awiatowy Dzie\u0144 Modlitwy o Powo\u0142ania Kap\u0142a\u0144skie. Niech nie zabraknie naszej indywidualnej modlitwy za kap\u0142an\u00f3w i o nowe powo\u0142ania kap\u0142a\u0144skie, tak\u017ce z naszej parafii.<\/p>\n<p>W minionym tygodniu po\u017cegnali\u015bmy + Ma\u0142gorzat\u0119 Szczepaniak. Pole\u0107my dusz\u0119 naszej Zmar\u0142ej Siostry Bo\u017cemu Mi\u0142osierdziu.<\/p>\n","protected":false},"excerpt":{"rendered":"<p>\u015awi\u0119tujemy 3 Niedziel\u0119 Welkanocn\u0105, kt\u00f3ra rozpoczyna w naszej ojczy\u017anie Tydzie\u0144 Biblijny i Narodowe Czytanie Pisma \u015awi\u0119tego. Zach\u0119camy, aby w tym tygodniu pochyli\u0107 si\u0119 rodzinnie nad Listem \u015bw. Paw\u0142a Aposto\u0142a do Rzymian. Dzisiejsza sk\u0142adka przeznaczona na potrzeby naszej \u015bwi\u0105tyni. Pocz\u0105tkiem czerwca chcemy przyst\u0105pi\u0107 do malowania naszego ko\u015bcio\u0142a. Arty\u015bci \u2013 malarze przyst\u0119puj\u0105c do opracowania projektu polichromii za\u0142o\u017cyli, [&hellip;]<\/p>\n","protected":false},"author":4,"featured_media":0,"comment_status":"closed","ping_status":"closed","sticky":false,"template":"","format":"standard","meta":{"footnotes":""},"categories":[6],"tags":[],"class_list":["post-5797","post","type-post","status-publish","format-standard","hentry","category-ogloszenia"],"_links":{"self":[{"href":"https:\/\/parafiatokarnia.pl\/index.php?rest_route=\/wp\/v2\/posts\/5797","targetHints":{"allow":["GET"]}}],"collection":[{"href":"https:\/\/parafiatokarnia.pl\/index.php?rest_route=\/wp\/v2\/posts"}],"about":[{"href":"https:\/\/parafiatokarnia.pl\/index.php?rest_route=\/wp\/v2\/types\/post"}],"author":[{"embeddable":true,"href":"https:\/\/parafiatokarnia.pl\/index.php?rest_route=\/wp\/v2\/users\/4"}],"replies":[{"embeddable":true,"href":"https:\/\/parafiatokarnia.pl\/index.php?rest_route=%2Fwp%2Fv2%2Fcomments&post=5797"}],"version-history":[{"count":1,"href":"https:\/\/parafiatokarnia.pl\/index.php?rest_route=\/wp\/v2\/posts\/5797\/revisions"}],"predecessor-version":[{"id":5798,"href":"https:\/\/parafiatokarnia.pl\/index.php?rest_route=\/wp\/v2\/posts\/5797\/revisions\/5798"}],"wp:attachment":[{"href":"https:\/\/parafiatokarnia.pl\/index.php?rest_route=%2Fwp%2Fv2%2Fmedia&parent=5797"}],"wp:term":[{"taxonomy":"category","embeddable":true,"href":"https:\/\/parafiatokarnia.pl\/index.php?rest_route=%2Fwp%2Fv2%2Fcategories&post=5797"},{"taxonomy":"post_tag","embeddable":true,"href":"https:\/\/parafiatokarnia.pl\/index.php?rest_route=%2Fwp%2Fv2%2Ftags&post=5797"}],"curies":[{"name":"wp","href":"https:\/\/api.w.org\/{rel}","templated":true}]}}