{"id":5730,"date":"2018-04-02T07:12:12","date_gmt":"2018-04-02T07:12:12","guid":{"rendered":"https:\/\/parafiatokarnia.pl\/?p=5730"},"modified":"2018-04-03T07:13:42","modified_gmt":"2018-04-03T07:13:42","slug":"list-rektora-upjp-ii-na-drugi-dzien-swiat-zmartwychwstania-panskiego-2018-roku","status":"publish","type":"post","link":"https:\/\/parafiatokarnia.pl\/?p=5730","title":{"rendered":"LIST REKTORA UPJP II NA DRUGI DZIE\u0143 \u015aWI\u0104T ZMARTWYCHWSTANIA PA\u0143SKIEGO 2018 ROKU"},"content":{"rendered":"<h4>LIST REKTORA UNIWERSYTETU PAPIESKIEGO JANA PAW\u0141A II W KRAKOWIE NA DRUGI DZIE\u0143 \u015aWI\u0104T ZMARTWYCHWSTANIA PA\u0143SKIEGO 2018 ROKU<\/h4>\n<p>Drodzy Siostry i Bracia!<\/p>\n<p>Dzisiejsza Ewangelia wed\u0142ug \u015bw. Mateusza, g\u0142osz\u0105c rado\u015b\u0107 ze zmartwychwstania Chry- stusa, przywo\u0142uje r\u00f3wnie\u017c rozmow\u0119 arcykap\u0142an\u00f3w z \u017co\u0142nierzami pilnuj\u0105cymi grobu Pana: \u201eCi zebrali si\u0119 ze starszymi, a po naradzie dali \u017co\u0142nierzom sporo pieni\u0119dzy i rzekli: \u00abRoz- powiadajcie tak: Jego uczniowie przyszli w nocy i wykradli Go, gdy\u015bmy spali\u00bb\u201d (Mt 28, 13). Scena ta, przypominaj\u0105ca zdrad\u0119 Judasza, dobrze charakteryzuje wszystkie te postawy, w kt\u00f3rych po\u015bwi\u0119ca si\u0119 prawd\u0119 na rzecz dora\u017anych korzy\u015bci materialnych. R\u00f3wnie\u017c dzisiaj prawda jest zagro\u017cona, gdy\u017c w wielu \u015brodowiskach, cho\u0107 toczy si\u0119 \u017cywa wymiana my\u015bli na temat osi\u0105gni\u0119\u0107 nauk przyrodniczych i \u015bcis\u0142ych, istotne pytania dotycz\u0105ce sensu \u017cycia pozostawia si\u0119 bez odpowiedzi, sugeruj\u0105c, \u017ce ka\u017cdy ma swoj\u0105 w\u0142asn\u0105 prawd\u0119.<\/p>\n<p>Uznaj\u0105c potrzeb\u0119 rozwoju materialnego, w kt\u00f3rym szczeg\u00f3lnie pomagaj\u0105 badania nauk przyrodniczych i technicznych, nie wolno lekcewa\u017cy\u0107 warto\u015bci duchowych. U\u015bwiadamiamy sobie to z ca\u0142\u0105 moc\u0105 w roku, w kt\u00f3rym nasza ojczyzna \u015bwi\u0119tuje stulecie odzyskania nie- podleg\u0142o\u015bci. Po trzech zaborach m\u0142ode polskie pa\u0144stwo odziedziczy\u0142o sze\u015b\u0107 r\u00f3\u017cnych sys- tem\u00f3w prawnych, kilka walut oraz trzy systemy administracyjne i szkolne. Istnia\u0142y r\u00f3\u017cne obyczaje, przyzwyczajenia i sposoby my\u015blenia. Zbudowanie wsp\u00f3lnego pa\u0144stwa stanowi\u0142o wielki wysi\u0142ek organizacyjny i materialny, kt\u00f3ry jednak nie by\u0142by mo\u017cliwy bez wsp\u00f3lnych warto\u015bci, bez jednocz\u0105cej roli wiary katolickiej i kultury. Podobnie by\u0142o w p\u00f3\u017aniejszych, trudnych okresach naszych dziej\u00f3w, kiedy to wizja rozwoju spo\u0142ecznego opartego jedynie na wzro\u015bcie gospodarczym okazywa\u0142a si\u0119 iluzj\u0105, gdy\u017c prowadzi\u0142a do degradacji pa\u0144stwa i cz\u0142owieka. W tym kontek\u015bcie trzeba przywo\u0142a\u0107 s\u0142owa patrona naszego uniwersytetu, \u015bwi\u0119tego Jana Paw\u0142a II, kt\u00f3rego czterdziestolecie wyboru na Stolic\u0119 Piotrow\u0105 w tym roku obchodzimy: \u201e(&#8230;) w obr\u0119bie poj\u0119cia \u00abojczyzna\u00bb zawiera si\u0119 jakie\u015b g\u0142\u0119bokie sprz\u0119\u017cenie pomi\u0119dzy tym, co duchowe, a tym, co materialne, pomi\u0119dzy kultur\u0105 a ziemi\u0105. Ziemia ode- brana narodowi przemoc\u0105 staje si\u0119 niejako g\u0142o\u015bnym wo\u0142aniem w kierunku ducha narodu. Duch narodu si\u0119 budzi, \u017cyje nowym \u017cyciem i z kolei walczy, aby by\u0142y przywr\u00f3cone ziemi jej prawa\u201d (Pami\u0119\u0107 i to\u017csamo\u015b\u0107, nr 11).O konieczno\u015bci uwzgl\u0119dnienia zar\u00f3wno wymiaru duchowego, jak i materialnego w two- rzeniu kultury m\u00f3wi\u0142 papie\u017c Franciszek w Parlamencie Europejskim, odwo\u0142uj\u0105c si\u0119 do wa- tyka\u0144skiego fresku Rafaela Szko\u0142a ate\u0144ska. W jego centrum znajduj\u0105 si\u0119 wielcy staro\u017cytni filozofowie, Platon i Arystoteles. Pierwszy, kieruj\u0105c d\u0142o\u0144 ku g\u00f3rze, wskazuje na \u015bwiat idei. Drugi, kieruj\u0105c d\u0142o\u0144 ku ziemi, wskazuje na rzeczywisto\u015b\u0107 materialn\u0105. Zdaniem papie\u017ca \u201e(&#8230;) niebo wskazuje otwarcie na transcendencj\u0119, na Boga, kt\u00f3re od zawsze wyr\u00f3\u017cnia\u0142o Eu- ropejczyk\u00f3w, za\u015b ziemia przedstawia zdolno\u015b\u0107 praktyczn\u0105 i konkretn\u0105 poradzenia sobie z sytuacjami i problemami\u201d (Strasburg, 25 listopada 2014 roku).<\/p>\n<p>Szczeg\u00f3ln\u0105 rol\u0119 w poszukiwaniu prawdy o tych dw\u00f3ch wymiarach i ich wzajemnej re- lacji od wiek\u00f3w spe\u0142niaj\u0105 uczelnie. Jednak w epoce \u201epostprawdy\u201d, gdy studenci coraz cz\u0119\u015bciej pytaj\u0105 nie tyle o praktyczn\u0105 przydatno\u015b\u0107 przekazywanej wiedzy, ile przede wszyst- kim o korzy\u015bci materialne, jakie mia\u0142yby si\u0119 z ni\u0105 wi\u0105za\u0107, trzeba przypomnie\u0107, \u017ce prawda, dobro i pi\u0119kno s\u0105 warto\u015bciami nadrz\u0119dnymi, warto\u015bciami, kt\u00f3rym nale\u017cy s\u0142u\u017cy\u0107. \u015awi\u0119ty Jan Pawe\u0142 II cz\u0119sto m\u00f3wi\u0142 o rado\u015bci wynikaj\u0105cej z poznawania prawdy. Chocia\u017c rozw\u00f3j gospodarczy jest bardzo wa\u017cny, to jednak g\u0142\u00f3wnie dzi\u0119ki naukom filozoficznym i teolo- gicznym nast\u0105pi\u0142 wzrost \u015bwiadomo\u015bci spo\u0142ecznej, prowadz\u0105cy do obalenia komunizmu. Dziedzictwo duchowe przekazywane kolejnym pokoleniom domaga si\u0119 przede wszystkim osobistego zaanga\u017cowania i umiej\u0119tno\u015bci tworzenia na jego fundamencie programu \u017cycia. St\u0105d wynika niezwykle wa\u017cne zadanie, kt\u00f3re stoi tak\u017ce przed Uniwersytetem Papieskim Jana Paw\u0142a II w Krakowie, jako miejscem nieskr\u0119powanego i bezinteresownego poszuki- wania prawdy.<\/p>\n<p>Nasza Alma Mater, obok kszta\u0142cenia i dzia\u0142alno\u015bci naukowo-badawczej, podejmuje wsp\u00f3\u0142prac\u0119 z r\u00f3\u017cnymi instytucjami w celu praktycznego zastosowania wynik\u00f3w bada\u0144, co stanowi trzeci\u0105 misj\u0119 uniwersytetu. Od 2014 roku przy Biurze Karier naszej uczelni dzia- \u0142a Akademicki Inkubator Przedsi\u0119biorczo\u015bci, czyli miejsce, gdzie studentom oferowane jest wsparcie w zakresie prowadzenia dzia\u0142alno\u015bci gospodarczej. Losy zawodowe naszych absolwent\u00f3w s\u0105 dla nas bardzo wa\u017cne. Jednak perspektywa u\u017cyteczno\u015bci nie mo\u017ce by\u0107 jedynym horyzontem misji uniwersytetu. Jego zadaniem jest tak\u017ce rozbudzanie i piel\u0119- gnowanie wra\u017cliwo\u015bci m\u0142odego cz\u0142owieka na prawd\u0119, dobro i pi\u0119kno, aby m\u00f3g\u0142 si\u0119 roz- win\u0105\u0107 w pe\u0142ni jako osoba. Cel ten przy\u015bwieca wszystkim wydzia\u0142om naszego uniwersytetu.<\/p>\n<p>Serdecznie zapraszam m\u0142odych ludzi poszukuj\u0105cych rzetelnej wiedzy oraz odpowiedzi na fundamentalne pytania cz\u0142owieka do skorzystania z oferty dydaktycznej naszej papieskiej uczelni.<\/p>\n<p>Drodzy Siostry i Bracia!<\/p>\n<p>Dzisiejszy drugi dzie\u0144 uroczysto\u015bci Wielkiejnocy obchodzimy 2 kwietnia. Pami\u0119tamy, \u017ce w tym dniu, trzyna\u015bcie lat temu, odszed\u0142 do domu Ojca \u015bwi\u0119ty Jan Pawe\u0142 II. By\u0142o to po pierwszych nieszporach drugiej Niedzieli Wielkanocnej, czyli Niedzieli Mi\u0142osierdzia Bo\u017cego. R\u00f3wnie\u017c w drug\u0105 Niedziel\u0119 Wielkanocn\u0105, w roku 1973, odesz\u0142a do domu Ojca krakowska piel\u0119gniarka Hanna Chrzanowska, kt\u00f3rej beatyfikacja odb\u0119dzie si\u0119 28 kwietnia tego roku w krakowskich \u0141agiewnikach. Nowa b\u0142ogos\u0142awiona przygotowywa\u0142a do opieki duszpasterskiej nad lud\u017ami chorymi r\u00f3wnie\u017c student\u00f3w naszej uczelni, ucz\u0105c ich tak\u017ce, czym jest pe\u0142nia cz\u0142owiecze\u0144stwa. \u201eFenomen pani Hanny polega\u0142 na tym, \u017ce doskonale rozumia\u0142a nie tylko potrzeby fizyczne i zdrowotne swoich podopiecznych, ale tak\u017ce ducho- we oraz intelektualne\u201d (Helena Matoga, wicepostulator beatyfikacji). Hanna Chrzanowska \u015bwiadectwem swego \u017cycia wzywa nas do nawr\u00f3cenia, do bezinteresownego otwarcia si\u0119 na potrzeby bli\u017aniego, zw\u0142aszcza chorego i cierpi\u0105cego. Nadziej\u0105 na takie duchowe dojrzewa- nie nape\u0142nia nas tak\u017ce los jednego ze stra\u017cnik\u00f3w pilnuj\u0105cych grobu Chrystusa, Longina. Tradycja chrze\u015bcija\u0144ska przekazuje, \u017ce prze\u017cy\u0142 on g\u0142\u0119bokie nawr\u00f3cenie i zgin\u0105\u0142 jako m\u0119- czennik, stawiaj\u0105c ponad wszystkie inne warto\u015bci prawd\u0119 darowan\u0105 mu przez Zmartwych- wsta\u0142ego. Dzi\u0119kuj\u0105c za wszelk\u0105 \u017cyczliwo\u015b\u0107 i pomoc dla Uniwersytetu, \u017cycz\u0119, aby \u015awi\u0119ta Wielkanocne by\u0142y dla wszystkich czasem odnowienia wiary, dzi\u0119ki kt\u00f3rej odkrywamy sens naszych doczesnych zmaga\u0144.<\/p>\n<p>ks. prof. dr hab. Wojciech Zyzak<br \/>\nrektor<\/p>\n","protected":false},"excerpt":{"rendered":"<p>LIST REKTORA UNIWERSYTETU PAPIESKIEGO JANA PAW\u0141A II W KRAKOWIE NA DRUGI DZIE\u0143 \u015aWI\u0104T ZMARTWYCHWSTANIA PA\u0143SKIEGO 2018 ROKU Drodzy Siostry i Bracia! Dzisiejsza Ewangelia wed\u0142ug \u015bw. Mateusza, g\u0142osz\u0105c rado\u015b\u0107 ze zmartwychwstania Chry- stusa, przywo\u0142uje r\u00f3wnie\u017c rozmow\u0119 arcykap\u0142an\u00f3w z \u017co\u0142nierzami pilnuj\u0105cymi grobu Pana: \u201eCi zebrali si\u0119 ze starszymi, a po naradzie dali \u017co\u0142nierzom sporo pieni\u0119dzy i rzekli: [&hellip;]<\/p>\n","protected":false},"author":1,"featured_media":0,"comment_status":"closed","ping_status":"closed","sticky":false,"template":"","format":"standard","meta":{"footnotes":""},"categories":[15],"tags":[],"class_list":["post-5730","post","type-post","status-publish","format-standard","hentry","category-warto-wiedziec"],"_links":{"self":[{"href":"https:\/\/parafiatokarnia.pl\/index.php?rest_route=\/wp\/v2\/posts\/5730","targetHints":{"allow":["GET"]}}],"collection":[{"href":"https:\/\/parafiatokarnia.pl\/index.php?rest_route=\/wp\/v2\/posts"}],"about":[{"href":"https:\/\/parafiatokarnia.pl\/index.php?rest_route=\/wp\/v2\/types\/post"}],"author":[{"embeddable":true,"href":"https:\/\/parafiatokarnia.pl\/index.php?rest_route=\/wp\/v2\/users\/1"}],"replies":[{"embeddable":true,"href":"https:\/\/parafiatokarnia.pl\/index.php?rest_route=%2Fwp%2Fv2%2Fcomments&post=5730"}],"version-history":[{"count":1,"href":"https:\/\/parafiatokarnia.pl\/index.php?rest_route=\/wp\/v2\/posts\/5730\/revisions"}],"predecessor-version":[{"id":5731,"href":"https:\/\/parafiatokarnia.pl\/index.php?rest_route=\/wp\/v2\/posts\/5730\/revisions\/5731"}],"wp:attachment":[{"href":"https:\/\/parafiatokarnia.pl\/index.php?rest_route=%2Fwp%2Fv2%2Fmedia&parent=5730"}],"wp:term":[{"taxonomy":"category","embeddable":true,"href":"https:\/\/parafiatokarnia.pl\/index.php?rest_route=%2Fwp%2Fv2%2Fcategories&post=5730"},{"taxonomy":"post_tag","embeddable":true,"href":"https:\/\/parafiatokarnia.pl\/index.php?rest_route=%2Fwp%2Fv2%2Ftags&post=5730"}],"curies":[{"name":"wp","href":"https:\/\/api.w.org\/{rel}","templated":true}]}}