{"id":5344,"date":"2017-09-03T01:54:10","date_gmt":"2017-09-03T01:54:10","guid":{"rendered":"https:\/\/parafiatokarnia.pl\/?p=5344"},"modified":"2017-09-09T19:54:48","modified_gmt":"2017-09-09T19:54:48","slug":"22-niedziela-zwykla-3","status":"publish","type":"post","link":"https:\/\/parafiatokarnia.pl\/?p=5344","title":{"rendered":"22 NIEDZIELA ZWYK\u0141A"},"content":{"rendered":"<p style=\"text-align: justify;\">Dzisiaj pierwsza niedziela miesi\u0105ca. Po ka\u017cdej mszy \u015bw. adoracja Naj\u015bwi\u0119tszego Sakramentu. Dzi\u0119kujemy mieszka\u0144com roli Szewcy za posprz\u0105tanie \u015bwi\u0105tyni i z\u0142o\u017con\u0105 ofiar\u0119 na o\u0142tarz. O porz\u0105dki w tym tygodniu prosimy mieszka\u0144c\u00f3w roli Kluski, kt\u00f3r\u0105 podzieli\u015bmy na 3 cz\u0119\u015bci.<\/p>\n<p style=\"text-align: justify;\">Dzi\u0119kujemy p. Halinie Ci\u0119\u017ckowskiej, p. El\u017cbiecie i S\u0142awomirowi Hucisko, rodzinie Korze\u0144 i Filuciak za ofiar\u0119 na ko\u015bci\u00f3\u0142.<\/p>\n<p style=\"text-align: justify;\">Jutro rozpoczynamy nowy rok szkolny i katechetyczny. Zapraszamy na godz. 8.00 do naszej \u015bwi\u0105tyni uczni\u00f3w, rodzic\u00f3w, nauczycieli, wychowawc\u00f3w i pracownik\u00f3w szko\u0142y, aby prosi\u0107 Boga o b\u0142ogos\u0142awie\u0144stwo na najbli\u017csze 10 miesi\u0119cy.<\/p>\n<p style=\"text-align: justify;\">Dyrektor Szko\u0142y Podstawowej nr 1 w Tokarni informuje, i\u017c o godz. 7.30 b\u0119dzie mia\u0142 miejsce wyjazd autokar\u00f3w z Wi\u0119ci\u00f3rki i Bogdan\u00f3wki. O godz. 7.45 zbi\u00f3rka wszystkich uczni\u00f3w na placu ko\u0142o szko\u0142y i wsp\u00f3lny przemarsz ze sztandarem do ko\u015bcio\u0142a. O godz. 9.00 akademia na hali sportowej oraz zaj\u0119cia z wychowawcami. O godz. 11.00 odw\u00f3z uczni\u00f3w do Wi\u0119ci\u00f3rki i Bogdan\u00f3wki.<\/p>\n<p style=\"text-align: justify;\">Uczniowie Szko\u0142y Muzycznej w Krzczonowie rozpoczn\u0105 nowy rok szkolny o godz. 16.00.<\/p>\n<p style=\"text-align: justify;\">W pi\u0105tek przypada \u015bwi\u0119to Narodzenia NMP, zwane te\u017c MB Siewnej. Na mszach \u015bw. po\u015bwi\u0119cenie nasion przeznaczonych do siewu. W tym dniu przypada trzechsetna rocznica koronacji wizerunku Matki Bo\u017cej Cz\u0119stochowskiej. W nast\u0119pn\u0105 niedziel\u0119, na pro\u015bb\u0119 metropolity krakowskiego na ka\u017cdej mszy \u015bw. odnowimy uroczy\u015bcie akt po\u015bwi\u0119cenia Ko\u015bcio\u0142a w Polsce Niepokalanemu Sercu Maryi.<\/p>\n<p style=\"text-align: justify;\">Sobota &#8211; wspomnienie b\u0142. Anieli Salawy, dziewicy<\/p>\n<p style=\"text-align: justify;\">Doroczna Pielgrzymka Rodzin do Kalwarii Zebrzydowskiej odb\u0119dzie si\u0119 w niedziel\u0119 10 wrze\u015bnia. Rozpocz\u0119cie Drog\u0105 Krzy\u017cow\u0105 o 9.00, a uroczysta Msza \u015bw. o 11.00. W tym dniu zaczyna si\u0119 tak\u017ce VII Tydzie\u0144 Wychowania &#8211; \u201eMaryja Wychowawczyni\u0105 Pokole\u0144\u201d.<\/p>\n<p style=\"text-align: justify;\">Przypominamy, \u017ce porz\u0105dek mszy \u015bw. w naszym ko\u015bciele od poniedzia\u0142ku do soboty: rano o godzinie 6.30, wieczorem o godzinie 18.00.<\/p>\n<p style=\"text-align: justify;\">W zakrystii s\u0105 do wgl\u0105du dwa albumy ze zdj\u0119ciami, kt\u00f3re mo\u017cna ogl\u0105dn\u0105\u0107 i zam\u00f3wi\u0107 z odpustu parafialnego z udzia\u0142em ks. kard. Stanis\u0142awa Dziwisza.<\/p>\n<p style=\"text-align: justify;\">W dalszym ci\u0105gu do nabycia jest ksi\u0105\u017cka, pt. \u201eZ potrzeby ludzkich serc\u201d oraz kubek z wizerunkiem starego i nowego ko\u015bci\u00f3\u0142ka, pami\u0105tka 35. lecia naszej parafii.<\/p>\n<p style=\"text-align: justify;\">Ojciec \u015bw. Franciszek wspomina odwiedziny Jasnej G\u00f3ry: \u201ePrzed obrazem Matki Bo\u017cej otrzyma\u0142em dar spojrzenia Matki\u201d. Niech zaufanie Maryi pomaga nam w naszej codzienno\u015bci.<\/p>\n","protected":false},"excerpt":{"rendered":"<p>Dzisiaj pierwsza niedziela miesi\u0105ca. Po ka\u017cdej mszy \u015bw. adoracja Naj\u015bwi\u0119tszego Sakramentu. Dzi\u0119kujemy mieszka\u0144com roli Szewcy za posprz\u0105tanie \u015bwi\u0105tyni i z\u0142o\u017con\u0105 ofiar\u0119 na o\u0142tarz. O porz\u0105dki w tym tygodniu prosimy mieszka\u0144c\u00f3w roli Kluski, kt\u00f3r\u0105 podzieli\u015bmy na 3 cz\u0119\u015bci. Dzi\u0119kujemy p. Halinie Ci\u0119\u017ckowskiej, p. El\u017cbiecie i S\u0142awomirowi Hucisko, rodzinie Korze\u0144 i Filuciak za ofiar\u0119 na ko\u015bci\u00f3\u0142. Jutro [&hellip;]<\/p>\n","protected":false},"author":4,"featured_media":0,"comment_status":"closed","ping_status":"closed","sticky":false,"template":"","format":"standard","meta":{"footnotes":""},"categories":[6],"tags":[],"class_list":["post-5344","post","type-post","status-publish","format-standard","hentry","category-ogloszenia"],"_links":{"self":[{"href":"https:\/\/parafiatokarnia.pl\/index.php?rest_route=\/wp\/v2\/posts\/5344","targetHints":{"allow":["GET"]}}],"collection":[{"href":"https:\/\/parafiatokarnia.pl\/index.php?rest_route=\/wp\/v2\/posts"}],"about":[{"href":"https:\/\/parafiatokarnia.pl\/index.php?rest_route=\/wp\/v2\/types\/post"}],"author":[{"embeddable":true,"href":"https:\/\/parafiatokarnia.pl\/index.php?rest_route=\/wp\/v2\/users\/4"}],"replies":[{"embeddable":true,"href":"https:\/\/parafiatokarnia.pl\/index.php?rest_route=%2Fwp%2Fv2%2Fcomments&post=5344"}],"version-history":[{"count":1,"href":"https:\/\/parafiatokarnia.pl\/index.php?rest_route=\/wp\/v2\/posts\/5344\/revisions"}],"predecessor-version":[{"id":5345,"href":"https:\/\/parafiatokarnia.pl\/index.php?rest_route=\/wp\/v2\/posts\/5344\/revisions\/5345"}],"wp:attachment":[{"href":"https:\/\/parafiatokarnia.pl\/index.php?rest_route=%2Fwp%2Fv2%2Fmedia&parent=5344"}],"wp:term":[{"taxonomy":"category","embeddable":true,"href":"https:\/\/parafiatokarnia.pl\/index.php?rest_route=%2Fwp%2Fv2%2Fcategories&post=5344"},{"taxonomy":"post_tag","embeddable":true,"href":"https:\/\/parafiatokarnia.pl\/index.php?rest_route=%2Fwp%2Fv2%2Ftags&post=5344"}],"curies":[{"name":"wp","href":"https:\/\/api.w.org\/{rel}","templated":true}]}}