{"id":4729,"date":"2017-01-28T21:56:37","date_gmt":"2017-01-28T21:56:37","guid":{"rendered":"https:\/\/parafiatokarnia.pl\/?p=4729"},"modified":"2017-01-28T21:57:42","modified_gmt":"2017-01-28T21:57:42","slug":"list-pasterski-abp-marka-jedraszewskiego-do-archidiecezji-krakowskiej","status":"publish","type":"post","link":"https:\/\/parafiatokarnia.pl\/?p=4729","title":{"rendered":"List pasterski abp. Marka J\u0119draszewskiego do Archidiecezji Krakowskiej"},"content":{"rendered":"<p>Drodzy Archidiecezjanie!<\/p>\n<p style=\"text-align: justify;\">Po raz pierwszy prze\u017cywam rado\u015b\u0107, a zarazem zaszczyt w taki w\u0142a\u015bnie spos\u00f3b zwr\u00f3ci\u0107 si\u0119 do Was, Umi\u0142owani wierni Ko\u015bcio\u0142a Krakowskiego, cz\u0105stki \u015bwi\u0119tego, katolickiego i apostolskiego Ko\u015bcio\u0142a, skupionego w wierze i mi\u0142o\u015bci wok\u00f3\u0142 Ojca \u015awi\u0119tego Franciszka. Wypowiadaj\u0105c te s\u0142owa, ca\u0142ym mym sercem pragn\u0119 obj\u0105\u0107 wszystkich, kt\u00f3rzy nale\u017c\u0105 do Archidiecezji Krakowskiej i kt\u00f3rzy j\u0105 tworz\u0105: ksi\u0119dza kardyna\u0142a Stanis\u0142awa Dziwisza, ksi\u0119\u017cy biskup\u00f3w pomocniczych, kap\u0142an\u00f3w, osoby \u017cycia konsekrowanego, wiernych \u015bwieckich: doros\u0142ych, m\u0142odzie\u017c i dzieci. Szczeg\u00f3lnie serdeczn\u0105 my\u015bl\u0105 obejmuj\u0119 wszystkich chorych i cierpi\u0105cych, kt\u00f3rzy niekiedy z heroicznym poddaniem si\u0119 woli Bo\u017cej uczestnicz\u0105 w tajemnicy Chrystusowego Krzy\u017ca. Witam Was wszystkich i bardzo serdecznie pozdrawiam!<\/p>\n<p>Czyni\u0119 to nazajutrz po uroczystym ingresie do Katedry wawelskiej i formalnym podj\u0119ciu pos\u0142ugi pasterskiej w Archidiecezji Krakowskiej. W dniu wczorajszym dope\u0142nione zosta\u0142y wszystkie przewidziane prawem kanonicznym czynno\u015bci, kt\u00f3re wynika\u0142y z <a href=\"http:\/\/www.diecezja.pl\/duchowni-i-konsekrowani\/listy-i-dekrety\/bulla-nominacyjna-abp-marka-jedraszewskiego.html\">bulli Ojca \u015awi\u0119tego Franciszka Sublimis inter sidera &#8211; \u201eNajwspanialsza po\u015br\u00f3d gwiazd&#8221; <\/a>&#8211; z 8 grudnia 2016 roku, mianuj\u0105cej mnie arcybiskupem metropolit\u0105 krakowskim. Tym samym zosta\u0142o mi powierzone wielkie dziedzictwo naznaczone pos\u0142ug\u0105 pasterzy, kt\u00f3rych imiona sta\u0142y si\u0119 prawdziw\u0105 chlub\u0105 Krakowa zar\u00f3wno minionych wiek\u00f3w, jak i ostatnich dziesi\u0119cioleci: kard. Stefana Sapiehy, kard. Karola Wojty\u0142y, kard. Franciszka Macharskiego i mego bezpo\u015bredniego Czcigodnego Poprzednika, kard. Stanis\u0142awa Dziwisza. Z wielk\u0105 ufno\u015bci\u0105 w Bo\u017c\u0105 pomoc pragn\u0119 podj\u0105\u0107 ich dzie\u0142o \u201eumacniania braci w wierze&#8221; (por. \u0141k 22, 31). Czyni\u0119 to umocniony zawartymi w bulli s\u0142owami Ojca \u015awi\u0119tego Franciszka, abym jako Wasz duchowy przewodnik, zgodnie ze swym biskupim zawo\u0142aniem Scire Christum, uczy\u0142 \u201epoznawa\u0107 Chrystusa, b\u0119d\u0105cego \u0179r\u00f3d\u0142em mi\u0142o\u015bci i najwi\u0119kszym Dawc\u0105 \u0142aski&#8221;.<\/p>\n<p style=\"text-align: justify;\">Wiemy dobrze wszyscy, Drodzy Siostry i Bracia, \u017ce poznanie Chrystusa nie ko\u0144czy si\u0119 na samym tylko poznaniu rozumowym, lecz domaga si\u0119 wnikania w niezg\u0142\u0119bione przestrzenie zbawczej mi\u0142o\u015bci Boga &#8211; mi\u0142o\u015bci mi\u0142osiernej. Szczeg\u00f3lnie wiernym jej \u015bwiadkiem sta\u0142a si\u0119 w ubieg\u0142ym wieku \u015bw. Siostra Faustyna. Za niezwyk\u0142\u0105 \u0142ask\u0119 Bo\u017c\u0105 poczytuj\u0119 sobie to, \u017ce w ostatnich latach moje biskupie pos\u0142ugiwanie mia\u0142o miejsce w \u0141odzi, gdzie w 1925 roku zacz\u0119\u0142a si\u0119 duchowa droga tej Aposto\u0142ki Bo\u017cego Mi\u0142osierdzia. Teraz natomiast przychodzi mi przewodzi\u0107 Ko\u015bcio\u0142owi Krakowskiemu, kt\u00f3ry w spos\u00f3b szczeg\u00f3lny chlubi si\u0119 \u0141agiewnikami, gdzie dope\u0142ni\u0142a si\u0119 ziemska pielgrzymka Siostry Faustyny i sk\u0105d iskra Bo\u017cego mi\u0142osierdzia rozprzestrzeni\u0142a si\u0119 na ca\u0142y \u015bwiat. To sprawia, \u017ce czuj\u0119 si\u0119 szczeg\u00f3lnie zobowi\u0105zany, aby prawd\u0119 o mi\u0142osierdziu Bo\u017cym g\u0142osi\u0107 wszystkim, a zw\u0142aszcza tym, \u201ekt\u00f3rzy najbardziej potrzebuj\u0105 mi\u0142osierdzia&#8221;. Oby jak najwi\u0119cej ludzi mog\u0142o z g\u0142\u0119bok\u0105 i pe\u0142n\u0105 wdzi\u0119czno\u015bci wiar\u0105 wyznawa\u0107: \u201eJezu, ufam Tobie!&#8221;.<\/p>\n<p style=\"text-align: justify;\">Ka\u017cdy, kto do\u015bwiadczy\u0142 w sobie \u0142aski osobistego dotkni\u0119cia przez Bo\u017ce mi\u0142osierdzie, doskonale wie, \u017ce d\u017awiga ono cz\u0142owieka w g\u00f3r\u0119 i wzywa go do coraz bardziej pi\u0119knych i szlachetnych zada\u0144. Przestrzenie te zosta\u0142y ukazane przez samego Pana Jezusa w czytanym dzisiaj fragmencie Ewangelii wed\u0142ug \u015bw. Mateusza. Nasz Mistrz i Nauczyciel m\u00f3wi\u0142 w nim o b\u0142ogos\u0142awionych: ubogich w duchu, smuc\u0105cych si\u0119, cichych, \u0142akn\u0105cych i pragn\u0105cych sprawiedliwo\u015bci, mi\u0142osiernych, czystego serca, wprowadzaj\u0105cych pok\u00f3j, cierpi\u0105cych prze\u015bladowanie dla sprawiedliwo\u015bci. Takim b\u0142ogos\u0142awionym, kt\u00f3ry w spos\u00f3b najpe\u0142niejszy wprowadzi\u0142 w swoje \u017cycie tre\u015b\u0107 owych b\u0142ogos\u0142awie\u0144stw z Kazania na G\u00f3rze, by\u0142 sam Pan Jezus. Tym samym &#8211; jako Droga, Prawda i \u017bycie (por. J 14, 6) &#8211; sta\u0142 si\u0119 On dla nas najwy\u017cszym wzorem cz\u0142owiecze\u0144stwa. Zwracaj\u0105c si\u0119 do Piotra s\u0142owami \u201eP\u00f3jd\u017a za Mn\u0105!&#8221; (J 21, 19), okre\u015bli\u0142 drog\u0119 my\u015blenia i post\u0119powania dla ka\u017cdego cz\u0142owieka wierz\u0105cego, kt\u00f3ry na mocy sakramentu Chrztu \u015bwi\u0119tego razem z Nim powsta\u0142 do nowego \u017cycia (por. Rz 6, 3-4).<\/p>\n<p style=\"text-align: justify;\">To nowe \u017cycie jest w\u0142a\u015bnie \u017cyciem w duchu o\u015bmiu b\u0142ogos\u0142awie\u0144stw. W swej najbardziej fundamentalnej tre\u015bci okre\u015blaj\u0105 one to\u017csamo\u015b\u0107 ka\u017cdego chrze\u015bcijanina. By\u0107 chrze\u015bcijaninem znaczy bowiem przyj\u0105\u0107 taki spos\u00f3b my\u015blenia i post\u0119powania, kt\u00f3ry zdecydowanie r\u00f3\u017cni si\u0119 od tego, czym i wed\u0142ug czego pragnie \u017cy\u0107 \u015bwiat. Niezwykle przenikliwie pisa\u0142 o tym \u015bw. Pawe\u0142 w czytanym r\u00f3wnie\u017c dzisiaj fragmencie Pierwszego Listu do Koryntian. W oczach \u015bwiata chrze\u015bcija\u0144ski program \u017cycia jawi si\u0119 bowiem jako niem\u0105dry i g\u0142upi, jako przeznaczony dla ludzi wewn\u0119trznie s\u0142abych i godnych wzgardy. Tymczasem jednak w\u0142a\u015bnie ci pogardzani chrze\u015bcijanie zawstydzaj\u0105 m\u0119drc\u00f3w tego \u015bwiata. \u0179r\u00f3d\u0142em ich autentycznej wielko\u015bci i duchowej mocy jest bowiem to, \u017ce s\u0105 wszczepieni w Chrystusa, kt\u00f3ry sta\u0142 si\u0119 dla nich \u201em\u0105dro\u015bci\u0105 od Boga i sprawiedliwo\u015bci\u0105, i u\u015bwi\u0119ceniem, i odkupieniem&#8221; (por. 1 Kor 1, 30). On jest ostateczn\u0105 i decyduj\u0105c\u0105 podstaw\u0105 ich osobistej chluby.<\/p>\n<p style=\"text-align: justify;\">Drodzy Siostry i Bracia!<\/p>\n<p style=\"text-align: justify;\">W duchowej sytuacji, w jakiej znalaz\u0142 si\u0119 wsp\u00f3\u0142czesny \u015bwiat, odrzucaj\u0105cy istnienie obiektywnej prawdy i jednocze\u015bnie g\u0142osz\u0105cy powszechny relatywizm warto\u015bci, tym bardziej musimy wzi\u0105\u0107 sobie do serca s\u0142owa Pana Jezusa z Kazania na G\u00f3rze o konieczno\u015bci budowania swego \u017cycia na skale, a nie na piasku (por. Mt 7, 24-27). T\u0105 ska\u0142\u0105 jest On sam, jedyna i najwy\u017csza Prawda. Kto s\u0142\u00f3w Jego z uwag\u0105 s\u0142ucha i wiernie je wype\u0142nia, ten jest prawdziwie cz\u0142owiekiem roztropnym, kt\u00f3ry odpowiedzialnie buduje swoje cz\u0142owiecze\u0144stwo i z wielk\u0105 nadziej\u0105 i rado\u015bci\u0105 zd\u0105\u017ca na ostateczne z Nim spotkanie. Odnosi si\u0119 to do ca\u0142o\u015bci Chrystusowego nauczania o kochaj\u0105cym Bogu Ojcu i o cz\u0142owieku, kt\u00f3ry dzi\u0119ki dzie\u0142u Odkupienia mo\u017ce si\u0119 cieszy\u0107 godno\u015bci\u0105 Bo\u017cego dzieci\u0119ctwa. Pierwszym i przez to wyj\u0105tkowym miejscem kszta\u0142towania si\u0119 naszego cz\u0142owiecze\u0144stwa jest rodzina, wsp\u00f3lnota o fundamentalnym znaczeniu dla \u017cycia spo\u0142ecznego i narodowego. Wsp\u00f3\u0142czesne ideologie pr\u00f3buj\u0105 wielorako podwa\u017ca\u0107 jej istot\u0119 wynikaj\u0105c\u0105 z Bo\u017cego planu, dlatego te\u017c szczeg\u00f3lnym zadaniem nas wszystkich, zar\u00f3wno pasterzy, jak i wiernych \u015bwieckich, jest troska o to, aby ma\u0142\u017ce\u0144stwo i rodzina mog\u0142y \u017cy\u0107 w pokoju, wierze i mi\u0142o\u015bci, b\u0119d\u0105c budowane na fundamencie Chrystusowym.<\/p>\n<p style=\"text-align: justify;\">Musimy, moi Drodzy, by\u0107 otwarci na nauczanie Ko\u015bcio\u0142a, kt\u00f3re zosta\u0142o zawarte w adhortacjach apostolskich Jana Paw\u0142a II Familiaris consortio i papie\u017ca Franciszka Amoris laetitia. Musimy r\u00f3wnie\u017c sta\u0107 nieugi\u0119cie na stra\u017cy ka\u017cdego ludzkiego \u017cycia od chwili jego pocz\u0119cia a\u017c do momentu naturalnej \u015bmierci. W tym przecie\u017c objawia si\u0119 budowanie przez nas postulowanej przez \u015bw. Jana Paw\u0142a II Wielkiego cywilizacji mi\u0142o\u015bci. Jeste\u015bmy zobowi\u0105zani &#8211; zw\u0142aszcza przez wspania\u0142e \u015awiatowe Dni M\u0142odzie\u017cy z ubieg\u0142ego roku &#8211; aby te ewangeliczne prawdy i warto\u015bci z wielk\u0105 mi\u0142o\u015bci\u0105 i cierpliwo\u015bci\u0105 przekazywa\u0107 m\u0142odemu pokoleniu. Od jego gotowo\u015bci, aby budowa\u0107 swe \u017cycie na tej skale, kt\u00f3r\u0105 jest Chrystus, zale\u017cy przysz\u0142o\u015b\u0107 naszej Ojczyzny i Ko\u015bcio\u0142a w naszej Ojczy\u017anie.<\/p>\n<p style=\"text-align: justify;\">Umi\u0142owani Archidiecezjanie!<\/p>\n<p style=\"text-align: justify;\">Na progu mojej pasterskiej pos\u0142ugi w\u015br\u00f3d Was prosz\u0119, aby wsp\u00f3lne budowanie Kr\u00f3lestwa Bo\u017cego po\u015br\u00f3d nas, na krakowskiej ziemi, sta\u0142o si\u0119 tre\u015bci\u0105 Waszych codziennych duchowych wysi\u0142k\u00f3w, wspieranych wiern\u0105 modlitw\u0105 zanoszon\u0105 do Boga za przyczyn\u0105 Naj\u015bwi\u0119tszej Maryi Panny, Jej Oblubie\u0144ca \u015bw. J\u00f3zefa, \u015bw. Stanis\u0142awa Biskupa i M\u0119czennika, \u015bw. Jadwigi Kr\u00f3lowej, \u015bw. Jana Kantego, \u015bw. Alberta Chmielowskiego, \u015bw. Faustyny, \u015bw. Jana Paw\u0142a II, oraz tych wszystkich \u015bwi\u0119tych i b\u0142ogos\u0142awionych Pa\u0144skich, kt\u00f3rzy s\u0105 wielk\u0105 chlub\u0105 Archidiecezji Krakowskiej.<\/p>\n<p style=\"text-align: center;\">Obejmuj\u0105c Was moj\u0105 my\u015bl\u0105 i modlitw\u0105, wszystkim Wam z serca b\u0142ogos\u0142awi\u0119<\/p>\n<p style=\"text-align: center;\">+ Marek J\u0119draszewski<br \/>\nArcybiskup Metropolita Krakowski<\/p>\n","protected":false},"excerpt":{"rendered":"<p>Drodzy Archidiecezjanie! Po raz pierwszy prze\u017cywam rado\u015b\u0107, a zarazem zaszczyt w taki w\u0142a\u015bnie spos\u00f3b zwr\u00f3ci\u0107 si\u0119 do Was, Umi\u0142owani wierni Ko\u015bcio\u0142a Krakowskiego, cz\u0105stki \u015bwi\u0119tego, katolickiego i apostolskiego Ko\u015bcio\u0142a, skupionego w wierze i mi\u0142o\u015bci wok\u00f3\u0142 Ojca \u015awi\u0119tego Franciszka. Wypowiadaj\u0105c te s\u0142owa, ca\u0142ym mym sercem pragn\u0119 obj\u0105\u0107 wszystkich, kt\u00f3rzy nale\u017c\u0105 do Archidiecezji Krakowskiej i kt\u00f3rzy j\u0105 tworz\u0105: [&hellip;]<\/p>\n","protected":false},"author":4,"featured_media":0,"comment_status":"closed","ping_status":"closed","sticky":false,"template":"","format":"standard","meta":{"footnotes":""},"categories":[15],"tags":[],"class_list":["post-4729","post","type-post","status-publish","format-standard","hentry","category-warto-wiedziec"],"_links":{"self":[{"href":"https:\/\/parafiatokarnia.pl\/index.php?rest_route=\/wp\/v2\/posts\/4729","targetHints":{"allow":["GET"]}}],"collection":[{"href":"https:\/\/parafiatokarnia.pl\/index.php?rest_route=\/wp\/v2\/posts"}],"about":[{"href":"https:\/\/parafiatokarnia.pl\/index.php?rest_route=\/wp\/v2\/types\/post"}],"author":[{"embeddable":true,"href":"https:\/\/parafiatokarnia.pl\/index.php?rest_route=\/wp\/v2\/users\/4"}],"replies":[{"embeddable":true,"href":"https:\/\/parafiatokarnia.pl\/index.php?rest_route=%2Fwp%2Fv2%2Fcomments&post=4729"}],"version-history":[{"count":3,"href":"https:\/\/parafiatokarnia.pl\/index.php?rest_route=\/wp\/v2\/posts\/4729\/revisions"}],"predecessor-version":[{"id":4732,"href":"https:\/\/parafiatokarnia.pl\/index.php?rest_route=\/wp\/v2\/posts\/4729\/revisions\/4732"}],"wp:attachment":[{"href":"https:\/\/parafiatokarnia.pl\/index.php?rest_route=%2Fwp%2Fv2%2Fmedia&parent=4729"}],"wp:term":[{"taxonomy":"category","embeddable":true,"href":"https:\/\/parafiatokarnia.pl\/index.php?rest_route=%2Fwp%2Fv2%2Fcategories&post=4729"},{"taxonomy":"post_tag","embeddable":true,"href":"https:\/\/parafiatokarnia.pl\/index.php?rest_route=%2Fwp%2Fv2%2Ftags&post=4729"}],"curies":[{"name":"wp","href":"https:\/\/api.w.org\/{rel}","templated":true}]}}