{"id":4670,"date":"2016-12-31T19:15:07","date_gmt":"2016-12-31T19:15:07","guid":{"rendered":"https:\/\/parafiatokarnia.pl\/?p=4670"},"modified":"2016-12-31T19:16:48","modified_gmt":"2016-12-31T19:16:48","slug":"ii-niedziela-po-bozym-narodzeniu-2","status":"publish","type":"post","link":"https:\/\/parafiatokarnia.pl\/?p=4670","title":{"rendered":"II NIEDZIELA PO BO\u017bYM NARODZENIU"},"content":{"rendered":"<p style=\"text-align: justify;\">Dzisiaj Niedziela w oktawie Narodzenia Pa\u0144skiego. Nowy Rok. Uroczysto\u015b\u0107 \u015awi\u0119tej Bo\u017cej Rodzicielki Maryi. W tym dniu obchodzimy 50. \u015awiatowy Dzie\u0144 Modlitwy o Pok\u00f3j na \u015bwiecie. Pierwsza niedziela miesi\u0105ca. Po Mszy \u015bw. adoracja Naj\u015bwi\u0119tszego Sakramentu. Dzisiejsza sk\u0142adka przeznaczona jest na Centrum Jana Paw\u0142a II w Krakowie.<\/p>\n<p style=\"text-align: justify;\">Dzi\u0119kujemy mieszka\u0144com 1. cz\u0119\u015bci r\u00f3l: Kasperki i Kanie za posprz\u0105tanie ko\u015bcio\u0142a, oraz z\u0142o\u017con\u0105 ofiar\u0119 na ko\u015bci\u00f3\u0142. O porz\u0105dki w tym tygodniu prosimy mieszka\u0144c\u00f3w 2 cz\u0119\u015bci tych r\u00f3l.<\/p>\n<p style=\"text-align: justify;\">W tym tygodniu przypada pierwszy czwartek, pierwszy pi\u0105tek i pierwsza sobota miesi\u0105ca. W czwartek o 17.00 Godzina \u015awi\u0119ta. W pi\u0105tek 6 stycznia obchodzi\u0107 b\u0119dziemy Uroczysto\u015b\u0107 Objawienia Pa\u0144skiego. Msze \u015bw. jak w niedziel\u0119. Spowied\u017a pierwszopi\u0105tkowa podczas mszy \u015bw. Sk\u0142adka w tym dniu zostanie przeznaczona na misje. \u015awi\u0119to Trzech Kr\u00f3li jest tak\u017ce dniem modlitw dzieci i m\u0142odzie\u017cy w intencji misji.<\/p>\n<p style=\"text-align: justify;\">W imieniu Orkiestry OSP Tokarnia zapraszamy w \u015awi\u0119to Trzech Kr\u00f3li do Gminnego O\u015brodka Kultury i Sportu na pi\u0119kny Koncert Noworoczny, kt\u00f3ry rozpocznie si\u0119 o godzinie 17.00. Zapraszamy.<\/p>\n<p style=\"text-align: justify;\">Za tydzie\u0144, w niedziel\u0119 \u015awi\u0119to Chrztu Pa\u0144skiego, kt\u00f3re ko\u0144czy okres Bo\u017cego Narodzenia.<\/p>\n<p style=\"text-align: justify;\">Przy okazji wizyty duszpasterskiej ofiary na ko\u015bci\u00f3\u0142 z\u0142o\u017cyli mieszka\u0144cy r\u00f3l: Brzegi i Ubrany: rodzina Ryszkowskich, Renata i Karol Ci\u0119\u017ckowscy, Janina i Ryszard Ci\u0119\u017ckowscy, Jolanta i Bart\u0142omiej Ci\u0119\u017ckowscy z rodzicami, Aneta i Piotr Kowalcze, rodzina Jabco\u0144, rodzina Flaga, Stanis\u0142aw Nawara z rodzin\u0105, rodzina Lenartek, rodzina Romaniak, Stanis\u0142aw Rado\u0144 z rodzin\u0105, Andrzej Ziembla z rodzin\u0105, Stanis\u0142aw Pindel, Boles\u0142aw Bier\u00f3wka z rodzin\u0105; Katarzyna Filipek, Zofia \u017bak, Walenty Kluska, Bogumi\u0142a i Robert Luberda, Piotr Pindel z rodzin\u0105, J\u00f3zef Lenartek z rodzin\u0105, Stanis\u0142awa i Krzysztof Bier\u00f3wka, rodzina Bier\u00f3wka, rodzina Wr\u00f3bel, rodzina Filipk\u00f3w i Worw\u00f3w, Piotr \u017baba z rodzin\u0105, Maria i Bogdan Gospodarczyk, Helena Dyrcz, rodzina Gospodarczyk i \u0141akota, rodzina Tajs, J\u00f3zef Wrona, rodzina Worw\u00f3w, rodzina Korabik\u00f3w, Teresa i Jaros\u0142aw Gwi\u017cd\u017c, rodzina Hanusiak\u00f3w, Anna i Dominik Lenartek z rodzin\u0105, Helena i Tadeusz Bier\u00f3wka, rodzina Czyszczo\u0144, Beata i Grzegorz Gwi\u017cd\u017c, rodzina Milewskich; z roli Hoboty: Dorota i Bogdan Ho\u0142da, rodzina Filipek, z roli Kluski: Piotr i Lucyna Kluska, z roli U Lipki: Katarzyna i Marcin Proszek, Beata i Miros\u0142aw Kuca\u0142a, z roli Koty: Renata i Bogdan Proszek.<\/p>\n<p style=\"text-align: justify;\">Z roli: Zagrody i Dziubras Dolny: rodzina Kawo\u0144czyk, Adam Gierat z rodzin\u0105, rodzina Romaniak\u00f3w, Maria i Mieczys\u0142aw Zi\u0119ba, Micha\u0142 Zi\u0119ba z rodzin\u0105, Halina Sp\u00f3rna z rodzin\u0105, rodzina J\u0105tyk\u00f3w; Krystyna i Tadeusz Zi\u0119ba, Ewa i Pawe\u0142 Zi\u0119ba, rodzina Gwi\u017cd\u017c\u00f3w, Irena i Stanis\u0142aw Wr\u00f3bel, Teresa i Jan Wr\u00f3bel z rodzin\u0105, rodzina Ko\u0142odziejczyk\u00f3w i Filipk\u00f3w, Danuta Hobot, Irena Pindel, rodzina Ho\u0142d\u00f3w, rodzina Ho\u0142d\u00f3w i Bzowskich, rodzina Czopk\u00f3w, rodzina Kubowicz\u00f3w, rodzina Romaniak\u00f3w, Zofia Szewc i Barbara i Marek P\u0119cek.<\/p>\n<p style=\"text-align: justify;\">Z roli: Bier\u00f3wki i Bryle: Anna i Stanis\u0142aw Zembol, Irena i Franciszek Bier\u00f3wka, Iwona i Adam Bier\u00f3wka, Zofia S\u0142onina z rodzin\u0105, Agnieszka i Grzegorz Zembol, rodzina Surlas, Stanis\u0142aw Bier\u00f3wka, Anna i Tadeusz Z\u0119bol, J\u00f3zef S\u0142onina, Anna i W\u0142adys\u0142aw Romaniak, Danuta i J\u00f3zef Romaniak, Mieczys\u0142aw Bier\u00f3wka z rodzin\u0105, rodzina Korabik\u00f3w, rodzina Hobot, Anna i Andrzej Bier\u00f3wka, rodzina Szczepaniak\u00f3w, Jadwiga S\u0142onina z rodzin\u0105, Krzysztof Z\u0119bol z rodzin\u0105, Anna i \u0141ukasz Mirek, rodzina Romaniak\u00f3w; rodzina Kobia\u0142k\u00f3w, rodzina Spyrk\u00f3w, rodzina Ost\u00f3j, rodzina Jochymik\u00f3w, rodzina Romaniak\u00f3w, Czes\u0142awa Gwi\u017cd\u017c, Genowefa i Edward Bier\u00f3wka, rodzina Borowy.<\/p>\n<p style=\"text-align: justify;\">Z roli Knapy: rodzina Ulmaniec, Dorota i Mariusz Kluska, rodzina Gierat, rodzina Jurczak\u00f3w, rodzina Makuch i Nosidlak, rodzina Czarnul, rodzina Strzebo\u0144skich, Jan Piaszczak z rodzin\u0105, Pawe\u0142 Piaszczak z rodzin\u0105, rodzina Mleczek, rodzina Miko\u0142ajczyk, Jadwiga Ko\u0142odziej, Cecylia Mizera, rodzina P\u0119ck\u00f3w i Mirk\u00f3w, rodzina Ko\u0142odziej\u00f3w i Czapnik\u00f3w, Piotr Hanusiak z rodzin\u0105, rodzina Zaj\u0105c\u00f3w i Kosk\u00f3w, rodzina Z\u0119bol, J\u00f3zef Hanusiak z rodzin\u0105, Lucyna i Krzysztof Mirek z rodzin\u0105, Bogus\u0142awa Ko\u0142odziej, Janina i Tadeusz Pajka z rodzin\u0105, rodzina Kalet\u00f3w, Maria i W\u0142adys\u0142aw Kluska, rodzina Ptak, Anna i Piotr Piaszczak, rodzina Obajtek, rodzina Korabik\u00f3w.<\/p>\n<p style=\"text-align: justify;\">Wszystkim ofiarodawcom sk\u0142adamy serdeczne podzi\u0119kowanie za ofiary z\u0142o\u017cone na potrzeby naszego ko\u015bcio\u0142a.<\/p>\n<p style=\"text-align: justify;\">Harmonogram kol\u0119dy na kolejne dni:<\/p>\n<p style=\"text-align: justify;\">2 stycznia (poniedzia\u0142ek)\u00a0 Madonie, Kusiki, Mizery<\/p>\n<p style=\"text-align: justify;\">3 stycznia (wtorek) \u2013\u00a0 Chlebierz\u00f3wka, Molusy, Guz\u00f3wka, Koty, U Lipki<\/p>\n<p style=\"text-align: justify;\">4 stycznia (\u015broda) &#8211; Gwi\u017cd\u017ce i Hoboty<\/p>\n<p style=\"text-align: justify;\">5 stycznia (czwartek) &#8211;\u00a0 Dzio\u0142ek, J\u0105tyki, Per\u0142y, Pawlaki, Dom pod Kasprem<\/p>\n<p style=\"text-align: justify;\">7 stycznia (sobota) &#8211; Kluski i Szewcy<\/p>\n<p style=\"text-align: justify;\">I jeszcze jedno og\u0142oszenie w sprawie \u015awi\u0105tecznej Akcji Gor\u0105cych Serc, o kt\u00f3re prosi\u0142 ks. Darek z Wi\u0119ci\u00f3rki.<\/p>\n<p style=\"text-align: center;\">\u015awi\u0105teczna Akcja Gor\u0105cych Serc \u2013 9 edycja<\/p>\n<p style=\"text-align: justify;\">Salwatoria\u0144ski O\u015brodek Szkoleniowo-Terapeutyczny w Wi\u0119ci\u00f3rce wraz z zespo\u0142em SAVIOUR zapraszaj\u0105 do w\u0142\u0105czenia si\u0119 w 9 edycj\u0119 \u015awi\u0105tecznej Akcji Gor\u0105cych Serc, kt\u00f3ra odb\u0119dzie si\u0119 w niedziel\u0119 8 stycznia 2017 r o godz. 15.00 w Gminnym O\u015brodku Kultury i Sportu w Tokarni. Zgodnie z ide\u0105 tej akcji chcemy nie\u015b\u0107 rado\u015b\u0107 poprzez wsp\u00f3lne kol\u0119dowanie i dzieli\u0107 si\u0119 dobrem z bli\u017animi.<\/p>\n<p style=\"text-align: justify;\">Tegoroczny cel akcji b\u0119dzie przeznaczony na leczenie Damiana Pandyry z Pcimia. Damian obecnie ma 7 lat w wieku 4 lat wykryto u niego guza m\u00f3\u017cd\u017cku po\u00a0 zabiegu utrzymuj\u0105 si\u0119 do chwili obecnej zaburzenia po\u0142ykania, oddychania oraz niedow\u0142ad po\u0142owiczny lewostronny. Damian wymaga przez tracheostomi\u0119 ca\u0142odobowego wspomagania oddechu respiratorem oraz jest karmiony przez za\u0142o\u017con\u0105 przetok\u0119 \u017co\u0142\u0105dkow\u0105 (PEG). W przeci\u0105gu ostatnich lat Damian przeszed\u0142 szereg operacji i zabieg\u00f3w neurochirurgicznych, cz\u0119ste i d\u0142ugotrwa\u0142e pobyty w szpitalu cofa\u0142y wcze\u015bniejsze post\u0119pu w rehabilitacji. Obecnie ze wzgl\u0119du na wodog\u0142owie ma 3 zastawki komorowo otrzewne w g\u0142owie. Damian dzi\u0119ki intensywnej rehabilitacji pr\u00f3buje utrzymywa\u0107 r\u00f3wnowag\u0119 i stawia\u0107 pierwsze kroki. Datki na leczenie b\u0119d\u0105 zbierane po mszach \u015bwi\u0119tych przy ko\u015bciele i podczas koncertu.<\/p>\n<p style=\"text-align: justify;\">Tego dnia podczas koncertu odb\u0119dzie si\u0119 konkurs na Cukiernika Roku 2017 r. Zasady konkursu s\u0105 niezmienne: upieczenie 50 ciasteczek, kt\u00f3re powinny w jakikolwiek spos\u00f3b nawi\u0105zywa\u0107 do Akcji. Przy zg\u0142aszaniu ciastek na konkurs nale\u017cy do\u0142\u0105czy\u0107 przepis. Ciastka nale\u017cy dostarcza\u0107 do soboty 7 stycznia do godz. 20.00 do budynku Salwatoria\u0144skiego O\u015brodka Terapeutycznego w Wi\u0119ci\u00f3rce.<\/p>\n<p>Podczas koncertu odb\u0119dzie si\u0119 loteria fantowa. Zapraszamy do uczestnictwa wszystkie Gor\u0105ce Serca!.<\/p>\n<p style=\"text-align: justify;\">\u015aw. Pawe\u0142 daje przyk\u0142ad modlitwy za innych: \u201eProsz\u0119 w nich, aby Pan B\u00f3g (\u2026) da\u0142 wam ducha m\u0105dro\u015bci i objawienia w g\u0142\u0119bszym poznawaniu Jego samego\u201d. Niech adoracja i b\u0142ogos\u0142awie\u0144stwo Naj\u015bwi\u0119tszym Sakramentem pomagaj\u0105 nam trwa\u0107 w takiej modlitwie w ci\u0105gu ca\u0142ego Nowego Roku.<\/p>\n","protected":false},"excerpt":{"rendered":"<p>Dzisiaj Niedziela w oktawie Narodzenia Pa\u0144skiego. Nowy Rok. Uroczysto\u015b\u0107 \u015awi\u0119tej Bo\u017cej Rodzicielki Maryi. W tym dniu obchodzimy 50. \u015awiatowy Dzie\u0144 Modlitwy o Pok\u00f3j na \u015bwiecie. Pierwsza niedziela miesi\u0105ca. Po Mszy \u015bw. adoracja Naj\u015bwi\u0119tszego Sakramentu. Dzisiejsza sk\u0142adka przeznaczona jest na Centrum Jana Paw\u0142a II w Krakowie. Dzi\u0119kujemy mieszka\u0144com 1. cz\u0119\u015bci r\u00f3l: Kasperki i Kanie za posprz\u0105tanie [&hellip;]<\/p>\n","protected":false},"author":4,"featured_media":0,"comment_status":"closed","ping_status":"closed","sticky":false,"template":"","format":"standard","meta":{"footnotes":""},"categories":[6],"tags":[],"class_list":["post-4670","post","type-post","status-publish","format-standard","hentry","category-ogloszenia"],"_links":{"self":[{"href":"https:\/\/parafiatokarnia.pl\/index.php?rest_route=\/wp\/v2\/posts\/4670","targetHints":{"allow":["GET"]}}],"collection":[{"href":"https:\/\/parafiatokarnia.pl\/index.php?rest_route=\/wp\/v2\/posts"}],"about":[{"href":"https:\/\/parafiatokarnia.pl\/index.php?rest_route=\/wp\/v2\/types\/post"}],"author":[{"embeddable":true,"href":"https:\/\/parafiatokarnia.pl\/index.php?rest_route=\/wp\/v2\/users\/4"}],"replies":[{"embeddable":true,"href":"https:\/\/parafiatokarnia.pl\/index.php?rest_route=%2Fwp%2Fv2%2Fcomments&post=4670"}],"version-history":[{"count":3,"href":"https:\/\/parafiatokarnia.pl\/index.php?rest_route=\/wp\/v2\/posts\/4670\/revisions"}],"predecessor-version":[{"id":4673,"href":"https:\/\/parafiatokarnia.pl\/index.php?rest_route=\/wp\/v2\/posts\/4670\/revisions\/4673"}],"wp:attachment":[{"href":"https:\/\/parafiatokarnia.pl\/index.php?rest_route=%2Fwp%2Fv2%2Fmedia&parent=4670"}],"wp:term":[{"taxonomy":"category","embeddable":true,"href":"https:\/\/parafiatokarnia.pl\/index.php?rest_route=%2Fwp%2Fv2%2Fcategories&post=4670"},{"taxonomy":"post_tag","embeddable":true,"href":"https:\/\/parafiatokarnia.pl\/index.php?rest_route=%2Fwp%2Fv2%2Ftags&post=4670"}],"curies":[{"name":"wp","href":"https:\/\/api.w.org\/{rel}","templated":true}]}}