{"id":4409,"date":"2016-10-01T22:09:33","date_gmt":"2016-10-01T22:09:33","guid":{"rendered":"https:\/\/parafiatokarnia.pl\/?p=4409"},"modified":"2016-10-03T20:35:37","modified_gmt":"2016-10-03T20:35:37","slug":"27-niedziela-zwykla-2","status":"publish","type":"post","link":"https:\/\/parafiatokarnia.pl\/?p=4409","title":{"rendered":"27 NIEDZIELA ZWYK\u0141A"},"content":{"rendered":"<p style=\"text-align: justify;\">Wczoraj powr\u00f3ci\u0142 do naszej parafii cudowny obraz \u0142askami s\u0142yn\u0105cy Matki Bo\u017cej \u015anie\u017cnej, Pani Tokarskiej. Dzi\u0119kujemy ks. biskupowi Janowi Szkodoniowi za modlitw\u0119 i obecno\u015b\u0107. Dzi\u0119kujemy wszystkim i ka\u017cdemu z osobna za nieocenion\u0105 pomoc w przygotowaniu uroczystego powitania obrazu: za przygotowanie \u015bwi\u0105tyni, porz\u0105dki wok\u00f3\u0142 ko\u015bcio\u0142a, udekorowanie drogi, za wzruszaj\u0105ce powitanie naszej Matki, kt\u00f3ra szcz\u0119\u015bliwie wr\u00f3ci\u0142a do swoich dzieci i do swojego Domu.<\/p>\n<p style=\"text-align: justify;\">Na r\u0119ce p. Stanis\u0142awa Funka sk\u0142adamy serdeczne podzi\u0119kowania Kliszczakom za pi\u0119kn\u0105 opraw\u0119 muzyczn\u0105, zorganizowanie koni, wozu, bryczki i asyst\u0119. Na r\u0119ce p. Janusza J\u0119drochy, sk\u0142adamy podzi\u0119kowania Orkietrze D\u0119tej Ochotniczej Stra\u017cy Po\u017carnej za ubogacenie liturgii mszy \u015bw. Na r\u0119ce p. Teresy Hans sk\u0142adamy podzi\u0119kowanie scholi \u201e\u015anie\u017cnej Pani\u201d za pi\u0119kny \u015bpiew dzieci podczas nabo\u017ce\u0144stwa r\u00f3\u017ca\u0144cowego. Na r\u0119ce p. Stanis\u0142awa Wr\u00f3bla, komendanta OSP Tokarnia sk\u0142adamy podzi\u0119kowanie druhom-stra\u017cakom za zabezpieczenie trasy przejazdu.<\/p>\n<p style=\"text-align: justify;\">Dzi\u0119kujemy p. Wojciechowi P\u0119ckowi i p. Sylwestrowi Jamrozikowi za udokumentowanie tego historycznego wydarzenia. Dzi\u0119kujemy paniom z Ko\u0142a Gospody\u0144 Wiejskich, kt\u00f3re nios\u0142y r\u00f3\u017caniec, R\u00f3\u017com R\u00f3\u017ca\u0144cowym, Arcybractwu Honorowej Stra\u017cy NSPJ, Czcicielkom Niepokalanego Serca NMP, cz\u0142onkiniom Arcybractwa Dusz Czy\u015b\u0107cowych, Ko\u0142u Przyjaci\u00f3\u0142 Radia Maryja, S\u0142u\u017cbie Liturgicznej O\u0142tarza i s\u0142u\u017cbie ko\u015bcielnej: p. J\u00f3zefowi, p. Stanis\u0142awowi i p. Ryszardowi. Wyra\u017camy wdzi\u0119czno\u015b\u0107 dzieciom, m\u0142odzie\u017cy oraz wszystkim parafianom i przyby\u0142ym go\u015bciom, za tak liczny udzia\u0142 w tej przepi\u0119knej uroczysto\u015bci.<\/p>\n<p style=\"text-align: justify;\">Dzi\u0119kujemy naszym parafiankom za umycie okien. Trzeba powiedzie\u0107, \u017ce mamy nie tylko pracowite kobiety w parafii, ale i odwa\u017cne, bo mycie okien na wysoko\u015bci 20 metr\u00f3w wymaga wielkiej odwagi. Dzi\u0119kujemy Firmie \u201eFLORA\u201d z Krakowa, kt\u00f3rej w\u0142a\u015bcicielami s\u0105 p. Grzegorz Kozio\u0142 i Tomasz Kozio\u0142 za wypo\u017cyczenie zwy\u017cki do mycia okien, oraz p. Ignacemu Hanusiakowi za nieocenion\u0105 pomoc i sfinansowanie telebimu na uroczysto\u015b\u0107 koronacji. B\u00f3g zap\u0142a\u0107 p. Stanis\u0142awowi Nawarze za wykonanie tronu i feretronu pod obraz Matki Bo\u017cej \u015anie\u017cnej. Wszystkim, kt\u00f3rym nale\u017cy si\u0119 podzi\u0119kowanie, m\u00f3wimy: B\u00f3g zap\u0142a\u0107!<\/p>\n<p style=\"text-align: justify;\">Dzi\u0119kujemy mieszka\u0144com r\u00f3l: Dziury, Kocury i Proszki za posprz\u0105tanie ko\u015bcio\u0142a, terenu wok\u00f3\u0142 ko\u015bcio\u0142a, z\u0142o\u017con\u0105 ofiar\u0119 na ko\u015bci\u00f3\u0142, zam\u00f3wion\u0105 msz\u0119 \u015bw., oraz za kwiaty. O porz\u0105dki w tym tygodniu prosimy mieszka\u0144c\u00f3w r\u00f3l: Fu\u0142y, M\u0142yny i Przymiarki.<\/p>\n<p style=\"text-align: justify;\">Dzi\u0119kujemy wszystkim, kt\u00f3rzy duchowo i materialnie wsparli renowacj\u0119 obrazu i przyczynili si\u0119 do uroczysto\u015bci koronacyjnej, kt\u00f3ra odb\u0119dzie si\u0119 w dniu 8 pa\u017adziernika o godz. 16.00. Dzi\u0119kujemy Pa\u0144stwu Stanis\u0142awie i Stanis\u0142awowi Filipkom, p. Rozalii Kluska z roli Kostruchy, p. Stanis\u0142awowi Gawlakowi, p. Gra\u017cynie Kominek, prezes Akcji Katolickiej Archidiecezji Krakowskiej za z\u0142o\u017cone ofiary na koronacj\u0119 obrazu MB i ofiarowane z\u0142oto na korony.<\/p>\n<p style=\"text-align: justify;\">Dzisiaj rozpoczniemy parafialne rekolekcje przed koronacj\u0105 obrazu Matki Bo\u017cej \u015anie\u017cnej, kt\u00f3re b\u0119d\u0105 trwa\u0107 a\u017c do pi\u0105tku. Rekolekcje dla doros\u0142ych poprowadzi o. Ignacy Proszek, redemptorysta i nasz rodak. Nauki dla dzieci i m\u0142odzie\u017cy g\u0142osi\u0107 b\u0119dzie ks. J\u00f3zef Litwa, nasz by\u0142y wikariusz i wielki czciciel Pani Tokarskiej.<\/p>\n<p style=\"text-align: justify;\">Przed obrazem Matki Bo\u017cej przy o\u0142tarzu zostanie wystawiona \u201eZ\u0142ota Ksi\u0119ga\u201d, w kt\u00f3rej ka\u017cdy z nas po dzisiejszej mszy \u015bw. oraz w trakcie rekolekcji b\u0119dzie m\u00f3g\u0142 wpisa\u0107 swoje osobiste podzi\u0119kowanie, pro\u015bby, zobowi\u0105zania i wyrzeczenia, jako wyraz wdzi\u0119czno\u015bci i ufno\u015bci naszej Matce i Kr\u00f3lowej. Ksi\u0119ga ta zostanie z\u0142o\u017cona w czasie procesji z darami w dniu koronacji.<\/p>\n<p style=\"text-align: justify;\">Plan naszych rekolekcji:<\/p>\n<p style=\"text-align: justify;\">2 pa\u017adziernika 2016 &#8211; niedziela<\/p>\n<p style=\"text-align: justify;\">07.00 Msza \u015bw. z nauk\u0105 og\u00f3ln\u0105<\/p>\n<p style=\"text-align: justify;\">09.00 Msza \u015bw. z nauk\u0105 dla rodzin z dzie\u0107mi<\/p>\n<p style=\"text-align: justify;\">11.00 Msza \u015bw. z nauk\u0105 og\u00f3ln\u0105<\/p>\n<p style=\"text-align: justify;\">15.00 R\u00f3\u017caniec<\/p>\n<p style=\"text-align: justify;\">15.30 Msza \u015bw. z nauk\u0105 og\u00f3ln\u0105<\/p>\n<p style=\"text-align: justify;\">21.00 Apel jasnog\u00f3rski<\/p>\n<p style=\"text-align: justify;\">3 pa\u017cdziernika 2016 \u2013 poniedzia\u0142ek<\/p>\n<p style=\"text-align: justify;\">17.15 R\u00f3\u017caniec<\/p>\n<p style=\"text-align: justify;\">18.00 Msza \u015bw. z nauk\u0105 og\u00f3ln\u0105<\/p>\n<p style=\"text-align: justify;\">21.00 Apel jasnog\u00f3rki<\/p>\n<p style=\"text-align: justify;\">4 pa\u017adziernika \u2013 wtorek<\/p>\n<p style=\"text-align: justify;\">16.45 Nauka dla dzieci<\/p>\n<p style=\"text-align: justify;\">17.15 R\u00f3\u017caniec<\/p>\n<p style=\"text-align: justify;\">18.00 Msza \u015bw. z nauk\u0105 og\u00f3ln\u0105<\/p>\n<p style=\"text-align: justify;\">20.00 Nauka dla m\u0142odzie\u017cy<\/p>\n<p style=\"text-align: justify;\">21.00 Apel jasnog\u00f3rski<\/p>\n<p style=\"text-align: justify;\">5 pa\u017adziernika 2016 &#8211; \u015broda<\/p>\n<p style=\"text-align: justify;\">16.45 Nauka dla dzieci<\/p>\n<p style=\"text-align: justify;\">17.15 R\u00f3\u017caniec<\/p>\n<p style=\"text-align: justify;\">18.00 Msza \u015bw. z nauk\u0105 og\u00f3ln\u0105 (nowenna do mb nieustaj\u0105cej pomocy)<\/p>\n<p style=\"text-align: justify;\">20.00 Nauka dla m\u0142odzie\u017cy<\/p>\n<p style=\"text-align: justify;\">21.00 Apel jasnog\u00f3rski<\/p>\n<p style=\"text-align: justify;\">6 pa\u017adziernika 2016 &#8211; czwartek<\/p>\n<p style=\"text-align: justify;\">16.45 Nauka dla dzieci<\/p>\n<p style=\"text-align: justify;\">17.15 R\u00f3\u017caniec<\/p>\n<p style=\"text-align: justify;\">18.00 Msza \u015bw. z nauk\u0105 og\u00f3ln\u0105<\/p>\n<p style=\"text-align: justify;\">20.00 Nauka dla m\u0142odzie\u017cy<\/p>\n<p style=\"text-align: justify;\">21.00 Apel jasnog\u00f3rski<\/p>\n<p style=\"text-align: justify;\">7 pa\u017adziernika 2016 \u2013 pi\u0105tek<\/p>\n<p style=\"text-align: justify;\">06.30 \u2013 08.00 Spowied\u017a.<\/p>\n<p style=\"text-align: justify;\">Po po\u0142udnu:<\/p>\n<p style=\"text-align: justify;\">16.00 \u2013 21.00 Spowied\u017a<\/p>\n<p style=\"text-align: justify;\">17.15 R\u00f3\u017caniec<\/p>\n<p style=\"text-align: justify;\">18.00 Msza \u015bw. z nauk\u0105 og\u00f3ln\u0105<\/p>\n<p style=\"text-align: justify;\">21.00 Apel jasnog\u00f3rski \u2013 zako\u0144czenie rekolekcji<\/p>\n<p style=\"text-align: justify;\">Prosimy, by tak zaplanowa\u0107 swoje codzienne obowi\u0105zki, aby ka\u017cdy m\u00f3g\u0142 wzi\u0105\u0107 udzia\u0142 w parafialnych rekolekcjach.<\/p>\n<p style=\"text-align: justify;\">W sobot\u0119 o godz. 16.00 koronacja obrazu MB \u015anie\u017cnej, kt\u00f3rej dokona ks. kard. Stanis\u0142aw Dziwisz, metropolita krakowski. Niech nie zabraknie na niej nikogo z naszej parafii. Uroczysto\u015b\u0107 transmitowana b\u0119dzie na \u017cywo przez Radio Maryja i Telewizj\u0119 Trwam. Sk\u0142adka w tym dniu przeznaczona na pokrycie koszt\u00f3w transmisji.<\/p>\n<p style=\"text-align: justify;\">Wa\u017cn\u0105 i obowi\u0105zkow\u0105 kwesti\u0105 dla obs\u0142uguj\u0105cych transmisj\u0119 telewizyjn\u0105 jest przeprowadzenie pr\u00f3by. W sobot\u0119 o godz. 13.00 pr\u00f3ba asyst: S\u0142u\u017cby Liturgicznej O\u0142tarza: ministrant\u00f3w i lektor\u00f3w, ch\u00f3ru, orkiestry, scholi i bezpo\u015brednio zaanga\u017cowanych w uroczysto\u015b\u0107.<\/p>\n<p style=\"text-align: justify;\">Za tydzie\u0144 Dzie\u0144 Papieski. Po Mszach \u015bw. b\u0119dzie zbierana do puszek ofiara na fundacj\u0119 \u201eDzie\u0142o Nowego Tysi\u0105clecia\u201d. To fundusz stypendialny dla zdolnej m\u0142odzie\u017cy pochodz\u0105cej z ubogich rodzin, a b\u0119d\u0105cy wyrazem pami\u0119ci o wskazaniach \u015bw. Jana Paw\u0142a II. Po mszy \u015bw. popo\u0142udniowej ok. 16.15 koncert w ho\u0142dzie \u015bw. Janowi Paw\u0142owi II &#8222;Wszystko mi\u0142o\u015b\u0107&#8221; w wykonaniu Krzysztofa Bigaja. Zach\u0119camy do zwiedzania wystawy plenerowej, kt\u00f3rej mecenasem jest p. Zbigniew Gretka, prezes Stowarzyszenia Artyst\u00f3w Polskich.<\/p>\n<p style=\"text-align: justify;\">Aposto\u0142owie prosili Jezusa: \u201ePanie, dodaj nam wiary\u201d. Niech ta pro\u015bba b\u0119dzie i nasz\u0105 w czasie parafialnych rekolekcji i przygotowania do koronacji.<\/p>\n","protected":false},"excerpt":{"rendered":"<p>Wczoraj powr\u00f3ci\u0142 do naszej parafii cudowny obraz \u0142askami s\u0142yn\u0105cy Matki Bo\u017cej \u015anie\u017cnej, Pani Tokarskiej. Dzi\u0119kujemy ks. biskupowi Janowi Szkodoniowi za modlitw\u0119 i obecno\u015b\u0107. Dzi\u0119kujemy wszystkim i ka\u017cdemu z osobna za nieocenion\u0105 pomoc w przygotowaniu uroczystego powitania obrazu: za przygotowanie \u015bwi\u0105tyni, porz\u0105dki wok\u00f3\u0142 ko\u015bcio\u0142a, udekorowanie drogi, za wzruszaj\u0105ce powitanie naszej Matki, kt\u00f3ra szcz\u0119\u015bliwie wr\u00f3ci\u0142a do swoich [&hellip;]<\/p>\n","protected":false},"author":4,"featured_media":0,"comment_status":"closed","ping_status":"closed","sticky":false,"template":"","format":"standard","meta":{"footnotes":""},"categories":[6],"tags":[],"class_list":["post-4409","post","type-post","status-publish","format-standard","hentry","category-ogloszenia"],"_links":{"self":[{"href":"https:\/\/parafiatokarnia.pl\/index.php?rest_route=\/wp\/v2\/posts\/4409","targetHints":{"allow":["GET"]}}],"collection":[{"href":"https:\/\/parafiatokarnia.pl\/index.php?rest_route=\/wp\/v2\/posts"}],"about":[{"href":"https:\/\/parafiatokarnia.pl\/index.php?rest_route=\/wp\/v2\/types\/post"}],"author":[{"embeddable":true,"href":"https:\/\/parafiatokarnia.pl\/index.php?rest_route=\/wp\/v2\/users\/4"}],"replies":[{"embeddable":true,"href":"https:\/\/parafiatokarnia.pl\/index.php?rest_route=%2Fwp%2Fv2%2Fcomments&post=4409"}],"version-history":[{"count":8,"href":"https:\/\/parafiatokarnia.pl\/index.php?rest_route=\/wp\/v2\/posts\/4409\/revisions"}],"predecessor-version":[{"id":4418,"href":"https:\/\/parafiatokarnia.pl\/index.php?rest_route=\/wp\/v2\/posts\/4409\/revisions\/4418"}],"wp:attachment":[{"href":"https:\/\/parafiatokarnia.pl\/index.php?rest_route=%2Fwp%2Fv2%2Fmedia&parent=4409"}],"wp:term":[{"taxonomy":"category","embeddable":true,"href":"https:\/\/parafiatokarnia.pl\/index.php?rest_route=%2Fwp%2Fv2%2Fcategories&post=4409"},{"taxonomy":"post_tag","embeddable":true,"href":"https:\/\/parafiatokarnia.pl\/index.php?rest_route=%2Fwp%2Fv2%2Ftags&post=4409"}],"curies":[{"name":"wp","href":"https:\/\/api.w.org\/{rel}","templated":true}]}}