{"id":4388,"date":"2016-09-17T12:09:43","date_gmt":"2016-09-17T12:09:43","guid":{"rendered":"https:\/\/parafiatokarnia.pl\/?p=4388"},"modified":"2016-09-17T12:10:27","modified_gmt":"2016-09-17T12:10:27","slug":"25-niedziela-zwykla-2","status":"publish","type":"post","link":"https:\/\/parafiatokarnia.pl\/?p=4388","title":{"rendered":"25 NIEDZIELA ZWYK\u0141A"},"content":{"rendered":"<p style=\"text-align: justify;\">Dzi\u015b wspominamy \u015bw. Stanis\u0142awa Kostk\u0119, patrona dzieci i m\u0142odzie\u017cy. Dzisiaj tak\u017ce obchodzimy Dzie\u0144 \u015arodk\u00f3w Spo\u0142ecznego Przekazu pod has\u0142em: \u201eKomunikacja i mi\u0142osierdzie \u2013 owocne spotkanie\u201d. Bogu polecajmy ludzi medi\u00f3w \u2013 prosz\u0105c o ducha odpowiedzialno\u015bci \u2013 i nas, korzystaj\u0105cych z tej formy komunikacji \u2013 o ducha roztropno\u015bci.<\/p>\n<p style=\"text-align: justify;\">Dzi\u0119kujemy mieszka\u0144com 4-ej cz\u0119\u015bci roli Hoboty za posprz\u0105tanie ko\u015bcio\u0142a, porz\u0105dki wok\u00f3\u0142 ko\u015bcio\u0142a, oraz za kwiaty. O porz\u0105dki w tym tygodniu prosimy mieszka\u0144c\u00f3w ostatniej 5-ej cz\u0119\u015bci tej roli.<\/p>\n<p style=\"text-align: justify;\">Kalendarz liturgiczny:<\/p>\n<p style=\"text-align: justify;\">Wtorek &#8211; wspomnienie \u015bw. m\u0119czennik\u00f3w korea\u0144skich: Andrzeja Kim\u00a0Taegon, prezbitera, Paw\u0142a Chong Hasang i Towarzyszy. W tym dniu spotkanie kandydat\u00f3w na ministran\u00f3w o godz. 17.00.<\/p>\n<p style=\"text-align: justify;\">\u015aroda &#8211; \u015bwi\u0119to \u015bw. Mateusza, aposto\u0142a i ewangelisty. Pr\u00f3ba ch\u00f3ru przed koronacj\u0105 po mszy \u015bw. wieczornej o godz. 19.00.<\/p>\n<p style=\"text-align: justify;\">Czwartek &#8211; wspomnienie b\u0142. Bernardyny Marii Jab\u0142o\u0144skiej, dziewicy. W czwartek tak\u017ce spotkanie organizacyjne pielgrzym\u00f3w udaj\u0105cych si\u0119 z pielgrzymk\u0105 dzi\u0119kczynn\u0105 za koronacj\u0119 do Ziemi \u015awi\u0119tej o godz. 19.00.<\/p>\n<p style=\"text-align: justify;\">Pi\u0105tek &#8211; wspomnienie \u015bw. Ojca Pio, zakonnika. Po wieczornej mszy \u015bw. spotkanie grupy m\u0142odzie\u017cowej w domu duszpasterskim.<\/p>\n<p style=\"text-align: justify;\">Dzi\u0119kujemy narzeczonym Agnieszce Korbel i Tomaszowi Makosiowi, oraz rodzicom\u00a0 Patryka, Artura i Micha\u0142a za z\u0142o\u017cone ofiary na ko\u015bci\u00f3\u0142.<\/p>\n<p style=\"text-align: justify;\">Dzisiejsza sk\u0142adka przeznaczona na potrzeby ko\u015bcio\u0142a.<\/p>\n<p style=\"text-align: justify;\">Informacja, o kt\u00f3r\u0105 prosi\u0142 nas p. W\u00f3jt. Zbi\u00f3rka odpad\u00f3w elektrycznych i elektronicznych oraz wielkogabarytowych i niebezpiecznych odb\u0119dzie si\u0119 w najbli\u017cszy pi\u0105tek tj. 23 wrze\u015bnia. Odpady wielkogabarytowe wystawiamy tradycyjnie przy drogach powiatowych i gminnych na Osiedle i na Czarny Potok do godziny 8.00, natomiast odpady niebezpieczne i elektro\u015bmieci nale\u017cy dostarczy\u0107 na parking przy Urz\u0119dzie Gminy w godzinach od 8.00 do 12.00.<\/p>\n<p style=\"text-align: justify;\">Prorok Amos przypomina s\u0142owa Boga: \u201dNie zapomn\u0119 nigdy wszystkich ich uczynk\u00f3w\u201d. Niech te s\u0142owa w przededniu koronacji obrazu Matki Bo\u017cej \u015anie\u017cnej mobilizuj\u0105 nas do czynieniu dobra.<\/p>\n","protected":false},"excerpt":{"rendered":"<p>Dzi\u015b wspominamy \u015bw. Stanis\u0142awa Kostk\u0119, patrona dzieci i m\u0142odzie\u017cy. Dzisiaj tak\u017ce obchodzimy Dzie\u0144 \u015arodk\u00f3w Spo\u0142ecznego Przekazu pod has\u0142em: \u201eKomunikacja i mi\u0142osierdzie \u2013 owocne spotkanie\u201d. Bogu polecajmy ludzi medi\u00f3w \u2013 prosz\u0105c o ducha odpowiedzialno\u015bci \u2013 i nas, korzystaj\u0105cych z tej formy komunikacji \u2013 o ducha roztropno\u015bci. Dzi\u0119kujemy mieszka\u0144com 4-ej cz\u0119\u015bci roli Hoboty za posprz\u0105tanie ko\u015bcio\u0142a, porz\u0105dki [&hellip;]<\/p>\n","protected":false},"author":4,"featured_media":0,"comment_status":"closed","ping_status":"closed","sticky":false,"template":"","format":"standard","meta":{"footnotes":""},"categories":[6],"tags":[],"class_list":["post-4388","post","type-post","status-publish","format-standard","hentry","category-ogloszenia"],"_links":{"self":[{"href":"https:\/\/parafiatokarnia.pl\/index.php?rest_route=\/wp\/v2\/posts\/4388","targetHints":{"allow":["GET"]}}],"collection":[{"href":"https:\/\/parafiatokarnia.pl\/index.php?rest_route=\/wp\/v2\/posts"}],"about":[{"href":"https:\/\/parafiatokarnia.pl\/index.php?rest_route=\/wp\/v2\/types\/post"}],"author":[{"embeddable":true,"href":"https:\/\/parafiatokarnia.pl\/index.php?rest_route=\/wp\/v2\/users\/4"}],"replies":[{"embeddable":true,"href":"https:\/\/parafiatokarnia.pl\/index.php?rest_route=%2Fwp%2Fv2%2Fcomments&post=4388"}],"version-history":[{"count":2,"href":"https:\/\/parafiatokarnia.pl\/index.php?rest_route=\/wp\/v2\/posts\/4388\/revisions"}],"predecessor-version":[{"id":4390,"href":"https:\/\/parafiatokarnia.pl\/index.php?rest_route=\/wp\/v2\/posts\/4388\/revisions\/4390"}],"wp:attachment":[{"href":"https:\/\/parafiatokarnia.pl\/index.php?rest_route=%2Fwp%2Fv2%2Fmedia&parent=4388"}],"wp:term":[{"taxonomy":"category","embeddable":true,"href":"https:\/\/parafiatokarnia.pl\/index.php?rest_route=%2Fwp%2Fv2%2Fcategories&post=4388"},{"taxonomy":"post_tag","embeddable":true,"href":"https:\/\/parafiatokarnia.pl\/index.php?rest_route=%2Fwp%2Fv2%2Ftags&post=4388"}],"curies":[{"name":"wp","href":"https:\/\/api.w.org\/{rel}","templated":true}]}}