{"id":4008,"date":"2016-05-28T09:38:26","date_gmt":"2016-05-28T09:38:26","guid":{"rendered":"https:\/\/parafiatokarnia.pl\/?p=4008"},"modified":"2016-05-28T18:31:32","modified_gmt":"2016-05-28T18:31:32","slug":"9-niedziela-zwykla","status":"publish","type":"post","link":"https:\/\/parafiatokarnia.pl\/?p=4008","title":{"rendered":"9 NIEDZIELA ZWYK\u0141A"},"content":{"rendered":"<p style=\"text-align: justify;\">Dzi\u0119kujemy za pobo\u017cny udzia\u0142 w procesji Bo\u017cego Cia\u0142a, oraz za przygotowanie o\u0142tarzy mieszka\u0144com roli Osiedle; Durki i Bugaje; G\u0119bki; oraz cz\u0142onkiniom R\u00f3\u017c R\u00f3\u017ca\u0144cowych.<\/p>\n<p style=\"text-align: justify;\">Dzi\u0119kujemy dziewczynkom, kt\u00f3re sypa\u0142y kwiaty; ch\u0142opcom z dzwoneczkami; Liturgicznej S\u0142u\u017cbie O\u0142tarza; dzieciom w strojach komunijnych; pocztom sztandarowym; paniom i dziewcz\u0119tom nios\u0105cym feretrony, figury i r\u00f3\u017caniec; orkiestrze OSP, stra\u017cakom w strojach galowych, Kliszczakom w strojach regionalnych i tym, kt\u00f3rzy nie\u015bli baldachim; wszystkim rodzinom, naszym parafianom i go\u015bciom. Dzi\u0119kujemy za udekorowanie okien dom\u00f3w, jak r\u00f3wnie\u017c ca\u0142ej trasy procesji. Dzi\u0119kujemy Policji z My\u015blenic oraz stra\u017cakom za pomoc w zabezpieczeniu ruchu drogowego.<\/p>\n<p style=\"text-align: justify;\">Dzi\u0119kujemy mieszka\u0144com 6-ej cz\u0119\u015bci roli Wierdonki za posprz\u0105tanie ko\u015bcio\u0142a i kwiaty. O porz\u0105dki w tym tygodniu prosimy mieszka\u0144c\u00f3w roli Granica, kt\u00f3r\u0105 podzielili\u015bmy na 3 cz\u0119\u015bci.<\/p>\n<p style=\"text-align: justify;\">Trwa oktawa Bo\u017cego Cia\u0142a. Procesja wok\u00f3\u0142 ko\u015bcio\u0142a z Naj\u015bwi\u0119tszym Sakramentem o godz. 17.30.<\/p>\n<p style=\"text-align: justify;\">We wtorek obchodzimy \u015awi\u0119to Nawiedzenia Naj\u015bwi\u0119tszej Maryi Panny. Zako\u0144czenie nabo\u017ce\u0144stw majowych.<\/p>\n<p style=\"text-align: justify;\">W \u015brod\u0119, 1 czerwca, wspomnienie \u015bw. Justyna, m\u0119czennika. Pierwszy dzie\u0144 nabo\u017ce\u0144stw czerwcowych, kt\u00f3re b\u0119dziemy odprawia\u0107 codziennie o godz. 17.30.<\/p>\n<p style=\"text-align: justify;\">W tym tygodniu przypada pierwszy czwartek, pierwszy pi\u0105tek i pierwsza sobota miesi\u0105ca.<\/p>\n<p style=\"text-align: justify;\">W czwartek zako\u0144czenie oktawy Bo\u017cego Cia\u0142a. Msza \u015bw. wotywna o Eucharystii o godz. 18.00. O godz. 17.00 rozpoczniemy Godzin\u0119 \u015awi\u0119t\u0105. O godz. 17.30 uroczysta procesja wok\u00f3\u0142 ko\u015bcio\u0142a ze \u015bpiewem Litanii do Naj\u015bwi\u0119tszego Serca Pana Jezusa. Przynie\u015bmy tego dnia do po\u015bwi\u0119cenia wianki z kwiat\u00f3w i zi\u00f3\u0142 leczniczych. B\u0119dziemy prosi\u0107, aby B\u00f3g swoj\u0105 opiek\u0105 otacza\u0142 pola, \u0142\u0105ki, lasy, nasze dzia\u0142ki i ogrody, strzeg\u0142 je, oraz pozwoli\u0142 im wyda\u0107 obfite owoce dla naszego dobra. Po mszy \u015bw. obrz\u0119d b\u0142ogos\u0142awie\u0144stwa dzieci.<\/p>\n<p style=\"text-align: justify;\">W pi\u0105tek przypada Uroczysto\u015b\u0107 Naj\u015bwi\u0119tszego Serca Pana Jezusa. To patronalne \u015bwi\u0119to Arcybractwa Honorowej Stra\u017cy Naj\u015bwi\u0119tszego Serca Pana Jezusa. Przy tej okazji pragniemy \u2013 na r\u0119ce p. Anny Hanusiak \u2013 podzi\u0119kowa\u0107 wszystkim jego cz\u0142onkom za te niezliczone godziny sp\u0119dzone na czuwaniu i na modlitwie w naszym ko\u015bciele przed Naj\u015bwi\u0119tszym Sakramentem. Za podj\u0119te dzie\u0142a, prace i ofiary przeznaczane na rzecz ko\u015bcio\u0142a. Dzi\u0119kuj\u0105c, wyra\u017camy tak\u017ce nadziej\u0119, \u017ce dzi\u0119ki waszej postawie, tak bardzo czytelnej, do\u0142\u0105cz\u0105 do tej wsp\u00f3lnoty ludzie m\u0142odzi, ch\u0119tni do tego, by w\u0142\u0105czy\u0107 si\u0119 w to wielkie czuwanie przy Bo\u017cym Sercu, odkrywaj\u0105c Jego wielko\u015b\u0107 i mi\u0142o\u015b\u0107 wobec ka\u017cdego cz\u0142owieka. B\u00f3g zap\u0142a\u0107!<\/p>\n<p style=\"text-align: justify;\">Msza \u015bw. wotywna o Naj\u015bwi\u0119tszym Sercu Pana Jezusa w pierwszy pi\u0105tek o godz. 6.30. W tym dniu obchodzimy \u015awiatowy Dzie\u0144 Modlitw o U\u015bwi\u0119cenie Kap\u0142an\u00f3w, oraz rocznic\u0119 og\u0142oszenia ks. Kard. Stanis\u0142awa Dziwisza, metropolit\u0105 krakowskim (2005). W naszej serdecznej modlitwie pole\u0107my Bogu przez wstawiennictwo Pani Tokarskiej naszego Pasterza. Spowied\u017a \u015bwi\u0119ta od godziny 16.30. O godz. 17.30 uroczysta procesja wok\u00f3\u0142 ko\u015bcio\u0142a ze \u015bpiewem Litanii do Naj\u015bwi\u0119tszego Serca Pana Jezusa. Z racji uroczysto\u015bci nie obowi\u0105zuje wstrzemi\u0119\u017aliwo\u015b\u0107 od pokarm\u00f3w mi\u0119snych.<\/p>\n<p style=\"text-align: justify;\">W sobot\u0119 wspomnienie Niepokalanego Serca Naj\u015bwi\u0119tszej Maryi Panny. Msza \u015bw. wotywna o Niepokalanym Sercu Naj\u015bwi\u0119tszej Maryi Panny o godz. 6.30. Rocznica \u015bwi\u0119ce\u0144 biskupich ks. bp Jana Szkodonia.<\/p>\n<p style=\"text-align: justify;\">W nast\u0119pna niedziel\u0119, 5 czerwca zapraszamy wszystkich lubi\u0105cych bliski kontakt z przyrod\u0105 i kochaj\u0105cych g\u00f3ry na \u201eRodzinne W\u0119drowanie\u201d w ramach projektu \u201eOdkryj Beskid Wyspowy\u201d. W tym dniu b\u0119dziemy odkrywa\u0107 uroki Urbaniej G\u00f3ry i podziwia\u0107 pi\u0119kno Kalwarii Tokarskiej. Zbi\u00f3rka uczestnik\u00f3w o godz. 9.00 na parkingu przed budynkiem Gminy. W trakcie wspinaczki po\u015bwi\u0119cimy nowo odrestaurowane stacje Drogi Krzy\u017cowej. Ok. godz. 11.00 pod szczytem Urbaniej G\u00f3ry zostanie odprawiona msza \u015bw. polowa w intencji wszystkich, kt\u00f3rzy chodz\u0105 po g\u00f3rach. W programie: wyst\u0119py Orkiestry OSP z Tokarni i naszych zespo\u0142\u00f3w regionalnych; konkurs wiedzy o Beskidzie Wyspowym, gminie i parafii. Nie zabraknie tak\u017ce bigosu i smacznej kie\u0142baski beskidzkiej z grilla. Uczestnictwo w wyprawie nie wymaga zg\u0142oszenia, wystarczy przyj\u015b\u0107 na miejsce zbi\u00f3rki. Ka\u017cdy uczestnik bierze udzia\u0142 w w\u0119dr\u00f3wkach na w\u0142asn\u0105 odpowiedzialno\u015b\u0107. Zostawmy na chwil\u0119 stresy dnia codziennego, by m\u00f3c w rodzinnym gronie wypocz\u0105\u0107 aktywnie w g\u00f3rskim klimacie.<\/p>\n<p style=\"text-align: justify;\">Partnerem naszej tegorocznej akcji \u201eOdkryj Beskid Wyspowy\u201d jest Wydawnictwo \u201eBia\u0142y Kruk\u201d, kt\u00f3re ufundowa\u0142o pi\u0119kne albumy na nagrody w konkursach. Jednocze\u015bnie informujemy, \u017ce zar\u00f3wno dzisiaj, jak i w przysz\u0142\u0105 niedziel\u0119 b\u0119dziemy rozprowadza\u0107 albumu tego Wydawnictwa: \u201e966. Chrzest Polski\u201d, \u201eBiblia M\u0142odych. Opowie\u015bci ze Starego i Nowego Testamentu\u201d (ks. bp Antoni D\u0142ugosz), oraz \u201eUczynki Mi\u0142osierdzia\u201d (ks. prof. Waldemar Chrostowski) w promocyjnych cenach. Zach\u0119camy do nabycia.<\/p>\n<p style=\"text-align: justify;\">Wyra\u017camy wdzi\u0119czno\u015b\u0107 r\u00f3\u017com r\u00f3\u017ca\u0144cowym; anonimowej osobie; pewnej rodzinie z roli Urbany; oraz z Zawadki; Zofii i Edwardowi Zadora; rodzinie Romaniak; Krystynie, Wiktorii i J\u00f3zefowi Proszkom; pewnej osobie z Krakowa; rodzinie Halek; mieszka\u0144com roli Durki, Bugaje i Osiedle za ofiary na renowacj\u0119 obrazu Matki Bo\u017cej \u015anie\u017cnej.<\/p>\n<p style=\"text-align: justify;\">Dzi\u0119kujemy mieszka\u0144com roli G\u0119bki za zam\u00f3wione 2 msze \u015bw.: jedna w intencji o urodzaje i druga za zmar\u0142ych, oraz za zam\u00f3wion\u0105 msz\u0119 \u015bw. za \u017cywych i zmar\u0142ych przez mieszka\u0144c\u00f3w roli Osiedle.<\/p>\n<p style=\"text-align: justify;\">Dzi\u0119kujemy tak\u017ce pewnej rodzinie za dar materialny na ko\u015bci\u00f3\u0142, a dok\u0142adnie przeznaczony na koszty zwi\u0105zane z instalacj\u0105 wentylacji mechanicznej.<\/p>\n<p style=\"text-align: justify;\">Wszystkim parafianom, kt\u00f3rzy swoj\u0105 modlitw\u0105, oraz darem materialnym wspieraj\u0105 nasze inwestycje prowadzone przy ko\u015bciele i parafii z ca\u0142ego serca dzi\u0119kujemy.<\/p>\n<p style=\"text-align: justify;\">Dzi\u0119kujemy p. Andrzejowi Romaniakowi za pomoc finansow\u0105 przy zakupie s\u0142odkich upomink\u00f3w dla dzieci, kt\u00f3re sypa\u0142y kwiaty na procesji Bo\u017cego Cia\u0142a.<\/p>\n<p style=\"text-align: justify;\">18 czerwca (sobota) zapraszamy na og\u00f3lnopolsk\u0105 Pielgrzymk\u0119 Arcybractwa Honorowej Stra\u017cy NSPJ na Jasn\u0105 G\u00f3r\u0119. Wyjazd z parkingu sprzed ko\u015bcio\u0142a o godz. 7.00.<\/p>\n<p style=\"text-align: justify;\">23 czerwca (czwartek) organizujemy parafialn\u0105 pielgrzymk\u0119 do Zubrzycy G\u00f3rnej do naszego starego ko\u015bci\u00f3\u0142ka. Wyjazd z parkingu sprzed ko\u015bcio\u0142a o godz. 15.00.<\/p>\n<p style=\"text-align: justify;\">Zapisy na obie pielgrzymki u p. Anny Hanusiak do 15 czerwca w\u0142\u0105cznie.<\/p>\n<p style=\"text-align: justify;\">Wszystkim \u017cyczymy b\u0142ogos\u0142awionego tygodnia i potrzebnych dar\u00f3w nieba na ka\u017cdy dzie\u0144.<\/p>\n","protected":false},"excerpt":{"rendered":"<p>Dzi\u0119kujemy za pobo\u017cny udzia\u0142 w procesji Bo\u017cego Cia\u0142a, oraz za przygotowanie o\u0142tarzy mieszka\u0144com roli Osiedle; Durki i Bugaje; G\u0119bki; oraz cz\u0142onkiniom R\u00f3\u017c R\u00f3\u017ca\u0144cowych. Dzi\u0119kujemy dziewczynkom, kt\u00f3re sypa\u0142y kwiaty; ch\u0142opcom z dzwoneczkami; Liturgicznej S\u0142u\u017cbie O\u0142tarza; dzieciom w strojach komunijnych; pocztom sztandarowym; paniom i dziewcz\u0119tom nios\u0105cym feretrony, figury i r\u00f3\u017caniec; orkiestrze OSP, stra\u017cakom w strojach galowych, Kliszczakom [&hellip;]<\/p>\n","protected":false},"author":4,"featured_media":0,"comment_status":"closed","ping_status":"closed","sticky":false,"template":"","format":"standard","meta":{"footnotes":""},"categories":[6],"tags":[],"class_list":["post-4008","post","type-post","status-publish","format-standard","hentry","category-ogloszenia"],"_links":{"self":[{"href":"https:\/\/parafiatokarnia.pl\/index.php?rest_route=\/wp\/v2\/posts\/4008","targetHints":{"allow":["GET"]}}],"collection":[{"href":"https:\/\/parafiatokarnia.pl\/index.php?rest_route=\/wp\/v2\/posts"}],"about":[{"href":"https:\/\/parafiatokarnia.pl\/index.php?rest_route=\/wp\/v2\/types\/post"}],"author":[{"embeddable":true,"href":"https:\/\/parafiatokarnia.pl\/index.php?rest_route=\/wp\/v2\/users\/4"}],"replies":[{"embeddable":true,"href":"https:\/\/parafiatokarnia.pl\/index.php?rest_route=%2Fwp%2Fv2%2Fcomments&post=4008"}],"version-history":[{"count":3,"href":"https:\/\/parafiatokarnia.pl\/index.php?rest_route=\/wp\/v2\/posts\/4008\/revisions"}],"predecessor-version":[{"id":4012,"href":"https:\/\/parafiatokarnia.pl\/index.php?rest_route=\/wp\/v2\/posts\/4008\/revisions\/4012"}],"wp:attachment":[{"href":"https:\/\/parafiatokarnia.pl\/index.php?rest_route=%2Fwp%2Fv2%2Fmedia&parent=4008"}],"wp:term":[{"taxonomy":"category","embeddable":true,"href":"https:\/\/parafiatokarnia.pl\/index.php?rest_route=%2Fwp%2Fv2%2Fcategories&post=4008"},{"taxonomy":"post_tag","embeddable":true,"href":"https:\/\/parafiatokarnia.pl\/index.php?rest_route=%2Fwp%2Fv2%2Ftags&post=4008"}],"curies":[{"name":"wp","href":"https:\/\/api.w.org\/{rel}","templated":true}]}}