{"id":3665,"date":"2016-04-04T08:32:30","date_gmt":"2016-04-04T08:32:30","guid":{"rendered":"https:\/\/parafiatokarnia.pl\/?p=3665"},"modified":"2016-04-04T08:32:30","modified_gmt":"2016-04-04T08:32:30","slug":"komunikat-prezydium-kep-w-sprawie-pelnej-ochrony-zycia-czlowieka","status":"publish","type":"post","link":"https:\/\/parafiatokarnia.pl\/?p=3665","title":{"rendered":"Komunikat Prezydium KEP w sprawie pe\u0142nej ochrony \u017cycia cz\u0142owieka"},"content":{"rendered":"<p style=\"text-align: justify;\">\u017bycie ka\u017cdego cz\u0142owieka jest chronione pi\u0105tym przykazaniem Dekalogu: \u201eNie zabijaj!\u201d. Dlatego stanowisko katolik\u00f3w w\u00a0tym wzgl\u0119dzie jest jasne i\u00a0niezmienne: nale\u017cy chroni\u0107 od pocz\u0119cia do naturalnej \u015bmierci \u017cycie ka\u017cdego cz\u0142owieka.<\/p>\n<p style=\"text-align: justify;\">W kwestii ochrony \u017cycia nienarodzonych nie mo\u017cna poprzesta\u0107 na obecnym kompromisie wyra\u017conym w\u00a0ustawie z\u00a07 stycznia 1993 roku, kt\u00f3ra w\u00a0trzech przypadkach dopuszcza aborcj\u0119. St\u0105d w\u00a0roku Jubileuszu 1050-lecia Chrztu Polski zwracamy si\u0119 do wszystkich ludzi dobrej woli, do os\u00f3b wierz\u0105cych i\u00a0niewierz\u0105cych, aby podj\u0119li dzia\u0142ania maj\u0105ce na celu pe\u0142n\u0105 prawn\u0105 ochron\u0119 \u017cycia nienarodzonych.<\/p>\n<p style=\"text-align: justify;\">Prosimy parlamentarzyst\u00f3w i\u00a0rz\u0105dz\u0105cych, aby podj\u0119li inicjatywy ustawodawcze oraz uruchomili programy, kt\u00f3re zapewni\u0142yby konkretn\u0105 pomoc dla rodzic\u00f3w dzieci chorych, niepe\u0142nosprawnych i\u00a0pocz\u0119tych w\u00a0wyniku gwa\u0142tu. Wszystkich Polak\u00f3w prosimy o\u00a0modlitw\u0119 w\u00a0intencji pe\u0142nej ochrony \u017cycia cz\u0142owieka od pocz\u0119cia do naturalnej \u015bmierci zar\u00f3wno w\u00a0naszej Ojczy\u017anie, jak i\u00a0poza jej granicami.<\/p>\n<p style=\"text-align: center;\">Abp Stanis\u0142aw G\u0105decki<\/p>\n<p style=\"text-align: center;\">Metropolita Pozna\u0144ski<\/p>\n<p style=\"text-align: center;\">\u2028Przewodnicz\u0105cy KEP<\/p>\n<p style=\"text-align: center;\">Abp Marek J\u0119draszewski<\/p>\n<p style=\"text-align: center;\">Metropolita \u0141\u00f3dzki<\/p>\n<p style=\"text-align: center;\">Zast\u0119pca Przewodnicz\u0105cego KEP<\/p>\n<p style=\"text-align: center;\">Bp Artur G. Mizi\u0144ski<\/p>\n<p style=\"text-align: center;\">Sekretarz Generalny KEP<\/p>\n<p style=\"text-align: left;\">Warszawa, 30 marca 2016 r.<\/p>\n","protected":false},"excerpt":{"rendered":"<p>\u017bycie ka\u017cdego cz\u0142owieka jest chronione pi\u0105tym przykazaniem Dekalogu: \u201eNie zabijaj!\u201d. Dlatego stanowisko katolik\u00f3w w\u00a0tym wzgl\u0119dzie jest jasne i\u00a0niezmienne: nale\u017cy chroni\u0107 od pocz\u0119cia do naturalnej \u015bmierci \u017cycie ka\u017cdego cz\u0142owieka. W kwestii ochrony \u017cycia nienarodzonych nie mo\u017cna poprzesta\u0107 na obecnym kompromisie wyra\u017conym w\u00a0ustawie z\u00a07 stycznia 1993 roku, kt\u00f3ra w\u00a0trzech przypadkach dopuszcza aborcj\u0119. St\u0105d w\u00a0roku Jubileuszu 1050-lecia Chrztu [&hellip;]<\/p>\n","protected":false},"author":4,"featured_media":0,"comment_status":"closed","ping_status":"closed","sticky":false,"template":"","format":"standard","meta":{"footnotes":""},"categories":[15],"tags":[],"class_list":["post-3665","post","type-post","status-publish","format-standard","hentry","category-warto-wiedziec"],"_links":{"self":[{"href":"https:\/\/parafiatokarnia.pl\/index.php?rest_route=\/wp\/v2\/posts\/3665","targetHints":{"allow":["GET"]}}],"collection":[{"href":"https:\/\/parafiatokarnia.pl\/index.php?rest_route=\/wp\/v2\/posts"}],"about":[{"href":"https:\/\/parafiatokarnia.pl\/index.php?rest_route=\/wp\/v2\/types\/post"}],"author":[{"embeddable":true,"href":"https:\/\/parafiatokarnia.pl\/index.php?rest_route=\/wp\/v2\/users\/4"}],"replies":[{"embeddable":true,"href":"https:\/\/parafiatokarnia.pl\/index.php?rest_route=%2Fwp%2Fv2%2Fcomments&post=3665"}],"version-history":[{"count":1,"href":"https:\/\/parafiatokarnia.pl\/index.php?rest_route=\/wp\/v2\/posts\/3665\/revisions"}],"predecessor-version":[{"id":3666,"href":"https:\/\/parafiatokarnia.pl\/index.php?rest_route=\/wp\/v2\/posts\/3665\/revisions\/3666"}],"wp:attachment":[{"href":"https:\/\/parafiatokarnia.pl\/index.php?rest_route=%2Fwp%2Fv2%2Fmedia&parent=3665"}],"wp:term":[{"taxonomy":"category","embeddable":true,"href":"https:\/\/parafiatokarnia.pl\/index.php?rest_route=%2Fwp%2Fv2%2Fcategories&post=3665"},{"taxonomy":"post_tag","embeddable":true,"href":"https:\/\/parafiatokarnia.pl\/index.php?rest_route=%2Fwp%2Fv2%2Ftags&post=3665"}],"curies":[{"name":"wp","href":"https:\/\/api.w.org\/{rel}","templated":true}]}}