{"id":3469,"date":"2016-03-05T23:56:42","date_gmt":"2016-03-05T23:56:42","guid":{"rendered":"https:\/\/parafiatokarnia.pl\/?p=3469"},"modified":"2016-03-05T23:56:42","modified_gmt":"2016-03-05T23:56:42","slug":"iv-niedziela-wielkiego-postu","status":"publish","type":"post","link":"https:\/\/parafiatokarnia.pl\/?p=3469","title":{"rendered":"IV NIEDZIELA WIELKIEGO POSTU"},"content":{"rendered":"<p style=\"text-align: justify;\">Pierwsza niedziela miesi\u0105ca. Po ka\u017cdej Mszy \u015bw. zamiast kazania adoracja Naj\u015bwi\u0119tszego Sakramentu. Od dzisiejszej niedzieli mo\u017cna nabywa\u0107 \u201eBaranki Caritas\u201d. Dobrowolne ofiary z\u0142o\u017cone do puszek zostan\u0105 przeznaczane na pomoc osobom chorym i niepe\u0142nosprawnym.<\/p>\n<p style=\"text-align: justify;\">Dzi\u0119kujemy mieszka\u0144com 3-ej cz\u0119\u015bci roli Bier\u00f3wki za posprz\u0105tanie \u015bwi\u0105tyni i z\u0142o\u017con\u0105 ofiar\u0119 na ko\u015bci\u00f3\u0142, oraz za zam\u00f3wion\u0105 intencj\u0119 Mszy \u015bwi\u0119tej. O porz\u0105dki w sobot\u0119 prosimy mieszka\u0144c\u00f3w 4-ej, ostatniej cz\u0119\u015bci tej roli.<\/p>\n<p style=\"text-align: justify;\">W tym tygodniu rozpocznniemy Parafialne Rekolekcje Wielkopostne. Nauki g\u0142osi\u0107 b\u0119dzie ks. dr hab. Damian W\u0105sek z Uniwersytetu Papieskiego Jana Paw\u0142a II w Krakowie.<\/p>\n<p style=\"text-align: justify;\">Rekolekcje rozpoczn\u0105 si\u0119 w sobot\u0119 Msz\u0105 \u015bw. dla os\u00f3b samotnych i chorych o godz. 9.00. Od godziny 08.30 mo\u017cliwo\u015b\u0107 skorzystania ze spowiedzi. Prosimy cz\u0142onk\u00f3w rodzin i s\u0105siad\u00f3w o pomoc w przywiezieniu chorych do ko\u015bcio\u0142a. Po tej Mszy \u015bw. odwiedzimy chorych. Uprzejmie prosimy na godz. 10.00 dw\u00f3ch kierowc\u00f3w &#8211; jednego z Tokarni i jednego z Wi\u0119cier\u017cy. Prosimy o zg\u0142oszenie w zakrystii os\u00f3b, kt\u00f3re pragn\u0105 wyspowiada\u0107 si\u0119 i przyj\u0105\u0107 Komuni\u0119 \u015awi\u0119t\u0105 Wielkanocn\u0105. Wieczorem Msza \u015bw. z nauk\u0105 dla ma\u0142\u017conk\u00f3w i narzeczonych o godzinie 17.00.<\/p>\n<p style=\"text-align: justify;\">Porz\u0105dek nauk rekolekcyjnych w niedziel\u0119 przedstawia si\u0119 nast\u0119puj\u0105co: o godz. 07.00 \u2013 Msza \u015bw. z nauk\u0105 og\u00f3ln\u0105; o 09.00 \u2013 Msza \u015bw. z nauk\u0105 dla dzieci; o 11.00 \u2013 Msza \u015bw. z nauk\u0105 dla m\u0142odzie\u017cy. Gorzkie \u017bale o godzinie 15.00. O godz. 16.00 &#8211; Msza \u015bw. z nauk\u0105 og\u00f3ln\u0105. Sk\u0142adka z Gorzkich \u017bali przeznaczona zostanie na kwiaty i \u015bwiat\u0142o do Bo\u017cego Grobu.<\/p>\n<p style=\"text-align: justify;\">W poniedzia\u0142ek zapraszamy do ko\u015bcio\u0142a na nauki rekolekcyjne na godz. 8.00 uczni\u00f3w Gimnazjum, na godz. 9.30 uczni\u00f3w Szko\u0142y Podstawowej z Tokarni, a na godz. 12.30 uczni\u00f3w Szko\u0142y Podstawowej z Wi\u0119cier\u017cy.<\/p>\n<p style=\"text-align: justify;\">Spowied\u017a rekolekcyjna &#8211; 15 marca &#8211; wtorek &#8211; od 8.00 do 12.00 (z przerw\u0105 od 9.30 do 10.00); popo\u0142udniu od 14.00 do 18.00 (z przerw\u0105 od 15.30 do 16.00).<\/p>\n<p style=\"text-align: justify;\">W \u015brod\u0119 Msza \u015bw. o godz. 8.00 dla uczni\u00f3w Gimnazjum, o godz. 9.30 dla uczni\u00f3w Szko\u0142y Podstawowej z Tokarni, a o godz. 12.30 dla uczni\u00f3w Szko\u0142y Podstawowej z Wi\u0119cier\u017cy.<\/p>\n<p style=\"text-align: justify;\">Program rekolekcji znajdziemy na stronie internetowej, facebook&#8217;u parafii, oraz w gablocie przy wej\u015bciu do ko\u015bcio\u0142a.<\/p>\n<p style=\"text-align: justify;\">W czwartek pr\u00f3ba \u015bpiewu o godz. 18.30 dla os\u00f3b, kt\u00f3re lubi\u0105 \u015bpiewa\u0107. Pod czujnym okiem, a raczej profesjonalnym uchem nauczycielki wokalistyki, pragniemy przygotowa\u0107 kilka pie\u015bni, kt\u00f3re ubogac\u0105 Liturgi\u0119 Triduum Sacrum.<\/p>\n<p style=\"text-align: justify;\">Droga Krzy\u017cowa dla dzieci i doros\u0142ych w ka\u017cdy pi\u0105tek o godzinie 16.30; dla m\u0142odzie\u017cy o godzinie 19.00; a w niedziel\u0119, zaraz po sumie.<\/p>\n<p style=\"text-align: justify;\">Dzi\u0119kujemy naszym Parafiankom, kt\u00f3re wykona\u0142y kolorowe kwiaty z bibu\u0142y, oraz wyprasowa\u0142y wst\u0105\u017cki do dekoracji palm tokarskich z okazji zbli\u017caj\u0105cej si\u0119 Niedzieli Palmowej. Serdecznie prosimy kilka kobiet o przygotowanie pi\u0119knych palm, kt\u00f3rymi udekorujemy o\u0142tarze i przyozdobimy filary naszej \u015bwi\u0105tyni. Prosimy o kontakt z p. J\u00f3zefem, naszym ko\u015bcielnym. Zwracamy si\u0119 z pro\u015bb\u0105 o wykonanie w domach i rodzinach tradycyjnych, wysokich palm, z jakich znana jest nasza parafia.<\/p>\n<p style=\"text-align: justify;\">Wyra\u017camy wdzi\u0119czno\u015b\u0107 J\u00f3zefowi Tobolakowi, a tak\u017ce rodzicom: Wiktorii Zadora, Ewy Rapacz, Szymona Majerka, Macieja Rapacza, Macieja Kluski i Huberta \u015amietany za ofiar\u0119 z\u0142o\u017con\u0105 na ko\u015bci\u00f3\u0142 przy okazji chrztu ich dzieci.<\/p>\n<p style=\"text-align: justify;\">Dzi\u0119kujemy wszystkim, kt\u00f3rzy odpowiedzieli na zaproszenie papie\u017ca Franciszka i w\u0142\u0105czyli si\u0119 w inicjatyw\u0119 \u201e24 godziny dla Pana\u201d. Wyra\u017camy nasz\u0105 wdzi\u0119czno\u015b\u0107 tym, kt\u00f3rzy mimo rozmaitych obowi\u0105zk\u00f3w zawodowych i rodzinnych znale\u017ali &#8211; w ci\u0105gu tych 24 godzin &#8211; czas na modlitw\u0119. Niech B\u00f3g bogaty w Mi\u0142osierdzie b\u0119dzie wasz\u0105 nagrod\u0105.<\/p>\n<p style=\"text-align: justify;\">W dalszym ci\u0105gu czekamy na projekty nowych konfesjona\u0142\u00f3w, nowego o\u0142tarza, lektorium i ambony, oraz ornament\u00f3w, kt\u00f3re b\u0119d\u0105 zdobi\u0107 nasze filary. Z\u0142o\u017cyli\u015bmy ju\u017c wniosek o dotacj\u0119, w zwi\u0105zku z renowacj\u0105 obrazu MB \u015anie\u017cnej, kt\u00f3ra jest wymogiem przy jego koronacji. Najprawdopodniej, w czerwcu, mo\u017ce wcze\u015bniej rozpoczn\u0105 si\u0119 prace konserwatorskie. W przysz\u0142ym tygodniu zostan\u0105 zamontowane kute prz\u0119s\u0142a ogrodzenia ko\u015bcio\u0142a od strony stawu. Po \u015bwi\u0119tach za\u015b rozpoczniemy kosztown\u0105 inwestycj\u0119 zwi\u0105zan\u0105 z instalacj\u0105 wentylacji mechanicznej nawiewno-wywiewnej z odzyskiem ciep\u0142a (rekuperacj\u0105), oraz pomp\u0105 ciep\u0142a. Dzi\u0119ki zastosowaniu systemu rekuperacji b\u0119dzie mo\u017cna odzyskiwa\u0107 ciep\u0142o z usuwanego powietrza, a zatem oszcz\u0119dza\u0107 zim\u0105 cenn\u0105 energi\u0119.<\/p>\n<p style=\"text-align: justify;\">W ubieg\u0142ym tygodniu, w nocy, z soboty na niedziel\u0119 nieznani sprawcy dokonali w\u0142amania z kradzie\u017c\u0105 do ko\u015bcio\u0142a w Lubniu. Z uzasadnionych powod\u00f3w, zwracamy si\u0119 z pro\u015bb\u0105 o wzmo\u017con\u0105 czujno\u015b\u0107 i reagowanie w przypadku dostrze\u017cenia jakichkolwiek podejrzanych os\u00f3b, oraz samochod\u00f3w w pobli\u017cu ko\u015bcio\u0142a.<\/p>\n<p style=\"text-align: justify;\">W zwi\u0105zku z doniesieniami o kradzie\u017cach i w\u0142amaniach w ko\u015bcio\u0142ach &#8211; zw\u0142aszcza w naszym dekanacie &#8211; nasuwa si\u0119 pytanie, czy, aby czasem nie warto zainwestowa\u0107 w monitoring, czy system alarmowy ko\u015bcio\u0142a i otoczenia?<\/p>\n<p style=\"text-align: justify;\">Zach\u0119camy do nabywania prasy katolickiej.<\/p>\n<p style=\"text-align: justify;\">W tym tygodniu po\u017cegnali\u015bmy ma\u0142ego Jasia. Wczoraj odby\u0142 si\u0119 pogrzeb +Stanis\u0142awa W\u00f3jcika. Polecajmy go mi\u0142osiernemu Bogu.<\/p>\n","protected":false},"excerpt":{"rendered":"<p>Pierwsza niedziela miesi\u0105ca. Po ka\u017cdej Mszy \u015bw. zamiast kazania adoracja Naj\u015bwi\u0119tszego Sakramentu. Od dzisiejszej niedzieli mo\u017cna nabywa\u0107 \u201eBaranki Caritas\u201d. Dobrowolne ofiary z\u0142o\u017cone do puszek zostan\u0105 przeznaczane na pomoc osobom chorym i niepe\u0142nosprawnym. Dzi\u0119kujemy mieszka\u0144com 3-ej cz\u0119\u015bci roli Bier\u00f3wki za posprz\u0105tanie \u015bwi\u0105tyni i z\u0142o\u017con\u0105 ofiar\u0119 na ko\u015bci\u00f3\u0142, oraz za zam\u00f3wion\u0105 intencj\u0119 Mszy \u015bwi\u0119tej. O porz\u0105dki w [&hellip;]<\/p>\n","protected":false},"author":4,"featured_media":0,"comment_status":"closed","ping_status":"closed","sticky":false,"template":"","format":"standard","meta":{"footnotes":""},"categories":[6],"tags":[],"class_list":["post-3469","post","type-post","status-publish","format-standard","hentry","category-ogloszenia"],"_links":{"self":[{"href":"https:\/\/parafiatokarnia.pl\/index.php?rest_route=\/wp\/v2\/posts\/3469","targetHints":{"allow":["GET"]}}],"collection":[{"href":"https:\/\/parafiatokarnia.pl\/index.php?rest_route=\/wp\/v2\/posts"}],"about":[{"href":"https:\/\/parafiatokarnia.pl\/index.php?rest_route=\/wp\/v2\/types\/post"}],"author":[{"embeddable":true,"href":"https:\/\/parafiatokarnia.pl\/index.php?rest_route=\/wp\/v2\/users\/4"}],"replies":[{"embeddable":true,"href":"https:\/\/parafiatokarnia.pl\/index.php?rest_route=%2Fwp%2Fv2%2Fcomments&post=3469"}],"version-history":[{"count":1,"href":"https:\/\/parafiatokarnia.pl\/index.php?rest_route=\/wp\/v2\/posts\/3469\/revisions"}],"predecessor-version":[{"id":3470,"href":"https:\/\/parafiatokarnia.pl\/index.php?rest_route=\/wp\/v2\/posts\/3469\/revisions\/3470"}],"wp:attachment":[{"href":"https:\/\/parafiatokarnia.pl\/index.php?rest_route=%2Fwp%2Fv2%2Fmedia&parent=3469"}],"wp:term":[{"taxonomy":"category","embeddable":true,"href":"https:\/\/parafiatokarnia.pl\/index.php?rest_route=%2Fwp%2Fv2%2Fcategories&post=3469"},{"taxonomy":"post_tag","embeddable":true,"href":"https:\/\/parafiatokarnia.pl\/index.php?rest_route=%2Fwp%2Fv2%2Ftags&post=3469"}],"curies":[{"name":"wp","href":"https:\/\/api.w.org\/{rel}","templated":true}]}}