{"id":3367,"date":"2016-02-13T21:13:39","date_gmt":"2016-02-13T21:13:39","guid":{"rendered":"https:\/\/parafiatokarnia.pl\/?p=3367"},"modified":"2016-02-15T18:59:06","modified_gmt":"2016-02-15T18:59:06","slug":"i-niedziela-wielkiego-postu","status":"publish","type":"post","link":"https:\/\/parafiatokarnia.pl\/?p=3367","title":{"rendered":"I NIEDZIELA WIELKIEGO POSTU"},"content":{"rendered":"<p style=\"text-align: justify;\">Prze\u017cywamy czas Wielkiego Postu. Niech b\u0119dzie on dla nas zach\u0119t\u0105 do g\u0142\u0119bszej refleksji, ufnej modlitwy, a w Roku Mi\u0142osierdzia okazj\u0105 do otwarcia na ten boski dar.<\/p>\n<p style=\"text-align: justify;\">Dzisiaj bezpo\u015brednio po Gorzkich \u017balach &#8211; zamiast kazania pasyjnego &#8211; muzyczna refleksja o Mi\u0142o\u015bci, kt\u00f3ra odwa\u017cy\u0142a si\u0119 cierpie\u0107. To najkr\u00f3tsza zapowied\u017a koncertu pasyjnego BEATY BEDNARZ. Zapraszamy wszystkich, kt\u00f3rych pasj\u0105 jest mi\u0142o\u015b\u0107, na pi\u0119kn\u0105 i wzruszaj\u0105c\u0105 Pasj\u0119 Mi\u0142o\u015bci. Po koncercie odprawimy Msz\u0119 \u015bw. wieczorn\u0105.<\/p>\n<p style=\"text-align: justify;\">Zach\u0119camy do uczestnictwa w nabo\u017ce\u0144stwie Gorzkich \u017bali, kt\u00f3re odprawiamy w ka\u017cd\u0105 niedziel\u0119 o godzinie 15.00. Kazania pasyjne w tym roku g\u0142osi ks. dr Wojciech Olszowski, ekonom Kurii Metropolitalnej, cz\u0142onek Komitetu Organizacyjnego \u015aDM, rodak z My\u015blenic. Sk\u0142adka na Gorzkich \u017balach przeznaczona jest na przygotowanie Ciemnicy i Grobu Pa\u0144skiego.<\/p>\n<p style=\"text-align: justify;\">Droga Krzy\u017cowa dla dzieci i doros\u0142ych w ka\u017cdy pi\u0105tek Wielkiego Postu o godzinie 16.30, a dla m\u0142odzie\u017cy o godzinie 19.00.<\/p>\n<p style=\"text-align: justify;\">W tym tygodniu, z racji 3 pi\u0105tku miesi\u0105ca zapraszamy na Godziny Mi\u0142osierdzia. O godzinie 15.00 Koronka do Bo\u017cego Mi\u0142osierdzia i Adoracja Naj\u015bwi\u0119tszego Sakramentu. W trakcie trwania Adoracji &#8211; wpatruj\u0105c si\u0119 w Jezusa obecnego w Naj\u015bwi\u0119tszym Sakramencie &#8211; ws\u0142uchujemy si\u0119 w Jego s\u0142owa, kt\u00f3re \u015bw. s Faustyna zapisa\u0142a w swoim Dzienniczku. O godz. 16.30 Droga Krzy\u017cowa dla dzieci i doros\u0142ych. Po niej Msza \u015bw. w intencji naszych zmar\u0142ych. O godz. 19.00 specjalna Droga Krzy\u017cowa dedykowana m\u0142odzie\u017cy, zw\u0142aszcza przygotowuj\u0105cej si\u0119 do Sakramentu Bierzmowania. O godz. 20.30 modlitwa Koronk\u0105 do Bo\u017cego Mi\u0142osierdzia i Apel jasnog\u00f3rski z indywidualnym b\u0142ogos\u0142awie\u0144stwem Naj\u015bwi\u0119tszym Sakramentem.<\/p>\n<p style=\"text-align: justify;\">Dzi\u0119kujemy mieszka\u0144com roli Bryle za posprz\u0105tanie \u015bwi\u0105tyni i z\u0142o\u017con\u0105 ofiar\u0119 na ko\u015bci\u00f3\u0142. O porz\u0105dki w sobot\u0119 prosimy mieszka\u0144c\u00f3w 1-sz\u0105 cz\u0119\u015b\u0107 roli Bier\u00f3wki, kt\u00f3r\u0105 podzielili\u015bmy na 4 cz\u0119\u015bci.<\/p>\n<p style=\"text-align: justify;\">Za tydzie\u0144, w niedziel\u0119 sk\u0142adka na potrzeby naszego ko\u015bcio\u0142a.\u00a0Dzi\u0119kujemy grupie pielgrzymkowej z Jordanowa oraz pracownikom GS-u za ofiary na ko\u015bci\u00f3\u0142.<\/p>\n<p style=\"text-align: justify;\">Przysz\u0142a II Niedziela Wielkiego Postu &#8211; zwana \u201eAd Gentes\u201d &#8211; jest obchodzona w Polsce jako dzie\u0144 solidarno\u015bci, modlitwy, postu i ofiary dla misjonarzy i misjonarek (naszych rodak\u00f3w) pracuj\u0105cych na misjach. Daj\u0105 oni \u015bwiadectwo o Ewangelii i s\u0105 r\u00f3wnie\u017c ambasadorami Polski w 97 krajach \u015bwiata. Niech nasz wk\u0142ad duchowy i materialny wspiera ich na drodze wierno\u015bci Chrystusowi i drugiemu cz\u0142owiekowi. Po Mszach \u015bw. przed ko\u015bcio\u0142em b\u0119dzie mo\u017cna z\u0142o\u017cy\u0107 do puszek dobrowoln\u0105 ofiar\u0119 na ten cel.<\/p>\n<p style=\"text-align: justify;\">W li\u015bcie pasterskim na Wielki Post Ks. Kardyna\u0142 napisa\u0142: \u201eChrystus wyprowadza nas z naszego zniewolenia grzechem nie za pomoc\u0105 teoretycznych dobrych rad i taniego moralizowania, ale staj\u0105c si\u0119 uczestnikiem naszej duchowej walki\u201d. Niech ta prawda mobilizuje nas w czynieniu postanowie\u0144 i ich rzetelnej realizacji.<\/p>\n<p style=\"text-align: justify;\">Zach\u0119camy do nabywania prasy katolickiej, w kt\u00f3rej wiele artyku\u0142\u00f3w pomo\u017ce pog\u0142\u0119bi\u0107 wiar\u0119 i \u017cycie duchowe oraz wiedz\u0119 o Ko\u015bciele.<\/p>\n<p style=\"text-align: justify;\">Wszystkim jubilatom, solenizantom \u017cyczymy dobrego tygodnia i owocnego prze\u017cywania Wielkiego Postu.<\/p>\n","protected":false},"excerpt":{"rendered":"<p>Prze\u017cywamy czas Wielkiego Postu. Niech b\u0119dzie on dla nas zach\u0119t\u0105 do g\u0142\u0119bszej refleksji, ufnej modlitwy, a w Roku Mi\u0142osierdzia okazj\u0105 do otwarcia na ten boski dar. Dzisiaj bezpo\u015brednio po Gorzkich \u017balach &#8211; zamiast kazania pasyjnego &#8211; muzyczna refleksja o Mi\u0142o\u015bci, kt\u00f3ra odwa\u017cy\u0142a si\u0119 cierpie\u0107. To najkr\u00f3tsza zapowied\u017a koncertu pasyjnego BEATY BEDNARZ. Zapraszamy wszystkich, kt\u00f3rych pasj\u0105 [&hellip;]<\/p>\n","protected":false},"author":4,"featured_media":0,"comment_status":"closed","ping_status":"closed","sticky":false,"template":"","format":"standard","meta":{"footnotes":""},"categories":[6],"tags":[],"class_list":["post-3367","post","type-post","status-publish","format-standard","hentry","category-ogloszenia"],"_links":{"self":[{"href":"https:\/\/parafiatokarnia.pl\/index.php?rest_route=\/wp\/v2\/posts\/3367","targetHints":{"allow":["GET"]}}],"collection":[{"href":"https:\/\/parafiatokarnia.pl\/index.php?rest_route=\/wp\/v2\/posts"}],"about":[{"href":"https:\/\/parafiatokarnia.pl\/index.php?rest_route=\/wp\/v2\/types\/post"}],"author":[{"embeddable":true,"href":"https:\/\/parafiatokarnia.pl\/index.php?rest_route=\/wp\/v2\/users\/4"}],"replies":[{"embeddable":true,"href":"https:\/\/parafiatokarnia.pl\/index.php?rest_route=%2Fwp%2Fv2%2Fcomments&post=3367"}],"version-history":[{"count":6,"href":"https:\/\/parafiatokarnia.pl\/index.php?rest_route=\/wp\/v2\/posts\/3367\/revisions"}],"predecessor-version":[{"id":3418,"href":"https:\/\/parafiatokarnia.pl\/index.php?rest_route=\/wp\/v2\/posts\/3367\/revisions\/3418"}],"wp:attachment":[{"href":"https:\/\/parafiatokarnia.pl\/index.php?rest_route=%2Fwp%2Fv2%2Fmedia&parent=3367"}],"wp:term":[{"taxonomy":"category","embeddable":true,"href":"https:\/\/parafiatokarnia.pl\/index.php?rest_route=%2Fwp%2Fv2%2Fcategories&post=3367"},{"taxonomy":"post_tag","embeddable":true,"href":"https:\/\/parafiatokarnia.pl\/index.php?rest_route=%2Fwp%2Fv2%2Ftags&post=3367"}],"curies":[{"name":"wp","href":"https:\/\/api.w.org\/{rel}","templated":true}]}}