{"id":3314,"date":"2016-02-06T17:54:18","date_gmt":"2016-02-06T17:54:18","guid":{"rendered":"https:\/\/parafiatokarnia.pl\/?p=3314"},"modified":"2016-02-06T17:57:34","modified_gmt":"2016-02-06T17:57:34","slug":"v-niedziela-zwykla","status":"publish","type":"post","link":"https:\/\/parafiatokarnia.pl\/?p=3314","title":{"rendered":"V NIEDZIELA ZWYK\u0141A"},"content":{"rendered":"<p style=\"text-align: justify;\">Dzisiaj pierwsza niedziela miesi\u0105ca. Zamiast homilii wystawienie Naj\u015bwi\u0119tszego Sakramentu. Z racji ostatniej niedzieli przed Wielkim Postem, po Mszy \u015bw. o godzinie 11.00 Adoracja Naj\u015bwi\u0119tszego Sakramentu. Porz\u0105dek adoracji: od 12.00 do 13.00 indywidualna. Od 13.00 do 14.00 m\u0142odzie\u017c i dzieci. Od 14.00 do 15.00 grupy modlitewne z naszej parafii.<\/p>\n<p style=\"text-align: justify;\">Co roku w ostatni\u0105 niedziel\u0119 przed Popielcem rozpoczyna si\u0119 w Polsce Tydzie\u0144 Modlitw o Trze\u017awo\u015b\u0107, trwaj\u0105cy do kolejnej soboty. W\u0142\u0105czmy si\u0119 w t\u0119 modlitw\u0119 ogarniaj\u0105c wszystkich uzale\u017cnionych.<\/p>\n<p style=\"text-align: justify;\">Od dzisiaj w naszej archidiecezji krakowskiej rozpoczyna si\u0119 okres spowiedzi i Komunii \u015bw. wielkanocnej, kt\u00f3ry potrwa do uroczysto\u015bci Tr\u00f3jcy Przenaj\u015bwi\u0119tszej.<\/p>\n<p style=\"text-align: justify;\">W najbli\u017csz\u0105 \u015brod\u0119 rozpoczynamy Wielki Post. Zapraszamy na Msze \u015awi\u0119te z posypaniem g\u0142\u00f3w popio\u0142em o 6.30, 9.00, 17.00 i 19.00. Tego dnia obowi\u0105zuje post \u015bcis\u0142y (ilo\u015bciowy i jako\u015bciowy) od kt\u00f3rego nie ma dyspensy. Zadbajmy o to, aby posypanie g\u0142\u00f3w popio\u0142em by\u0142o znakiem naszego nawr\u00f3cenia.<\/p>\n<p style=\"text-align: justify;\">W czwartek 11 lutego wspomnienie Matki Bo\u017cej z Lourdes, jest to \u015awiatowy Dzie\u0144 Chorego. W naszej Parafii specjalna Msza \u015bw. dla chorych, cierpi\u0105cych i os\u00f3b w podesz\u0142ym wieku z sakramentem namaszczenia chorych o godzinie 9.00. Od godziny 8.30 mo\u017cliwo\u015b\u0107 spowiedzi. Bardzo serdecznie prosimy osoby z rodziny, albo najbli\u017cszych s\u0105siad\u00f3w o pomoc chorym w transporcie\/dotarciu do ko\u015bcio\u0142a. Chorych w ich domach odwiedzimy przy okazji parafialnych rekolekcji wielkopostnych.<\/p>\n<p style=\"text-align: justify;\">Zach\u0119camy do uczestnictwa w nabo\u017ce\u0144stwie Gorzkich \u017bali, kt\u00f3re odprawiamy w ka\u017cd\u0105 niedziel\u0119 o godzinie 15.00. Zapraszamy wszystkich do wsp\u00f3lnego rozwa\u017cania M\u0119ki Pa\u0144skiej.<\/p>\n<p style=\"text-align: justify;\">W nabli\u017csz\u0105 niedziel\u0119 bezpo\u015brednio po Gorzkich \u017balach &#8211; zamiast kazania pasyjnego &#8211; koncert pasyjny w wykonaniu Beaty Bednarz. Jej g\u0142os dobrze znany jest fanom \u201eTa\u0144ca z gwiazdami\u201d. Najm\u0142odszym s\u0142uchaczom znana jest z polskich \u015bcie\u017cek d\u017awi\u0119kowych takich film\u00f3w jak: \u201eKr\u00f3l Lew\u201d, czy \u201eM\u00f3j brat Nied\u017awied\u017a\u201d. \u015apiewa\u0142a m.in.: z Maryl\u0105 Rodowicz, Edyt\u0105 G\u00f3rniak, Kayah, Mietkiem Szcze\u015bniakiem, Andrzejem Piasecznym czy Budk\u0105 Suflera.<\/p>\n<p style=\"text-align: justify;\">Po koncercie \u2013 wyj\u0105tkowo, nieco p\u00f3\u017aniej &#8211; ok. godz. 16.30 odprawimy Msz\u0119 \u015bw. wieczorn\u0105.<\/p>\n<p style=\"text-align: justify;\">Droga Krzy\u017cowa w ka\u017cdy pi\u0105tek o godzinie 16.30, a dla m\u0142odzie\u017cy o godzinie 19.00.<\/p>\n<p style=\"text-align: justify;\">Dzi\u0119kujemy mieszka\u0144com Zagrody za posprz\u0105tanie \u015bwi\u0105tyni i z\u0142o\u017con\u0105 ofiar\u0119 na ko\u015bci\u00f3\u0142. O porz\u0105dki w sobot\u0119 prosimy mieszka\u0144c\u00f3w Bryle.<\/p>\n<p style=\"text-align: justify;\">Dzi\u0119kujemy narzeczonym: Izabeli Hanusiak i \u0141ukaszowi Pieron, oraz cz\u0142onkiniom R\u00f3\u017cy Matki Bo\u017cej Gromnicznej za z\u0142o\u017con\u0105 ofiar\u0119 na ko\u015bci\u00f3\u0142.<\/p>\n<p style=\"text-align: justify;\">Przez dwie kolejne msze pi\u0105tkowe b\u0119dziemy modli\u0107 si\u0119 w intencji zmar\u0142ych, kt\u00f3rzy jako p\u0105tnicy uczestniczyli w Dr\u00f3\u017ckach Kalwaryjskich.<\/p>\n<p style=\"text-align: justify;\">Zach\u0119camy do nabywania prasy katolickiej. Wszystkim \u017cyczymy dobrego prze\u017cywania Wielkiego Postu.<\/p>\n","protected":false},"excerpt":{"rendered":"<p>Dzisiaj pierwsza niedziela miesi\u0105ca. Zamiast homilii wystawienie Naj\u015bwi\u0119tszego Sakramentu. Z racji ostatniej niedzieli przed Wielkim Postem, po Mszy \u015bw. o godzinie 11.00 Adoracja Naj\u015bwi\u0119tszego Sakramentu. Porz\u0105dek adoracji: od 12.00 do 13.00 indywidualna. Od 13.00 do 14.00 m\u0142odzie\u017c i dzieci. Od 14.00 do 15.00 grupy modlitewne z naszej parafii. Co roku w ostatni\u0105 niedziel\u0119 przed Popielcem [&hellip;]<\/p>\n","protected":false},"author":4,"featured_media":0,"comment_status":"closed","ping_status":"closed","sticky":false,"template":"","format":"standard","meta":{"footnotes":""},"categories":[6],"tags":[],"class_list":["post-3314","post","type-post","status-publish","format-standard","hentry","category-ogloszenia"],"_links":{"self":[{"href":"https:\/\/parafiatokarnia.pl\/index.php?rest_route=\/wp\/v2\/posts\/3314","targetHints":{"allow":["GET"]}}],"collection":[{"href":"https:\/\/parafiatokarnia.pl\/index.php?rest_route=\/wp\/v2\/posts"}],"about":[{"href":"https:\/\/parafiatokarnia.pl\/index.php?rest_route=\/wp\/v2\/types\/post"}],"author":[{"embeddable":true,"href":"https:\/\/parafiatokarnia.pl\/index.php?rest_route=\/wp\/v2\/users\/4"}],"replies":[{"embeddable":true,"href":"https:\/\/parafiatokarnia.pl\/index.php?rest_route=%2Fwp%2Fv2%2Fcomments&post=3314"}],"version-history":[{"count":3,"href":"https:\/\/parafiatokarnia.pl\/index.php?rest_route=\/wp\/v2\/posts\/3314\/revisions"}],"predecessor-version":[{"id":3317,"href":"https:\/\/parafiatokarnia.pl\/index.php?rest_route=\/wp\/v2\/posts\/3314\/revisions\/3317"}],"wp:attachment":[{"href":"https:\/\/parafiatokarnia.pl\/index.php?rest_route=%2Fwp%2Fv2%2Fmedia&parent=3314"}],"wp:term":[{"taxonomy":"category","embeddable":true,"href":"https:\/\/parafiatokarnia.pl\/index.php?rest_route=%2Fwp%2Fv2%2Fcategories&post=3314"},{"taxonomy":"post_tag","embeddable":true,"href":"https:\/\/parafiatokarnia.pl\/index.php?rest_route=%2Fwp%2Fv2%2Ftags&post=3314"}],"curies":[{"name":"wp","href":"https:\/\/api.w.org\/{rel}","templated":true}]}}