{"id":2887,"date":"2015-11-23T19:54:17","date_gmt":"2015-11-23T19:54:17","guid":{"rendered":"https:\/\/parafiatokarnia.pl\/?p=2887"},"modified":"2015-11-23T19:56:10","modified_gmt":"2015-11-23T19:56:10","slug":"list-pasterski-episkopatu-polski-na-jubileusz-1050-lecia-chrztu-polski","status":"publish","type":"post","link":"https:\/\/parafiatokarnia.pl\/?p=2887","title":{"rendered":"List Pasterski Episkopatu Polski na Jubileusz 1050-lecia Chrztu Polski"},"content":{"rendered":"<p style=\"text-align: center;\">List Pasterski Episkopatu Polski na Jubileusz 1050-lecia Chrztu Polski<\/p>\n<p style=\"text-align: center;\"><a href=\"https:\/\/parafiatokarnia.pl\/wp-content\/uploads\/2015\/11\/Logo-KEP3-380x260.jpg\"><img decoding=\"async\" class=\"aligncenter  wp-image-2890 lazyload\" data-src=\"https:\/\/parafiatokarnia.pl\/wp-content\/uploads\/2015\/11\/Logo-KEP3-380x260.jpg\" alt=\"Logo-KEP3-380x260\" width=\"332\" height=\"227\" data-srcset=\"https:\/\/parafiatokarnia.pl\/wp-content\/uploads\/2015\/11\/Logo-KEP3-380x260.jpg 380w, https:\/\/parafiatokarnia.pl\/wp-content\/uploads\/2015\/11\/Logo-KEP3-380x260-300x205.jpg 300w\" data-sizes=\"(max-width: 332px) 100vw, 332px\" src=\"data:image\/svg+xml;base64,PHN2ZyB3aWR0aD0iMSIgaGVpZ2h0PSIxIiB4bWxucz0iaHR0cDovL3d3dy53My5vcmcvMjAwMC9zdmciPjwvc3ZnPg==\" style=\"--smush-placeholder-width: 332px; --smush-placeholder-aspect-ratio: 332\/227;\" \/><\/a><\/p>\n<p style=\"text-align: center;\">Nowe \u017cycie w Chrystusie<\/p>\n<p style=\"text-align: justify;\">Drodzy Siostry i\u00a0Bracia!<\/p>\n<p style=\"text-align: justify;\">W dzisiejsz\u0105 uroczysto\u015b\u0107 Jezusa Chrystusa, Kr\u00f3la Wszech\u015bwiata docieraj\u0105 do nas s\u0142owa proroka Daniela o\u00a0Synu Cz\u0142owieczym, kt\u00f3remu \u201epowierzono [\u2026] panowanie, chwa\u0142\u0119 i\u00a0w\u0142adz\u0119 kr\u00f3lewsk\u0105, a\u00a0[kt\u00f3remu] s\u0142u\u017cy\u0142y [\u2026] wszystkie narody, ludy i\u00a0j\u0119zyki. Panowanie Jego jest wiecznym panowaniem, kt\u00f3re nie przeminie, a\u00a0Jego kr\u00f3lestwo nie ulegnie zag\u0142adzie\u201d. (Dn 7,14) Proroctwo to spe\u0142ni\u0142o si\u0119 w\u00a0odniesieniu do osoby Chrystusa, kt\u00f3ry jest \u201e\u015awiadkiem Wiernym, Pierworodnym umar\u0142ych i\u00a0W\u0142adc\u0105 kr\u00f3l\u00f3w ziemi\u201d (Ap 1,5).<\/p>\n<p style=\"text-align: justify;\">1. Chrzest Polski<\/p>\n<p style=\"text-align: justify;\">Chrystus \u2013 jako Pocz\u0105tek i\u00a0Koniec ca\u0142ych ludzkich dziej\u00f3w \u2013 sprawi\u0142, \u017ce 1050 lat temu na polskiej ziemi zosta\u0142 postawiony krzy\u017c, przejmuj\u0105cy znak jego zwyci\u0119stwa nad grzechem i\u00a0\u015bmierci\u0105.<\/p>\n<p style=\"text-align: justify;\">W 966 roku Mieszko I\u00a0przyj\u0105\u0142 chrzest jako cz\u0142owiek wolny. Chocia\u017c zosta\u0142 on udzielony pojedynczej osobie, to przecie\u017c da\u0142 pocz\u0105tek wsp\u00f3lnocie z\u00a0innymi osobami ochrzczonymi. My\u015bl\u0105c o\u00a0konsekwencjach chrztu Mieszka, mo\u017cemy m\u00f3wi\u0107 o\u00a0\u201enarodzie ochrzczonych\u201d, o\u00a0\u201echrzcie narodu\u201d, a\u00a0wi\u0119c r\u00f3wnie\u017c o\u00a0Chrzcie Polski (por. Prymas Stefan Wyszy\u0144ski, \u201eNa Wielkanoc Roku Tysi\u0105clecia Chrztu Polski\u201d, Gniezno 1966).<\/p>\n<p style=\"text-align: justify;\">Ksi\u0105\u017c\u0119 Mieszko tym samym wprowadzi\u0142 swoich pobratymc\u00f3w w\u00a0\u015bwiat kultury \u0142aci\u0144skiej i\u00a0uczyni\u0142 ich obywatelami wsp\u00f3lnoty lud\u00f3w chrze\u015bcija\u0144skich. Jego chrzcielnica sta\u0142a si\u0119 kolebk\u0105 rodz\u0105cego si\u0119 narodu, pozostaj\u0105c znakiem buduj\u0105cym jego to\u017csamo\u015b\u0107. Chrzest wprowadzi\u0142 nasz nar\u00f3d w\u00a0nowy \u015bwiat, kt\u00f3ry wyra\u017ca si\u0119 przez now\u0105 kultur\u0119, nowe instytucje, struktury i\u00a0zapisy prawne. Do\u015bwiadczenie wiary prze\u0142o\u017cy\u0142o si\u0119 z\u00a0moc\u0105 na postawy moralne, widoczne tak\u017ce w\u00a0\u017cyciu gospodarczym, politycznym i\u00a0kulturalnym. Spo\u0142eczne konsekwencje Chrztu Polski pojawi\u0142y si\u0119 p\u00f3\u017aniej, poczynaj\u0105c od rodziny po nar\u00f3d, a\u00a0nawet po wsp\u00f3lnot\u0119 narod\u00f3w, jak\u0105 dzisiaj stanowi dla nas Europa.<\/p>\n<p style=\"text-align: justify;\">2. Jubileusz 1050-lecia Chrztu Polski<\/p>\n<p style=\"text-align: justify;\">W Wigili\u0119 Paschaln\u0105 966 roku, kiedy w\u0142adca Polan stan\u0105\u0142 przed chrzcielnic\u0105, za\u015bpiewano ten wyj\u0105tkowy, staro\u017cytny hymn: \u201eWeselcie si\u0119 ju\u017c, zast\u0119py anio\u0142\u00f3w w\u00a0niebie, weselcie si\u0119, s\u0142udzy Boga. Niechaj zabrzmi\u0105 dzwony g\u0142osz\u0105ce zbawienie, gdy Kr\u00f3l tak wielki odnosi zwyci\u0119stwo. Raduj si\u0119 ziemio, opromieniona tak niezmiernym blaskiem [\u2026], poczuj, \u017ce wolna jeste\u015b od mroku, co \u015bwiat okrywa!\u201d (\u201eExultet\u201d).<\/p>\n<p style=\"text-align: justify;\">I odt\u0105d \u2013 ka\u017cdego roku w\u00a0Wigili\u0119 Paschaln\u0105 \u2013 Ko\u015bci\u00f3\u0142 w\u00a0Polsce \u015bpiewa ten hymn tu\u017c przed odnowieniem przyrzecze\u0144 chrzcielnych; przepi\u0119kny hymn, przepe\u0142niony rado\u015bci\u0105 z\u00a0dzie\u0142a zbawienia, skupiony na Chrystusie, kt\u00f3ry wyzwala nas ku mi\u0142o\u015bci do Boga i\u00a0ludzi.<\/p>\n<p style=\"text-align: justify;\">W chwili chrztu \u015bwi\u0119tego ka\u017cdej i\u00a0ka\u017cdego z\u00a0nas to zbawcze wydarzenie staje si\u0119 prze\u0142omowym momentem naszej osobistej duchowej biografii. Chrzest \u015bwi\u0119ty jest fundamentem ca\u0142ego \u017cycia chrze\u015bcija\u0144skiego i\u00a0bram\u0105 do \u017cycia w\u00a0Tr\u00f3jcy \u015awi\u0119tej. Jest to nie tylko zanurzenie w\u00a0po\u015bwi\u0119conej wodzie, ale prawdziwe zanurzenie w\u00a0\u015bmierci i\u00a0zmartwychwstaniu Pana, w\u00a0Jego zwyci\u0119stwie nad z\u0142em. To prawdziwe \u017ar\u00f3d\u0142o \u017cycia wiecznego dla nas.<\/p>\n<p style=\"text-align: justify;\">Pe\u0142ne wiary spojrzenie na to prze\u0142omowe w\u00a0dziejach naszego narodu wydarzenie sprawia, \u017ce prze\u017cycie Jubileuszu 1050-lecia Chrztu Polski nie ogranicza si\u0119 do rozwa\u017cania zagadnie\u0144\u2028o\u00a0charakterze spo\u0142ecznym, kulturowym czy narodowym. S\u0105 to z\u00a0pewno\u015bci\u0105 kwestie wa\u017cne, ale to przecie\u017c nie te pytania us\u0142ysza\u0142 Mieszko I, gdy stan\u0105\u0142 przy chrzcielnicy. Najpierw zapytano go o\u00a0to, czy wyrzeka si\u0119 szatana i\u00a0jego pr\u00f3\u017cnej chwa\u0142y. Nast\u0119pnie, czy wierzy w\u00a0Boga Ojca Wszechmog\u0105cego, w\u00a0Jego Jedynego Syna \u2013 Jezusa Chrystusa, wcielonego, ukrzy\u017cowanego i\u00a0zmartwychwsta\u0142ego, w\u00a0Ducha \u015awi\u0119tego, w\u00a0\u015bwi\u0119ty, katolicki i\u00a0apostolski Ko\u015bci\u00f3\u0142, w\u00a0spo\u0142eczno\u015b\u0107 \u015bwi\u0119tych i\u00a0w zmartwychwstanie cia\u0142a. Na wszystkie te pytania Mieszko odpowiedzia\u0142: \u201eWierz\u0119!\u201d. To samo wyznanie wiary powtarzamy i\u00a0my 1050 lat p\u00f3\u017aniej.<\/p>\n<p style=\"text-align: justify;\">3. Millennium Chrztu Polski<\/p>\n<p style=\"text-align: justify;\">Obchodzi\u0107 Jubileusz Chrztu Polski to \u015bwiadczy\u0107 w\u0142asnym \u017cyciem o\u00a0Chrystusie. Takie odwa\u017cne \u015bwiadectwo w\u00a0nie\u0142atwych czasach PRL-u z\u0142o\u017cyli katolicy w\u00a01966 roku, w\u00a0czasie obchod\u00f3w milenijnych. Pomog\u0142a w\u00a0tym dziewi\u0119cioletnia Wielka Nowenna, czyli program duszpasterski opracowany przez S\u0142ug\u0119 Bo\u017cego Ksi\u0119dza Kardyna\u0142a Stefana Wyszy\u0144skiego. Jej g\u0142\u00f3wne has\u0142o rozbrzmiewa po dzi\u015b dzie\u0144 w\u00a0naszych uszach: \u201eWierno\u015b\u0107 Bogu, Krzy\u017cowi, Ewangelii, Ko\u015bcio\u0142owi i\u00a0jego Pasterzom\u201d.<\/p>\n<p style=\"text-align: justify;\">Ogromna praca duchowa, towarzysz\u0105ca Millennium Chrztu, zako\u0144czy\u0142a si\u0119 uroczysto\u015bciami na Jasnej G\u00f3rze 3\u00a0maja 1966 roku. W\u00a0tym dniu zawierzono Matce Bo\u017cej nasz nar\u00f3d na kolejne 1000 lat. Bez tamtego Millennium trudno sobie wyobrazi\u0107 nast\u0119pne \u0107wier\u0107 wieku polskiej historii: pontyfikat \u015bw. Jana Paw\u0142a II, wielki ruch \u201eSolidarno\u015b\u0107\u201d oraz odzyskan\u0105 w\u00a01989 roku wolno\u015b\u0107.<\/p>\n<p style=\"text-align: justify;\">Po pi\u0119\u0107dziesi\u0119ciu latach pasterze Ko\u015bcio\u0142a wraz ze zgromadzonymi wiernymi ponowi\u0105 ten akt na Jasnej G\u00f3rze 3\u00a0maja 2016 roku, zawierzaj\u0105c Polak\u00f3w w\u00a0Ojczy\u017anie i\u00a0poza jej granicami naszej duchowej Matce i\u00a0Kr\u00f3lowej.<\/p>\n<p style=\"text-align: justify;\">4. Wyzwanie ekumeniczne<\/p>\n<p style=\"text-align: justify;\">Chrzest jest wydarzeniem, kt\u00f3rego nie da si\u0119 zamkn\u0105\u0107 tylko w\u00a0kontek\u015bcie Kocio\u0142a katolickiego. \u015aw. Pawe\u0142 pisze, \u017ce \u201e[\u2026] w\u00a0jednym Duchu wszyscy zostali\u015bmy ochrzczeni w\u00a0jedno Cia\u0142o\u201d (por. 1Kor 12,13), tworz\u0105c jeden, \u015bwi\u0119ty, powszechny i\u00a0apostolski Ko\u015bci\u00f3\u0142.<\/p>\n<p style=\"text-align: justify;\">Dlatego chrzest czyni chrze\u015bcijan, niezale\u017cnie od istniej\u0105cych mi\u0119dzy nimi podzia\u0142\u00f3w, cz\u0142onkami jednego Cia\u0142a Chrystusowego. Tworzy jedno\u015b\u0107, kt\u00f3ra nie sprowadza si\u0119 wy\u0142\u0105cznie do oboj\u0119tnej tolerancji i\u00a0wzajemnej wiedzy o\u00a0sobie, lecz spe\u0142nia si\u0119 w\u00a0wymianie duchowych dar\u00f3w.<\/p>\n<p style=\"text-align: justify;\">Dzi\u0119kujemy Bogu za przyj\u0119t\u0105 na pocz\u0105tku 2000 r. przez Ko\u015bci\u00f3\u0142 Katolicki i\u00a0Ko\u015bcio\u0142y zrzeszone w\u00a0Polskiej Radzie Ekumenicznej \u201eDeklaracj\u0119 o\u00a0wzajemnym uznaniu chrztu jako sakramentu jedno\u015bci\u201d. Jest ona bezprecedensowa w\u00a0wymiarze Europy i\u00a0\u015bwiata, inspiruje do podejmowania nast\u0119pnych krok\u00f3w zmierzaj\u0105cych do zjednoczenia chrze\u015bcijan. Jedno\u015b\u0107 Ko\u015bcio\u0142a jest wol\u0105 Chrystusa. Mno\u017cenie podzia\u0142\u00f3w czy cho\u0107by oboj\u0119tno\u015b\u0107 wobec nich, jest ci\u0119\u017ckim grzechem i\u00a0anty\u015bwiadectwem, kt\u00f3re pomna\u017ca zgorszenie. Polska przyj\u0119\u0142a chrzest w\u00a0czasie, gdy Ko\u015bci\u00f3\u0142 w\u00a0du\u017cej mierze by\u0142 jeszcze niepodzielony na prawos\u0142awie (1054 rok) i\u00a0ko\u015bcio\u0142y protestanckie (1517 rok). Czy Jezus Chrystus nie wzywa nas do tego, by\u015bmy chcieli nie tylko prze\u017cy\u0107, ale \u2013 w\u00a0takiej mierze, w\u00a0jakiej to jest mo\u017cliwe \u2013 r\u00f3wnie\u017c przygotowa\u0107 wsp\u00f3lny obch\u00f3d 1050-lecia tamtego wydarzenia? Czy mo\u017cemy \u015bpiewa\u0107 Bogu radosne Te Deum za wydarzenie chrztu inaczej, ni\u017c w\u00a0postawie g\u0142\u0119bokiego pojednania?<\/p>\n<p style=\"text-align: justify;\">5. Nadzwyczajny Jubileusz Mi\u0142osierdzia<\/p>\n<p style=\"text-align: justify;\">Prze\u017cywane przez nas uroczysto\u015bci 1050. rocznicy Chrztu Polski \u0142\u0105cz\u0105 si\u0119 w\u00a0rozpoczynaj\u0105cym si\u0119 roku liturgicznym z\u00a0jeszcze jedn\u0105 okoliczno\u015bci\u0105. Jest ni\u0105 Nadzwyczajny Jubileusz Mi\u0142osierdzia rozumiany jako objawienie si\u0119 czynnej wiary, potwierdzonej na chrzcie \u015bwi\u0119tym. \u201eW tym Roku \u015awi\u0119tym \u2013 pisze papie\u017c Franciszek \u2013\u00a0 b\u0119dziemy mogli do\u015bwiadczy\u0107 otwarcia serc na tych wszystkich, kt\u00f3rzy \u017cyj\u0105 na najbardziej beznadziejnych peryferiach egzystencjalnych, kt\u00f3re tak cz\u0119sto \u015bwiat stwarza w\u00a0spos\u00f3b dramatyczny. [\u2026] Otw\u00f3rzmy nasze oczy, aby dostrzec bied\u0119 \u015bwiata, rany tak wielu braci i\u00a0si\u00f3str pozbawionych godno\u015bci. Poczujmy si\u0119 sprowokowani, s\u0142ysz\u0105c ich wo\u0142anie o\u00a0pomoc. Niech nasze r\u0119ce \u015bcisn\u0105 ich r\u0119ce, przygarnijmy ich do siebie, aby poczuli ciep\u0142o naszej obecno\u015bci, przyja\u017ani i\u00a0braterstwa. Niech ich krzyk stanie si\u0119 naszym, tak by\u015bmy razem z\u0142amali barier\u0119 oboj\u0119tno\u015bci, kt\u00f3ra cz\u0119sto kr\u00f3luje w\u00a0spos\u00f3b w\u0142adczy, aby ukry\u0107 hipokryzj\u0119 i\u00a0egoizm\u201d. (Bulla \u201eMisericordiae vultus\u201d 11.04.2015)<\/p>\n<p style=\"text-align: justify;\">Ojciec \u015awi\u0119ty poleci\u0142, by Nadzwyczajny Jubileusz Mi\u0142osierdzia rozpocz\u0105\u0142 si\u0119 8\u00a0grudnia br., w\u00a0uroczysto\u015b\u0107 Niepokalanego Pocz\u0119cia Naj\u015bwi\u0119tszej Maryi Panny, a\u00a0zako\u0144czy\u0142 20 listopada 2016 roku w\u00a0uroczysto\u015b\u0107 Jezusa Chrystusa, Kr\u00f3la Wszech\u015bwiata.<\/p>\n<p style=\"text-align: justify;\">W tym czasie po\u0142\u0105czymy intencje Ojca \u015awi\u0119tego z\u00a0og\u00f3lnopolskim aktem przyj\u0119cia kr\u00f3lowania Chrystusa i\u00a0poddania si\u0119 pod Jego Bosk\u0105 w\u0142adz\u0119. Uczynimy to w\u00a0podkrakowskich \u0141agiewnikach 19 listopada 2016 roku, w\u00a0przeddzie\u0144 uroczysto\u015bci Jezusa Chrystusa, Kr\u00f3la Wszech\u015bwiata.<\/p>\n<p style=\"text-align: justify;\">Zako\u0144czenie<\/p>\n<p style=\"text-align: justify;\">Czeka nas zatem rok liturgiczny pe\u0142en duchowych wyzwa\u0144. Niech b\u0119dzie on dla ka\u017cdej\u2028i\u00a0ka\u017cdego z\u00a0nas rokiem prawdziwie b\u0142ogos\u0142awionym. Niech b\u0119dzie czasem wdzi\u0119czno\u015bci wobec Boga za wspania\u0142\u0105, ponad tysi\u0105cletni\u0105 tradycj\u0119 chrze\u015bcija\u0144sk\u0105 naszego narodu; czasem odnowienia przymierza z\u00a0mi\u0142osiernym Bogiem i\u00a0poddania si\u0119 powszechnemu panowaniu Chrystusa Kr\u00f3la Wszech\u015bwiata. Niech stanie si\u0119 okazj\u0105 do pog\u0142\u0119bienia synowskich wi\u0119zi z\u00a0Bogarodzic\u0105, Matk\u0105 Ko\u015bcio\u0142a i\u00a0nasz\u0105 Matk\u0105. Niech b\u0119dzie czasem radosnej nadziei dla m\u0142odych, kt\u00f3rzy podczas \u015awiatowych Dni M\u0142odzie\u017cy w\u00a0Krakowie spotkaj\u0105 si\u0119 z\u00a0Ojcem \u015awi\u0119tym Franciszkiem.<\/p>\n<p style=\"text-align: justify;\">Na b\u0142ogos\u0142awiony czas odnowy naszej to\u017csamo\u015bci chrzcielnej w\u00a0Roku Jubileuszowym wszystkim ochrzczonym i\u00a0przygotowuj\u0105cym si\u0119 do chrztu z\u00a0serca b\u0142ogos\u0142awimy.<\/p>\n<p style=\"text-align: center;\">Podpisali: \u2028Pasterze Ko\u015bcio\u0142a katolickiego w\u00a0Polsce<\/p>\n<p style=\"text-align: center;\">obecni na 370. Zebraniu Plenarnym<\/p>\n<p style=\"text-align: center;\">Konferencji Episkopatu Polski w\u00a0Warszawie<\/p>\n<p style=\"text-align: center;\">\u2028w dniu 6\u00a0pa\u017adziernika 2015 r.<\/p>\n","protected":false},"excerpt":{"rendered":"<p>List Pasterski Episkopatu Polski na Jubileusz 1050-lecia Chrztu Polski Nowe \u017cycie w Chrystusie Drodzy Siostry i\u00a0Bracia! W dzisiejsz\u0105 uroczysto\u015b\u0107 Jezusa Chrystusa, Kr\u00f3la Wszech\u015bwiata docieraj\u0105 do nas s\u0142owa proroka Daniela o\u00a0Synu Cz\u0142owieczym, kt\u00f3remu \u201epowierzono [\u2026] panowanie, chwa\u0142\u0119 i\u00a0w\u0142adz\u0119 kr\u00f3lewsk\u0105, a\u00a0[kt\u00f3remu] s\u0142u\u017cy\u0142y [\u2026] wszystkie narody, ludy i\u00a0j\u0119zyki. Panowanie Jego jest wiecznym panowaniem, kt\u00f3re nie przeminie, a\u00a0Jego kr\u00f3lestwo [&hellip;]<\/p>\n","protected":false},"author":4,"featured_media":0,"comment_status":"closed","ping_status":"closed","sticky":false,"template":"","format":"standard","meta":{"footnotes":""},"categories":[15],"tags":[],"class_list":["post-2887","post","type-post","status-publish","format-standard","hentry","category-warto-wiedziec"],"_links":{"self":[{"href":"https:\/\/parafiatokarnia.pl\/index.php?rest_route=\/wp\/v2\/posts\/2887","targetHints":{"allow":["GET"]}}],"collection":[{"href":"https:\/\/parafiatokarnia.pl\/index.php?rest_route=\/wp\/v2\/posts"}],"about":[{"href":"https:\/\/parafiatokarnia.pl\/index.php?rest_route=\/wp\/v2\/types\/post"}],"author":[{"embeddable":true,"href":"https:\/\/parafiatokarnia.pl\/index.php?rest_route=\/wp\/v2\/users\/4"}],"replies":[{"embeddable":true,"href":"https:\/\/parafiatokarnia.pl\/index.php?rest_route=%2Fwp%2Fv2%2Fcomments&post=2887"}],"version-history":[{"count":3,"href":"https:\/\/parafiatokarnia.pl\/index.php?rest_route=\/wp\/v2\/posts\/2887\/revisions"}],"predecessor-version":[{"id":2891,"href":"https:\/\/parafiatokarnia.pl\/index.php?rest_route=\/wp\/v2\/posts\/2887\/revisions\/2891"}],"wp:attachment":[{"href":"https:\/\/parafiatokarnia.pl\/index.php?rest_route=%2Fwp%2Fv2%2Fmedia&parent=2887"}],"wp:term":[{"taxonomy":"category","embeddable":true,"href":"https:\/\/parafiatokarnia.pl\/index.php?rest_route=%2Fwp%2Fv2%2Fcategories&post=2887"},{"taxonomy":"post_tag","embeddable":true,"href":"https:\/\/parafiatokarnia.pl\/index.php?rest_route=%2Fwp%2Fv2%2Ftags&post=2887"}],"curies":[{"name":"wp","href":"https:\/\/api.w.org\/{rel}","templated":true}]}}