{"id":2685,"date":"2015-10-24T19:11:12","date_gmt":"2015-10-24T19:11:12","guid":{"rendered":"https:\/\/parafiatokarnia.pl\/?p=2685"},"modified":"2015-10-25T12:42:03","modified_gmt":"2015-10-25T12:42:03","slug":"30-niedziela-zwykla","status":"publish","type":"post","link":"https:\/\/parafiatokarnia.pl\/?p=2685","title":{"rendered":"30 NIEDZIELA ZWYK\u0141A"},"content":{"rendered":"<p style=\"text-align: justify;\">Rozpoczynamy ostatni tydzie\u0144 pa\u017adziernika. Zach\u0119camy do modlitwy r\u00f3\u017ca\u0144cowej, szczeg\u00f3lnie tych, kt\u00f3rzy z rozmaitych powod\u00f3w nie uczestniczyli jeszcze w tym pi\u0119knym nabo\u017ce\u0144stwie. Niech w naszej maryjnej parafii nie b\u0119dzie takiej osoby, kt\u00f3ra cho\u0107by jeden raz nie w\u0142\u0105czy\u0142a si\u0119 do tej modlitwy, kt\u00f3ra jest ratunkiem dla \u015bwiata. R\u00f3\u017caniec w naszej \u015bwi\u0105tyni o godz. 16.30. Msza \u015bw. wieczorna w dni powszednie &#8211; z racji zmiany czasu &#8211; o godzinie 17.00.<\/p>\n<p style=\"text-align: justify;\">W dniu dzisiejszym m\u00f3dlmy si\u0119 za Ojczyzn\u0119; o b\u0142ogos\u0142awie\u0144stwo Bo\u017ce i poczucie patriotyzmu dla wszystkich obywateli. Dzisiaj tak\u017ce liczenie wiernych na ka\u017cdej Mszy \u015bw.<\/p>\n<p style=\"text-align: justify;\">Dzi\u0119kujemy mieszka\u0144com roli Mizery za posprz\u0105tanie ko\u015bcio\u0142a, oraz za kwiaty. O porz\u0105dki w tym tygodniu prosimy mieszka\u0144c\u00f3w 1-szej cz\u0119\u015bci roli Knapy, kt\u00f3r\u0105 podzielili\u015bmy na 5 cz\u0119\u015bci.<\/p>\n<p style=\"text-align: justify;\">Dzi\u0119kujemy p. Stanis\u0142awie S\u0142oninie, a tak\u017ce rodzicom Natalii Hanusiak, Szymona Koska i Huberta P\u0119cka za ofiar\u0119 na ko\u015bci\u00f3\u0142 z\u0142o\u017con\u0105 przy okazji chrztu.<\/p>\n<p style=\"text-align: justify;\">Uroczysto\u015b\u0107 Wszystkich \u015awi\u0119tych, a zw\u0142aszcza Dzie\u0144 Zaduszny, to czas pami\u0119ci o naszych zmar\u0142ych. Pi\u0119knym zwyczajem jest wyczytywanie imion i nazwisk naszych bliskich zmar\u0142ych, kt\u00f3rych polecamy modlitwie Ko\u015bcio\u0142a. Modl\u0105c si\u0119 za zmar\u0142ych, dzi\u0119kujemy Bogu za ich \u017cycie, za dobro, kt\u00f3re wnie\u015bli w nasze \u017cycie, oraz prosimy o przebaczenie grzech\u00f3w i b\u0142agamy o dar nieba. My te\u017c kiedy\u015b b\u0119dziemy potrzebowali takiej modlitwy.<\/p>\n<p style=\"text-align: justify;\">Jedn\u0105 z form troski o zmar\u0142ych s\u0105 w naszej parafii tak zwane wypominki, wyst\u0119puj\u0105ce w dwojakiej odmianie: jako jednorazowe oraz roczne. W naszym ko\u015bciele wypominki jednorazowe po\u0142\u0105czone z modlitw\u0105 r\u00f3\u017ca\u0144cow\u0105 za zmar\u0142ych b\u0119dziemy wyczytywa\u0107 do 8 listopada (p\u00f3\u0142 godziny przed Msz\u0105 \u015bw. wieczorn\u0105) o godz. 16.30. Wypominki roczne wyczytujemy (przez ca\u0142y rok) w ka\u017cd\u0105 niedziel\u0119, przed Msz\u0105 \u015bw. o godzinie 7.00, 9.00 i 11.00.<\/p>\n<p style=\"text-align: justify;\">Bardzo prosimy, aby na wypominki roczne wpisywa\u0107 imiona zmar\u0142ych z najbli\u017cszej rodziny. Za wypominki jednorazowe sk\u0142adamy ofiar\u0119 dobrowoln\u0105, a za roczne r\u00f3wnowarto\u015b\u0107 intencji mszalnej od duszy. Wype\u0142nione czytelnie kartki z wypominkami jednorazowymi, oraz rocznymi sk\u0142adamy w zakrystii po rannej, jak r\u00f3wnie\u017c po wieczornej Mszy \u015bw. Dodatkowo w tym tygodniu &#8211; od jutra do soboty &#8211; wypominki mo\u017cna sk\u0142ada\u0107 w kancelarii parafialnej od 8.00 do 9.00, oraz przed nabo\u017ce\u0144stwem r\u00f3\u017ca\u0144cowym w godzinach od 16.00 do 16.30.<\/p>\n<p style=\"text-align: justify;\">Dnia 1 listopada, w Uroczysto\u015b\u0107 Wszystkich \u015awi\u0119tych. Czcimy w tym dniu tych wszystkich, kt\u00f3rzy osi\u0105gn\u0119li chwa\u0142\u0119 zbawionych w niebie. U\u015bwiadamiamy sobie r\u00f3wnie\u017c nasze powo\u0142anie do \u015bwi\u0119to\u015bci. Msze \u015bw. w naszym ko\u015bciele o godzinie 7.00, 9.00 i 11.00. Nie b\u0119dzie Mszy \u015bw. godz. 15.30. O godz. 14.00 Nieszpory na cmentarzu komunalnym. Po nabo\u017ce\u0144stwie zostanie odprawiona przy grobach naszych zmar\u0142ych Msza \u015bw., po kt\u00f3rej odb\u0119dzie si\u0119 procesja za zmar\u0142ych.<\/p>\n<p style=\"text-align: justify;\">W poniedzia\u0142ek, 2 listopada, Wspomnienie Wszystkich Wiernych Zmar\u0142ych &#8211; Dzie\u0144 Zaduszny. Ko\u015bci\u00f3\u0142 wspomina wszystkich tych, kt\u00f3rzy w czy\u015b\u0107cu pokutuj\u0105 za swoje grzechy i poleca ich w modlitwie Bo\u017cemu Mi\u0142osierdziu. Chciejmy i my przyj\u015b\u0107 im z pomoc\u0105 przez ofiarowane modlitwy, odpusty a przede wszystkim ofiar\u0119 Mszy \u015bwi\u0119tej. Msze \u015bw. o godzinie 6.30, 9.00 i 17.00. Przed Msz\u0105 \u015bw. o godz. 6.30 i 9.00 wypominki jednorazowe. Natomiast po Mszy \u015bw. o godz. 17.00 procesja za zmar\u0142ych po\u0142\u0105czona z wypominkami i Koronk\u0105 do Bo\u017cego Mi\u0142osierdzia po ko\u015bciele. Na pro\u015bb\u0119 wielu parafian, kt\u00f3rzy pracuj\u0105 w tym dniu dodatkowa Msza \u015bw. o godz. 19.00.<\/p>\n<p style=\"text-align: justify;\">Przy czyszczeniu stawu pracowali: z roli G\u0119bki: Jan Kuca\u0142a, J\u00f3zef Majerek, Genowefa Bier\u00f3wka, Marian Zaj\u0105c, Andrzej Barglik; z roli Wierdonki: Stanis\u0142aw Gierat, \u0141ukasz Jamrozik, Jerzy Stachura, Stanis\u0142aw Halek, Tomasz Dyrcz.<\/p>\n<p style=\"text-align: justify;\">We wtorek na godzin\u0119 17.00 zapraszamy na zbi\u00f3rk\u0119 kandydat\u00f3w na ministrant\u00f3w. W pi\u0105tek spotkanie z m\u0142odzie\u017c\u0105. Msza \u015bw. o godzinie 18.00, a po niej spotkanie w salce w domu parafialnym.<\/p>\n<p style=\"text-align: justify;\">Zach\u0119camy do czytania prasy katolickiej. Wszystkie informacje z \u017cycia naszej wsp\u00f3lnoty, intencje mszalne, oraz og\u0142oszenia parafialne znajdziemy na stronie internetowej naszej parafii: <a href=\"http:\/\/www.parafiatokarnia.pl\">www.parafiatokarnia.pl<\/a>. Zach\u0119camy do jej odwiedzania.<\/p>\n<p style=\"text-align: justify;\">W \u015brod\u0119 obchodzimy \u015bwi\u0119to \u015bw. Aposto\u0142\u00f3w Szymona i Judy Tadeusza.<\/p>\n<p style=\"text-align: justify;\">W tym tygodniu odeszed\u0142 od nas \u015bp. Stanis\u0142aw Ost\u00f3j. Polecajmy go mi\u0142osiernemu Bogu.<\/p>\n<p style=\"text-align: justify;\">Niewidomemu Bartymeuszowi odpowiedzia\u0142 Pan Jezus: \u201eId\u017a, twoja wiara ci\u0119 uzdrowi\u0142a\u201d. Niech zapewnienie Zbawiciela towarzyszy nam w modlitwie i nawiedzeniu cmentarzy.<\/p>\n<p style=\"text-align: center;\"><span style=\"color: #ff0000;\"><strong>KO\u015aCI\u00d3\u0141 JEST OGRZEWANY. BARDZO SERDECZNIE PROSIMY O ZAMYKANIE DRZWI.<\/strong><\/span><\/p>\n","protected":false},"excerpt":{"rendered":"<p>Rozpoczynamy ostatni tydzie\u0144 pa\u017adziernika. Zach\u0119camy do modlitwy r\u00f3\u017ca\u0144cowej, szczeg\u00f3lnie tych, kt\u00f3rzy z rozmaitych powod\u00f3w nie uczestniczyli jeszcze w tym pi\u0119knym nabo\u017ce\u0144stwie. Niech w naszej maryjnej parafii nie b\u0119dzie takiej osoby, kt\u00f3ra cho\u0107by jeden raz nie w\u0142\u0105czy\u0142a si\u0119 do tej modlitwy, kt\u00f3ra jest ratunkiem dla \u015bwiata. R\u00f3\u017caniec w naszej \u015bwi\u0105tyni o godz. 16.30. Msza \u015bw. wieczorna [&hellip;]<\/p>\n","protected":false},"author":4,"featured_media":0,"comment_status":"closed","ping_status":"closed","sticky":false,"template":"","format":"standard","meta":{"footnotes":""},"categories":[6],"tags":[],"class_list":["post-2685","post","type-post","status-publish","format-standard","hentry","category-ogloszenia"],"_links":{"self":[{"href":"https:\/\/parafiatokarnia.pl\/index.php?rest_route=\/wp\/v2\/posts\/2685","targetHints":{"allow":["GET"]}}],"collection":[{"href":"https:\/\/parafiatokarnia.pl\/index.php?rest_route=\/wp\/v2\/posts"}],"about":[{"href":"https:\/\/parafiatokarnia.pl\/index.php?rest_route=\/wp\/v2\/types\/post"}],"author":[{"embeddable":true,"href":"https:\/\/parafiatokarnia.pl\/index.php?rest_route=\/wp\/v2\/users\/4"}],"replies":[{"embeddable":true,"href":"https:\/\/parafiatokarnia.pl\/index.php?rest_route=%2Fwp%2Fv2%2Fcomments&post=2685"}],"version-history":[{"count":6,"href":"https:\/\/parafiatokarnia.pl\/index.php?rest_route=\/wp\/v2\/posts\/2685\/revisions"}],"predecessor-version":[{"id":2693,"href":"https:\/\/parafiatokarnia.pl\/index.php?rest_route=\/wp\/v2\/posts\/2685\/revisions\/2693"}],"wp:attachment":[{"href":"https:\/\/parafiatokarnia.pl\/index.php?rest_route=%2Fwp%2Fv2%2Fmedia&parent=2685"}],"wp:term":[{"taxonomy":"category","embeddable":true,"href":"https:\/\/parafiatokarnia.pl\/index.php?rest_route=%2Fwp%2Fv2%2Fcategories&post=2685"},{"taxonomy":"post_tag","embeddable":true,"href":"https:\/\/parafiatokarnia.pl\/index.php?rest_route=%2Fwp%2Fv2%2Ftags&post=2685"}],"curies":[{"name":"wp","href":"https:\/\/api.w.org\/{rel}","templated":true}]}}