{"id":1727,"date":"2015-08-30T03:53:34","date_gmt":"2015-08-30T03:53:34","guid":{"rendered":"https:\/\/parafiatokarnia.pl\/?p=1727"},"modified":"2015-08-30T03:53:45","modified_gmt":"2015-08-30T03:53:45","slug":"22-niedziela-zwykla","status":"publish","type":"post","link":"https:\/\/parafiatokarnia.pl\/?p=1727","title":{"rendered":"22 NIEDZIELA ZWYK\u0141A"},"content":{"rendered":"<p style=\"text-align: justify;\">Witamy serdecznie w naszej parafialnej wsp\u00f3lnocie ks. mgr. lic. Krzysztofa Litw\u0119, kt\u00f3ry dekretem Metropolity Krakowskiego zosta\u0142 nowym wikariuszem. \u017byczymy Bo\u017cego b\u0142ogos\u0142awie\u0144stwa i opieki Matki Bo\u017cej \u015anie\u017cnej Pani w jego duszpasterskiej pos\u0142udze.<\/p>\n<p style=\"text-align: justify;\">Czas jest nieub\u0142agany. Biegnie ci\u0105gle do przodu, nawet nie pytaj\u0105c nas, uczestnik\u00f3w tego biegu, o zdanie. Niewiele ponad dwa miesi\u0105ce temu rozpoczynali\u015bmy wakacje, a ju\u017c w nast\u0119pny wtorek ko\u0144czymy czas wakacji i rozpoczynamy nowy rok szkolny i katechetyczny.<\/p>\n<p style=\"text-align: justify;\">Dnia 1 wrze\u015bnia zapraszamy na Msz\u0119 \u015bw. inauguracyjn\u0105 o godzinie 8.00 wszystkich uczni\u00f3w, rodzic\u00f3w, dyrekcje, wychowawc\u00f3w, nauczycieli i katechet\u00f3w.<\/p>\n<p style=\"text-align: justify;\">Dyrekcja szko\u0142y Podstawowej nr 1 im. Ksi\u0119dza Kardyna\u0142a Stefana Wyszy\u0144skiego Prymasa Tysi\u0105clecia w Tokarni informuje, \u017ce rozpocz\u0119cie roku szkolnego 2015\/2016 odb\u0119dzie si\u0119 1 wrze\u015bnia. Zbi\u00f3rka uczni\u00f3w w tym dniu na placu szkolnym o godz. 7.45. Nast\u0119pnie przej\u015bcie pod opiek\u0105 nauczycieli do ko\u015bcio\u0142a. Uczniowie proszeni s\u0105 o przyniesienie obuwia zamiennego.<\/p>\n<p style=\"text-align: justify;\">W tym roku p. Krystyna Romaniak, Dyrektor Szko\u0142y Podstawowej nr 1 obchodzi swoje jubileusze: 30-lecia pracy zawodowej i srebrny jubileusz (25 lat) kierowania plac\u00f3wk\u0105. \u017byczymy Pani Dyrektor Bo\u017cego b\u0142ogos\u0142awie\u0144stwa, dalszych sukces\u00f3w wychowawczych i samych wzorowych uczni\u00f3w.<\/p>\n<p style=\"text-align: justify;\">Dyrekcja Gimnazjum im. Ksi\u0119dza Kardyna\u0142a Stefana Wyszy\u0144skiego Prymasa Tysi\u0105clecia w Tokarni informuje, \u017ce rozpocz\u0119cie roku szkolnego odb\u0119dzie si\u0119 1 wrze\u015bnia. O godz. 7.30 wyjazd autobus\u00f3w z Wi\u0119ci\u00f3rki i Bogdan\u00f3wki. O godz. 7.45 zbi\u00f3rka wszystkich uczni\u00f3w na placu ko\u0142o szko\u0142y oraz wsp\u00f3lny przemarsz ze sztandarem do ko\u015bcio\u0142a. O godz. 8.00 Msza \u015bw. Na rozpoczecie roku szkolnego i katechetycznego. O godz. 9.00 akademia w hali sportowej oraz zaj\u0119cia z wychowawcami klas. O godzinie 10.45 odw\u00f3z uczni\u00f3w z Wi\u0119ci\u00f3rki i Bogdan\u00f3wki. Przypomina si\u0119, \u017ce uczn\u00f3w obowi\u0105zuje na terenie szko\u0142y obuwie zast\u0119pcze z jasn\u0105 podeszw\u0105. W dniu 1 wrze\u015bnia uczniowie klas pierwszych otrzymuj\u0105 \u0107wiczenia oraz zostan\u0105 im wypo\u017cyczone podr\u0119cznki z biblioteki szkolnej na rok szkolny 2015\/16.<\/p>\n<p style=\"text-align: justify;\">Uczniowie Szko\u0142y Muzycznej im. Oskara Kolberga w Czas\u0142awiu filia w Krzczonowie rozpoczn\u0105 rok szkolny 2015\/2016 w dniu 1 wrze\u015bnia o godz. 17.30.<\/p>\n<p style=\"text-align: justify;\">1 wrze\u015bnia \u2013 rocznica wybuchu II wojny \u015bwiatowej. Dzi\u0119kujmy Bogu za pok\u00f3j, kt\u00f3rego wci\u0105\u017c potrzeba \u015bwiatu. Wpatrzeni w wizerunek \u015anie\u017cnej Pani, Matki naszego Zbawiciela, kierujemy pokorn\u0105 modlitw\u0119: Kr\u00f3lowo Pokoju, zanie\u015b twojemu Synowi nasz\u0105 modlitw\u0119 w intencji Ojczyzny i jej wolno\u015bci, w intencji prze\u017cywaj\u0105cego trudny czas narodu ukrai\u0144skiego, oraz w intencji wszystkich ludzi cierpi\u0105cych na Bliskim Wschodzie.<\/p>\n<p style=\"text-align: justify;\">Dzi\u0119kujemy mieszka\u0144com 2-szej cz\u0119\u015bci roli Dziubras G\u00f3rny &#8211; kt\u00f3r\u0105 podzielili\u015bmy na 3 cz\u0119\u015bci &#8211; za posprz\u0105tanie ko\u015bcio\u0142a oraz z\u0142o\u017con\u0105 ofiar\u0119 na ko\u015bci\u00f3\u0142. O porz\u0105dki w ko\u015bciele tym tygodniu prosimy 3-ej cz\u0119\u015bci tej roli.<\/p>\n<p style=\"text-align: justify;\">Ofiar\u0119 na ko\u015bci\u00f3\u0142 z\u0142o\u017cyli: ks. S\u0142awomir Filipek; oraz rodzice Mileny i Tomasza Roberta z okazji chrztu dzieci.<\/p>\n<p style=\"text-align: justify;\">W ubieg\u0142ym tygodniu przy ko\u015bciele pracowali z roli Dziubras G\u00f3rny: Franciszek Wr\u00f3bel, Kazimierz Wr\u00f3bel, Michalina Klimas, Sara Korabik, \u0141ukasz Korabik; z roli Kostruchy: Jan Lenartek, Czes\u0142awa Kosek, Jerzy Makusek, W\u0142adys\u0142aw \u015al\u0119czka, Walenty P\u0119cek, Tadeusz Kluska, Mieczys\u0142aw Wr\u00f3bel, Ludwik Lenartek, Patryk S\u0142onina, Krzysztof Kosek, Micha\u0142 P\u0119cek, Tadeusz Lenartek, Marek Lenartek; z roli Madonie: Jan Kluska, Antoni P\u0119cek, Jaros\u0142aw S\u0142onina.<\/p>\n<p style=\"text-align: justify;\">W tym tygodniu zapraszamy do pracy do dw\u00f3ch m\u0119\u017cczyzn z dalszej cz\u0119\u015bci roli Madonie, Mizery i Kusiki. B\u0119dziemy chcieli wyczy\u015bci\u0107 staw, planujemy tak\u017ce odrestaurowa\u0107 figury Pana Jezusa i \u015bw. Jana Chrzciciela.<\/p>\n<p style=\"text-align: justify;\">W kalendarzu liturgicznym wspominamy:<\/p>\n<p style=\"text-align: justify;\">3 wrze\u015bnia &#8211; \u015bw. Grzegorza Wielkiego, papie\u017ca i doktora Ko\u015bcio\u0142a.<\/p>\n<p style=\"text-align: justify;\">Msze \u015bw. w tygodniu od 1 wrze\u015bnia w ko\u015bciele o 6.30 i 18.00.<\/p>\n<p style=\"text-align: justify;\">W tym tygodniu przypada pierwszy czwartek, pierwszy pi\u0105tek i pierwsza sobota miesi\u0105ca.<\/p>\n<p style=\"text-align: justify;\">W pierwszy czwartek Godzina \u015awi\u0119ta. Od 17.00 do godziny 18.00 adoracja Naj\u015bwi\u0119tszego Sakramentu. O godzine 18.00 Msza \u015bw. wynagradzaj\u0105ca za grzechy przeciwko Eucharystii.<\/p>\n<p style=\"text-align: justify;\">W pi\u0105tek rano Msza \u015bw. wynagradzaj\u0105ca Naj\u015bwi\u0119tszemu Sercu Pana Jezusa. Okazja do spowiedzi \u015bwi\u0119tej od godziny 17.00.<\/p>\n<p style=\"text-align: justify;\">W sobot\u0119 rano Msza \u015bw. wotywna o Niepokalnanym Sercu Naj\u015bwi\u0119tszej Maryi Panny.<\/p>\n<p style=\"text-align: justify;\">Wszystkim \u017cyczymy mi\u0142ej niedzieli i b\u0142ogos\u0142awionego tygodnia.<\/p>\n","protected":false},"excerpt":{"rendered":"<p>Witamy serdecznie w naszej parafialnej wsp\u00f3lnocie ks. mgr. lic. Krzysztofa Litw\u0119, kt\u00f3ry dekretem Metropolity Krakowskiego zosta\u0142 nowym wikariuszem. \u017byczymy Bo\u017cego b\u0142ogos\u0142awie\u0144stwa i opieki Matki Bo\u017cej \u015anie\u017cnej Pani w jego duszpasterskiej pos\u0142udze. Czas jest nieub\u0142agany. Biegnie ci\u0105gle do przodu, nawet nie pytaj\u0105c nas, uczestnik\u00f3w tego biegu, o zdanie. Niewiele ponad dwa miesi\u0105ce temu rozpoczynali\u015bmy wakacje, a [&hellip;]<\/p>\n","protected":false},"author":4,"featured_media":0,"comment_status":"closed","ping_status":"closed","sticky":false,"template":"","format":"standard","meta":{"footnotes":""},"categories":[6],"tags":[],"class_list":["post-1727","post","type-post","status-publish","format-standard","hentry","category-ogloszenia"],"_links":{"self":[{"href":"https:\/\/parafiatokarnia.pl\/index.php?rest_route=\/wp\/v2\/posts\/1727","targetHints":{"allow":["GET"]}}],"collection":[{"href":"https:\/\/parafiatokarnia.pl\/index.php?rest_route=\/wp\/v2\/posts"}],"about":[{"href":"https:\/\/parafiatokarnia.pl\/index.php?rest_route=\/wp\/v2\/types\/post"}],"author":[{"embeddable":true,"href":"https:\/\/parafiatokarnia.pl\/index.php?rest_route=\/wp\/v2\/users\/4"}],"replies":[{"embeddable":true,"href":"https:\/\/parafiatokarnia.pl\/index.php?rest_route=%2Fwp%2Fv2%2Fcomments&post=1727"}],"version-history":[{"count":1,"href":"https:\/\/parafiatokarnia.pl\/index.php?rest_route=\/wp\/v2\/posts\/1727\/revisions"}],"predecessor-version":[{"id":1728,"href":"https:\/\/parafiatokarnia.pl\/index.php?rest_route=\/wp\/v2\/posts\/1727\/revisions\/1728"}],"wp:attachment":[{"href":"https:\/\/parafiatokarnia.pl\/index.php?rest_route=%2Fwp%2Fv2%2Fmedia&parent=1727"}],"wp:term":[{"taxonomy":"category","embeddable":true,"href":"https:\/\/parafiatokarnia.pl\/index.php?rest_route=%2Fwp%2Fv2%2Fcategories&post=1727"},{"taxonomy":"post_tag","embeddable":true,"href":"https:\/\/parafiatokarnia.pl\/index.php?rest_route=%2Fwp%2Fv2%2Ftags&post=1727"}],"curies":[{"name":"wp","href":"https:\/\/api.w.org\/{rel}","templated":true}]}}