{"id":13021,"date":"2026-08-29T09:12:42","date_gmt":"2026-08-29T09:12:42","guid":{"rendered":"https:\/\/parafiatokarnia.pl\/?p=13021"},"modified":"2026-08-29T09:12:42","modified_gmt":"2026-08-29T09:12:42","slug":"22-niedziela-zwykla-2026","status":"publish","type":"post","link":"https:\/\/parafiatokarnia.pl\/?p=13021","title":{"rendered":"22. NIEDZIELA ZWYK\u0141A 2026"},"content":{"rendered":"<p>Zmar\u0142a \u015bp. Jadwiga S\u0142onina z roli Bier\u00f3wki. Jej pogrzeb odb\u0119dzie si\u0119 jutro o godz. 14.00. P\u00f3\u0142 godziny wcze\u015bniej modlitwa r\u00f3\u017ca\u0144cowa. Pole\u0107my nasz\u0105 Zmar\u0142\u0105 Siostr\u0119 Bo\u017cemu Mi\u0142osierdziu.<\/p>\n<p>Dzi\u0119kujemy mieszka\u0144com 1. cz\u0119\u015bci roli Dziubras Dolny za posprz\u0105tanie \u015bwi\u0105tyni oraz porz\u0105dki wok\u00f3\u0142 niej. Dzi\u0119kujemy nowo\u017ce\u0144com za dofinansowanie kwiat\u00f3w, kt\u00f3rymi zosta\u0142y udekorowane o\u0142tarze. W tym tygodniu o sprz\u0105tanie ko\u015bcio\u0142a prosimy mieszka\u0144c\u00f3w 2. cz\u0119\u015bci tej roli.<\/p>\n<p>Ofiar\u0119 na ko\u015bci\u00f3\u0142 przy okazji zapowiedzi przed\u015blubnych z\u0142o\u017cyli narzeczeni: Edyta Pasiowiec i Jonathan Kernstock.<\/p>\n<p>We wtorek o godz. 8.00 zapraszamy wszystkie dzieci wraz z rodzicami na msz\u0119 \u015bw. z okazji rozpocz\u0119cia roku szkolnego i katechetycznego. Wsp\u00f3ln\u0105 modlitw\u0105 zawierzymy Bogu nowy rok nauki i b\u0119dziemy prosi\u0107 o b\u0142ogos\u0142awie\u0144stwo dla dzieci, rodzic\u00f3w, nauczycieli i katechet\u00f3w. <\/p>\n<p>Od 1 wrze\u015bnia msze \u015bw. w naszym ko\u015bciele odprawiamy rano o godz. 7.00 i wieczorem o godz. 18.00.<\/p>\n<p>W tym tygodniu przypada pierwszy czwartek miesi\u0105ca. Godzina \u015awi\u0119ta rozpocznie si\u0119 o 17.00. Zapraszamy do modlitwy za kap\u0142an\u00f3w Apostolat \u201eMargaretka\u201d. Mo\u017cliwo\u015b\u0107 adoracji i spowiedzi dla dzieci i m\u0142odzie\u017cy. W tym dniu obchodzimy wspomnienie \u015bw. Grzegorza Wielkiego, papie\u017ca i doktora Ko\u015bcio\u0142a. <\/p>\n<p>Pierwszy pi\u0105tek miesi\u0105ca. Msza \u015bw. wynagradzaj\u0105ca o godz. 7.00. Po niej wystawienie Naj\u015bwi\u0119tszego Sakramentu i modlitwy pierwszopi\u0105tkowe. Spowied\u017a \u015bw. od godz. 17.00. Przypominamy, \u017ce spowiadamy codziennie \u2013 15 minut &#8211; przed ka\u017cd\u0105 msz\u0105 \u015bwi\u0119t\u0105.<\/p>\n<p>W pierwsz\u0105 sobot\u0119 miesi\u0105ca, po mszy \u015bw. porannej r\u00f3\u017caniec wynagradzaj\u0105cy. W Kalwarii Zebrzydowskiej o godz. 10.00 msz\u0105 \u015bw. celebrowan\u0105 przez kard. Grzegorza Rysia, Metropolit\u0119 Krakowskiego rozpocznie si\u0119 54. Pielgrzymka Dzi\u0119kczynna Ruchu \u015awiat\u0142o \u017bycie, Domowego Ko\u015bcio\u0142a oraz Duszpasterstwa M\u0142odzie\u017cy Archidiecezji Krakowskiej. <\/p>\n<p>Serdecznie witamy Ksi\u0119dza Dawida Kr\u00f3la w naszej wsp\u00f3lnocie parafialnej. Ks. Dawid b\u0119dzie \u0142\u0105czy\u0142 funkcje: wikariusza, katechety i wizytatora katechetycznego rejonu VIII. \u017byczymy, aby pos\u0142uga duszpasterska przynosi\u0142a wiele dobra i obfitych owoc\u00f3w, a Matka Bo\u017ca \u015anie\u017cna, Patronka naszej parafii, nieustannie otacza\u0142a swoj\u0105 opiek\u0105 i wyprasza\u0142a potrzebne \u0142aski.<\/p>\n<p>Dzisiaj, na boisku GKS Beskid w ramach akcji \u201eBezpieczna Gmina Tokarnia\u201d nasza jednostka OSP Tokarnia zaprasza nas wszystkich na Dzie\u0144 Ratownictwa z OSP Tokarni. W programie m.in.: nauka pierwszej pomocy, pokazy ratownictwa technicznego, czy gaszenie po\u017caru. Przyjd\u017amy, aby nie tylko zobaczy\u0107 naszych dzielnych druh\u00f3w w akcji, ale i nauczy\u0107 si\u0119, jak ratowa\u0107 \u017cycie!<\/p>\n<p>W najbli\u017csz\u0105 niedziel\u0119 z racji pierwszej niedzieli miesi\u0105ca po ka\u017cdej mszy \u015bw. adoracja Naj\u015bwi\u0119tszego Sakramentu. O godz. 14.30 Apostolstwo Pomocy Duszom w Czy\u015b\u0107cu Cierpi\u0105cym zaprasza na adoracj\u0119 i modlitwy za dusze potrzebuj\u0105ce duchowego wsparcia. <\/p>\n<p>Za tydzie\u0144, w niedziel\u0119 zapraszamy do udzia\u0142u w akcji krwiodawstwa. Krew b\u0119dzie mo\u017cna odda\u0107 w przychodni w Krzczonowie od godz. 8.00 do 12.00. Akcja prowadzona jest przez Rejonowy Punkt Krwiodawstwa w My\u015blenicach Po wakacjach liczy si\u0119 ka\u017cda donacja.<\/p>\n<p>Solenizantkom, Solenizantom tego tygodnia, Czcigodnym Jubilatom oraz nowo\u017ce\u0144com sk\u0142adamy najlepsze \u017cyczenia. Wszystkim Go\u015bciom oraz naszym Parafianom \u017cyczymy b\u0142ogos\u0142awionej niedzieli, rodzinnego \u015bwi\u0119towania oraz bezpiecznego i pe\u0142nego Bo\u017cej opieki tygodnia.<\/p>\n","protected":false},"excerpt":{"rendered":"<p>Zmar\u0142a \u015bp. Jadwiga S\u0142onina z roli Bier\u00f3wki. Jej pogrzeb odb\u0119dzie si\u0119 jutro o godz. 14.00. P\u00f3\u0142 godziny wcze\u015bniej modlitwa r\u00f3\u017ca\u0144cowa. Pole\u0107my nasz\u0105 Zmar\u0142\u0105 Siostr\u0119 Bo\u017cemu Mi\u0142osierdziu. Dzi\u0119kujemy mieszka\u0144com 1. cz\u0119\u015bci roli Dziubras Dolny za posprz\u0105tanie \u015bwi\u0105tyni oraz porz\u0105dki wok\u00f3\u0142 niej. Dzi\u0119kujemy nowo\u017ce\u0144com za dofinansowanie kwiat\u00f3w, kt\u00f3rymi zosta\u0142y udekorowane o\u0142tarze. W tym tygodniu o sprz\u0105tanie ko\u015bcio\u0142a [&hellip;]<\/p>\n","protected":false},"author":4,"featured_media":0,"comment_status":"closed","ping_status":"closed","sticky":false,"template":"","format":"standard","meta":{"footnotes":""},"categories":[6],"tags":[],"class_list":["post-13021","post","type-post","status-publish","format-standard","hentry","category-ogloszenia"],"_links":{"self":[{"href":"https:\/\/parafiatokarnia.pl\/index.php?rest_route=\/wp\/v2\/posts\/13021","targetHints":{"allow":["GET"]}}],"collection":[{"href":"https:\/\/parafiatokarnia.pl\/index.php?rest_route=\/wp\/v2\/posts"}],"about":[{"href":"https:\/\/parafiatokarnia.pl\/index.php?rest_route=\/wp\/v2\/types\/post"}],"author":[{"embeddable":true,"href":"https:\/\/parafiatokarnia.pl\/index.php?rest_route=\/wp\/v2\/users\/4"}],"replies":[{"embeddable":true,"href":"https:\/\/parafiatokarnia.pl\/index.php?rest_route=%2Fwp%2Fv2%2Fcomments&post=13021"}],"version-history":[{"count":1,"href":"https:\/\/parafiatokarnia.pl\/index.php?rest_route=\/wp\/v2\/posts\/13021\/revisions"}],"predecessor-version":[{"id":13022,"href":"https:\/\/parafiatokarnia.pl\/index.php?rest_route=\/wp\/v2\/posts\/13021\/revisions\/13022"}],"wp:attachment":[{"href":"https:\/\/parafiatokarnia.pl\/index.php?rest_route=%2Fwp%2Fv2%2Fmedia&parent=13021"}],"wp:term":[{"taxonomy":"category","embeddable":true,"href":"https:\/\/parafiatokarnia.pl\/index.php?rest_route=%2Fwp%2Fv2%2Fcategories&post=13021"},{"taxonomy":"post_tag","embeddable":true,"href":"https:\/\/parafiatokarnia.pl\/index.php?rest_route=%2Fwp%2Fv2%2Ftags&post=13021"}],"curies":[{"name":"wp","href":"https:\/\/api.w.org\/{rel}","templated":true}]}}