{"id":12803,"date":"2026-05-01T09:18:56","date_gmt":"2026-05-01T09:18:56","guid":{"rendered":"https:\/\/parafiatokarnia.pl\/?p=12803"},"modified":"2026-05-01T09:18:56","modified_gmt":"2026-05-01T09:18:56","slug":"5-niedziela-wielkanocna-2026","status":"publish","type":"post","link":"https:\/\/parafiatokarnia.pl\/?p=12803","title":{"rendered":"5. NIEDZIELA WIELKANOCNA 2026"},"content":{"rendered":"<p>Dzi\u0119kujemy mieszka\u0144com 2. cz\u0119\u015bci r\u00f3l: Koty i U Lipki za posprz\u0105tanie \u015bwi\u0105tyni oraz porz\u0105dki wok\u00f3\u0142 niej. Dzi\u0119kujemy nowo\u017ce\u0144com za udekorowanie o\u0142tarza kwiatami. O przygotowanie ko\u015bcio\u0142a w tym tygodniu prosimy mieszka\u0144c\u00f3w r\u00f3l: Zamki i Hanuski.<\/p>\n<p>Dzisiaj, z racji 1. niedzieli miesi\u0105ca po mszach \u015bw. adoracja Naj\u015bwi\u0119tszego Sakramentu. O godz. 14.30 adoracj\u0119 poprowadzi grupa modlitewna Apostolstwa Pomocy Duszom Czy\u015b\u0107cowym. Zapraszamy do wsp\u00f3lnej modlitwy.<\/p>\n<p>Dzisiaj, w kolejn\u0105 235. rocznic\u0119 uchwalenia Konstytucji 3 Maja w spos\u00f3b szczeg\u00f3lny modlimy si\u0119 za nasz\u0105 Ojczyzn\u0119, dzi\u0119kuj\u0105c Bogu za dar wolno\u015bci i prosz\u0105c o jedno\u015b\u0107, m\u0105dro\u015b\u0107 oraz pok\u00f3j dla wszystkich Polak\u00f3w. Otaczamy tak\u017ce nasz\u0105 modlitw\u0105 Druh\u00f3w Stra\u017cak\u00f3w w przeddzie\u0144 ich \u015bwi\u0119ta oraz z racji obchodzonej w tym roku 75. rocznicy powstania jednostki OSP w Tokarni.<\/p>\n<p>Ofiar\u0119 na ko\u015bci\u00f3\u0142 z\u0142o\u017cyli rodzine Amelii Luberdy przy okazji chrztu dziecka. <\/p>\n<p>Jutro w kalendarzu liturgicznym wspomnienie \u015bw. Floriana, m\u0119czennika, patrona Stra\u017cak\u00f3w. Z tej okazji wyra\u017camy wdzi\u0119czno\u015b\u0107 naszym dzielnym Druhnom i Druhom za ich bezinteresown\u0105 s\u0142u\u017cb\u0119, odwag\u0119 i gotowo\u015b\u0107 do po\u015bwi\u0119cenia \u017cycia dla ratowania naszego mienia, zdrowia a czasem i \u017cycia. Za Wart\u0119 Honorow\u0105 przy Grobie, u\u015bwietnianie parafialnych uroczysto\u015bci oraz \u017cyczliw\u0105 wsp\u00f3\u0142prac\u0119. Niech B\u00f3g obdarza ich swoj\u0105 opiek\u0105, a \u015bw. Florian wspiera w codziennej s\u0142u\u017cbie \u201ena chwa\u0142\u0119 Bogu i ludziom na po\u017cytek\u201d. Przy tej okazji dzi\u0119kujemy za dar o\u0142tarza, kt\u00f3ry z w\u0142asnych sk\u0142adek cz\u0142onkowskich z okazji \u015awi\u0119ta \u015bw. Floriana z\u0142o\u017cyli na potrzeby ko\u015bcio\u0142a Druhny i Druhowie OSP Tokarnia.<\/p>\n<p>We wtorek wspomnienie \u015bw. Stanis\u0142awa Kazimierczyka, prezbitera.<br \/>\nW tym dniu o godz. 16.00 spotkanie katechetyczne dla dzieci pierwszokomunijnych.<\/p>\n<p>We \u015brod\u0119 \u015bwi\u0119to \u015bw. Aposto\u0142\u00f3w Filipa i Jakuba, a w pi\u0105tek uroczysto\u015b\u0107 \u015bw. Stanis\u0142awa BM, g\u0142\u00f3wnego patrona Polski i Archidiecezji Krakowskiej. Z racji uroczysto\u015bci nie obowi\u0105zuje wstrzemi\u0119\u017aliwo\u015b\u0107 od pokarm\u00f3w mi\u0119snych. W tym dniu obchodzimy rocznic\u0119 wyboru papie\u017ca Leona XIV na Stolic\u0119 piotrow\u0105.<\/p>\n<p>W czwartek, z racji pierwszego czwartku miesi\u0105ca Godzina \u015awi\u0119ta od godz. 17.00. <\/p>\n<p>Nabo\u017ce\u0144stwa majowe odprawiamy codziennie o godz. 17.30. W niedziel\u0119 o godz. 15.00. Spowied\u017a \u015bw. w tygodniu przed nabo\u017ce\u0144stwem majowym od godz. 17.15. <\/p>\n<p>Solenizantkom, Solenizantom tego tygodnia (w\u015br\u00f3d kt\u00f3rych s\u0105 m.in.: kard. Stanis\u0142aw Dziwisz i p. Stanis\u0142aw Nawara, nasz ko\u015bcielny), Czcigodnym Jubilatom, \u015bwi\u0119tuj\u0105cym swoje jubileusze (w\u015br\u00f3d nich m.in.: p. Annie Hanusiak) oraz nowo\u017ce\u0144com, kt\u00f3rzy stan\u0119li na \u015blubnym kobiercu sk\u0142adamy najlepsze \u017cyczenia. Wszystkim Go\u015bciom oraz naszym Parafianom \u017cyczymy b\u0142ogos\u0142awionej niedzieli i dobrego rodzinnego \u015bwi\u0119towania.<\/p>\n","protected":false},"excerpt":{"rendered":"<p>Dzi\u0119kujemy mieszka\u0144com 2. cz\u0119\u015bci r\u00f3l: Koty i U Lipki za posprz\u0105tanie \u015bwi\u0105tyni oraz porz\u0105dki wok\u00f3\u0142 niej. Dzi\u0119kujemy nowo\u017ce\u0144com za udekorowanie o\u0142tarza kwiatami. O przygotowanie ko\u015bcio\u0142a w tym tygodniu prosimy mieszka\u0144c\u00f3w r\u00f3l: Zamki i Hanuski. Dzisiaj, z racji 1. niedzieli miesi\u0105ca po mszach \u015bw. adoracja Naj\u015bwi\u0119tszego Sakramentu. O godz. 14.30 adoracj\u0119 poprowadzi grupa modlitewna Apostolstwa Pomocy [&hellip;]<\/p>\n","protected":false},"author":4,"featured_media":0,"comment_status":"closed","ping_status":"closed","sticky":false,"template":"","format":"standard","meta":{"footnotes":""},"categories":[6],"tags":[],"class_list":["post-12803","post","type-post","status-publish","format-standard","hentry","category-ogloszenia"],"_links":{"self":[{"href":"https:\/\/parafiatokarnia.pl\/index.php?rest_route=\/wp\/v2\/posts\/12803","targetHints":{"allow":["GET"]}}],"collection":[{"href":"https:\/\/parafiatokarnia.pl\/index.php?rest_route=\/wp\/v2\/posts"}],"about":[{"href":"https:\/\/parafiatokarnia.pl\/index.php?rest_route=\/wp\/v2\/types\/post"}],"author":[{"embeddable":true,"href":"https:\/\/parafiatokarnia.pl\/index.php?rest_route=\/wp\/v2\/users\/4"}],"replies":[{"embeddable":true,"href":"https:\/\/parafiatokarnia.pl\/index.php?rest_route=%2Fwp%2Fv2%2Fcomments&post=12803"}],"version-history":[{"count":1,"href":"https:\/\/parafiatokarnia.pl\/index.php?rest_route=\/wp\/v2\/posts\/12803\/revisions"}],"predecessor-version":[{"id":12804,"href":"https:\/\/parafiatokarnia.pl\/index.php?rest_route=\/wp\/v2\/posts\/12803\/revisions\/12804"}],"wp:attachment":[{"href":"https:\/\/parafiatokarnia.pl\/index.php?rest_route=%2Fwp%2Fv2%2Fmedia&parent=12803"}],"wp:term":[{"taxonomy":"category","embeddable":true,"href":"https:\/\/parafiatokarnia.pl\/index.php?rest_route=%2Fwp%2Fv2%2Fcategories&post=12803"},{"taxonomy":"post_tag","embeddable":true,"href":"https:\/\/parafiatokarnia.pl\/index.php?rest_route=%2Fwp%2Fv2%2Ftags&post=12803"}],"curies":[{"name":"wp","href":"https:\/\/api.w.org\/{rel}","templated":true}]}}