{"id":12722,"date":"2026-03-14T08:40:32","date_gmt":"2026-03-14T08:40:32","guid":{"rendered":"https:\/\/parafiatokarnia.pl\/?p=12722"},"modified":"2026-03-14T08:43:06","modified_gmt":"2026-03-14T08:43:06","slug":"4-niedziela-wielkiego-postu-2026","status":"publish","type":"post","link":"https:\/\/parafiatokarnia.pl\/?p=12722","title":{"rendered":"4. NIEDZIELA WIELKIEGO POSTU 2026"},"content":{"rendered":"<p>Dzi\u0119kujemy mieszka\u0144com roli Kie\u0142tyki za posprz\u0105tanie \u015bwi\u0105tyni, porz\u0105dki wok\u00f3\u0142 niej, zam\u00f3wione msze \u015bw. i za z\u0142o\u017con\u0105 ofiar\u0119 na ko\u015bci\u00f3\u0142. O przygotowanie ko\u015bcio\u0142a w tym tygodniu prosimy mieszka\u0144c\u00f3w roli Durki, kt\u00f3r\u0105 podzielili\u015bmy na 2. cz\u0119\u015bci. <\/p>\n<p>B\u0119dziemy w dalszym ci\u0105gu porz\u0105dkowali teren wok\u00f3\u0142 ko\u015bcio\u0142a przed Niedziel\u0105 Palmow\u0105. Prosimy zatem wzi\u0105\u0107 ze sob\u0105 sprz\u0119t ogrodniczy. Je\u015bli prognozy pogody na weekend oka\u017c\u0105 si\u0119 niekorzystne i b\u0119d\u0105 zapowiada\u0142y deszcz, prosimy aby przyj\u015b\u0107 w ci\u0105gu tygodnia, by pograbi\u0107 li\u015bcie i trawnik. \u015awi\u0105tyni\u0119 wewn\u0105trz, bez wzgl\u0119du na pogod\u0119 mo\u017cna posprz\u0105ta\u0107 w sobot\u0119.<\/p>\n<p>Przy okazji dzi\u0119kujemy Paniom: Ma\u0142gorzacie i Michalinie oraz p. Bogus\u0142awowi i ks. Krzysztofowi za bezinteresown\u0105 prac\u0119 przy wiosennych porz\u0105dkach w ogrodzie parafialnym. To dzi\u0119ki m.in. ich sta\u0142ej determinacji i trosce o wsp\u00f3lne dobro teren wok\u00f3\u0142 \u015bwi\u0105tyni i plebanii jest zadbany, czysty i schludny. W tym tygodniu planujemy przyci\u0105\u0107 r\u00f3\u017ce okrywowe w ogrodzie, wi\u0119c je\u015bli kto\u015b z Pa\u0144stwa jest gotowy do pracy, zapraszamy do wsp\u00f3\u0142pracy.<\/p>\n<p>W zwi\u0105zku ze zbli\u017caj\u0105c\u0105 si\u0119 Niedziel\u0105 Palmow\u0105, uprzejmie prosimy nasze Parafianki o przygotowanie ko\u015bcio\u0142a na uroczysto\u015b\u0107 oraz udekorowanie palmami tokarskimi wn\u0119trze naszej \u015bwi\u0105tyni. <\/p>\n<p>Ofiar\u0119 na ko\u015bci\u00f3\u0142 z\u0142o\u017cy\u0142a R\u00f3\u017ca Wniebowzi\u0119cia NMP i Janina Kluska.<\/p>\n<p>We wtorek o godz. 16.00 spotkanie katechetyczne dla dzieci pierwszokomunijnych. Tak\u017ce we wtorek o godz. 19.15 spotkanie katechetyczne dla kandydat\u00f3w do bierzmowania z klasy 8. Obecno\u015b\u0107 na spotkaniach obowi\u0105zkowa.<\/p>\n<p>W czwartek obchodzimy uroczysto\u015b\u0107 \u015bw. J\u00f3zefa, oblubie\u0144ca NMP.<\/p>\n<p>W pi\u0105tek Droga Krzy\u017cowa o godz. 17.15 i o godz. 19.30. Na to nabo\u017ce\u0144stwo zapraszamy m\u0142odzie\u017c, zw\u0142aszcza przygotowuj\u0105c\u0105 si\u0119 do Sakramentu Bierzmowania.<\/p>\n<p>W najbli\u017csz\u0105 sobot\u0119, tj. 21 marca rozpoczniemy Parafialne Rekolekcje Wielkopostne. Tematem tegorocznych rekolekcji dla doros\u0142ych b\u0119dzie \u201eZnak \u0142aski Bo\u017cej\u201d. Nauki rekolekcyjne wyg\u0142osi o. Waldemar Korba, kapucyn z Tenczyna. Nauki rekolekcyjne dla dzieci poprowadzi ks. Pawe\u0142 Mas\u0142o\u0144, wikariusz z Lubnia.<\/p>\n<p>Sobota, 21 marca 2026<br \/>\ngodz. 8.30 spowied\u017a dla chorych.<br \/>\ngodz. 9.00 msza \u015bwi\u0119ta z nauk\u0105 dla chorych, cierpi\u0105cych i samotnych. Sakrament Namaszczenia Chorych. Sk\u0142adka na mszy \u015bw. przeznaczona na potrzeby rekolekcjonisty<br \/>\nO godz. 10.30 planujemy odwiedziny chorych w ich domach. Zapisy chorych w zakrystii.<br \/>\nGor\u0105ca pro\u015bba, by w dniu dzisiejszym \u2013 zaraz po mszy \u015bw. &#8211; zdeklarowa\u0142o si\u0119 dw\u00f3ch kierowc\u00f3w (jeden z Tokarni, drugi z Wi\u0119cier\u017cy), kt\u00f3rzy zapewni\u0105 kap\u0142anom z Panem Jezusem transport do dom\u00f3w chorych.<br \/>\ngodz. 18.00 msza \u015bwi\u0119ta z nauk\u0105 dla ma\u0142\u017ce\u0144stw. Sk\u0142adka przeznaczona na potrzeby rekolekcjonisty<\/p>\n<p>W sobot\u0119, o godz. 10.30 zbi\u00f3rka kandydat\u00f3w, ministrant\u00f3w i lektor\u00f3w. <\/p>\n<p>Wieczorem, o godz. 19.30 rozpoczniemy kolejny Wiecz\u00f3r Uwielbienia: modlitewne czuwanie z Kr\u00f3low\u0105 Pokoju. W programie: wielbienie Pana \u015bpiewem, medytacja nad S\u0142owem Bo\u017cym oraz indywidualne b\u0142ogos\u0142awie\u0144stwo Naj\u015bwi\u0119tszym Sakramentem.<\/p>\n<p>Niedziela, 22 marca 2026<br \/>\n07.00, 9.00, 11.00 msza \u015bwi\u0119ta z nauk\u0105 og\u00f3ln\u0105.<br \/>\nSpowied\u017a \u015bwi\u0119ta, 20 minut przed ka\u017cd\u0105 msz\u0105 \u015bwi\u0119t\u0105!<br \/>\n14.30 adoracja Naj\u015bwi\u0119tszego Sakramentu, po niej o godz. 15.00 Gorzkie \u017bale, bezpo\u015brednio po nich msza \u015bwi\u0119ta z nauk\u0105 og\u00f3ln\u0105 i nabo\u017ce\u0144stwo do \u015bw. Rity. Sk\u0142adka na Gorzkich \u017balach przeznaczona na kwiaty i dekoracj\u0119 do Bo\u017cego Grobu.<\/p>\n<p>Poniedzia\u0142ek i Wtorek, 23 i 24 marca 2026<br \/>\n07.00 msza \u015bwi\u0119ta z nauk\u0105 og\u00f3ln\u0105<br \/>\n15.30 nauka dla dzieci z klas: od 0 do 3 klasy.<br \/>\n16.30 nauka dla dzieci z klas: od 4 klasy do 6 klasy.<br \/>\n18.00 msza \u015bwi\u0119ta z nauk\u0105 og\u00f3ln\u0105<br \/>\n19.30 nauka dla m\u0142odzie\u017cy, szczeg\u00f3lnie m\u0142odzie\u017cy z klas 7 i 8 (poniedzia\u0142ek, wtorek i \u015broda)<\/p>\n<p>\u015aroda, 25 marca 2026<br \/>\n07.00 msza \u015bwi\u0119ta z nauk\u0105 og\u00f3ln\u0105 i aktem zawierzenia na zako\u0144czenie<br \/>\n16.30 msza \u015bwi\u0119ta z nauk\u0105 na zako\u0144czenie rekolekcji dla dzieci z klas od 0 do 6<br \/>\n18.00 msza \u015bwi\u0119ta z nauk\u0105 og\u00f3ln\u0105 i aktem zawierzenia na zako\u0144czenie<br \/>\n19.30 nauka dla m\u0142odzie\u017cy, szczeg\u00f3lnie m\u0142odzie\u017cy z klas 7 i 8 <\/p>\n<p>We \u015brod\u0119, w dniu zako\u0144czenia rekolekcji \u2013 sk\u0142adka o godz. 7.00 i 18.00 przeznaczona na potrzeby rekolekcjonisty. Plan rekolekcji na stronie internetowej parafii i parafialnym facebooku.<\/p>\n<p>M\u00f3dlmy si\u0119, aby ten szczeg\u00f3lny czas, jakimi s\u0105 rekolekcje umo\u017cliwi\u0142y nam zatrzymanie si\u0119 w codziennym biegu \u017cycia, zastanowienie nad w\u0142asn\u0105 wiar\u0105. Plan rekolekcji znajdziemy na stronie internetowej parafii.<\/p>\n<p>Powstaje w naszej parafii wsp\u00f3lnota modlitewna \u015bw. Rity, kt\u00f3ra b\u0119dzie gromadzi\u0107 si\u0119 na modlitwie ka\u017cdego 22. dnia miesi\u0105ca i szerzy\u0107 jej kult w naszej wsp\u00f3lnocie. Zelatork\u0105 tej grupy jest p. Agata Cudak. Pod ch\u00f3rem wystawiona jest lista, na kt\u00f3r\u0105 mog\u0105 si\u0119 wpisywa\u0107 osoby, kt\u00f3re pragn\u0105 wst\u0105pi\u0107 w szeregi tej modlitewnej grupy. Ufamy, \u017ce duchowa obecno\u015b\u0107 \u015bw. Rity z Roccaporena w naszej parafii stanie si\u0119 dla wielu wiernych \u017ar\u00f3d\u0142em \u0142ask i umocnienia wiary.<\/p>\n<p>Wczoraj, w My\u015blenicach mia\u0142 miejsce Rejonowy Dzie\u0144 Skupienia dla narzeczonych, ma\u0142\u017ce\u0144stw i rodzin. Dzi\u0119kujemy wszystkim, kt\u00f3rzy skorzystali z okazji do wsp\u00f3lnej modlitwy.<\/p>\n<p>Wieczorem, w Sanktuarium \u015bw. Jana Paw\u0142a II kard. Mario Grech, odpowiedzialny za proces synodalny w Ko\u015bciele wraz z kard. Grzegorzem, naszym Pasterzem otworzyli Synod Archidiecezji Krakowskiej. Delegacja naszej parafii, kt\u00f3ra uczestniczy\u0142a w liturgii otrzyma\u0142a egzemplarz dokumentu ko\u0144cowego Synodu biskup\u00f3w, kt\u00f3ry b\u0119dzie stanowi\u0107 podstaw\u0119 do pracy w parafialnym zespole synodalnym. Niebawem poznamy sposoby i metody pracy naszego parafialnego zespo\u0142u synodalnego, do kt\u00f3rego ju\u017c dzisiaj serdecznie zapraszamy.<\/p>\n<p>Przypominamy, \u017ce przez ca\u0142y Wielki Post w ramach akcji \u201ePodziel si\u0119 mi\u0142o\u015bci\u0105\u201d mo\u017cemy sk\u0142ada\u0107 do skarbony &#8211; kt\u00f3ra jest cz\u0119\u015bci\u0105 dekoracji &#8211; nasz\u0105 ja\u0142mu\u017cn\u0119 wielkopostn\u0105, kt\u00f3ra wspomo\u017ce osierocon\u0105 rodzin\u0119 wielodzietn\u0105 w naszej wsp\u00f3lnocie. Pami\u0119tajmy tak\u017ce, \u017ce rozliczaj\u0105c sw\u00f3j PIT, mo\u017cemy przekaza\u0107 1.5% podatku na rzecz naszych ma\u0142ych dzielnych Parafianek: Laury i Idy.<\/p>\n<p>W zakrystii mo\u017cna nabywa\u0107 Baranki \u201eCaritas\u201d na st\u00f3\u0142 wielkanocny.<\/p>\n<p>\u201eDroga Krzy\u017cowa o Zmroku\u201d na Kalwarii Tokarskiej odprawiana jest o godz. 19.00 w ka\u017cd\u0105 sobot\u0119 Wielkiego Postu.<\/p>\n<p>Solenizantkom, Solenizantom tego tygodnia, Czcigodnym Jubilatom sk\u0142adamy najlepsze \u017cyczenia: wielu Bo\u017cych \u0142ask i opieki Pani Tokarskiej na ka\u017cdy dzie\u0144. Wszystkim Go\u015bciom i naszym Parafianom \u017cyczymy b\u0142ogos\u0142awionej niedzieli oraz owocnego prze\u017cywania Wielkiego Postu.<\/p>\n","protected":false},"excerpt":{"rendered":"<p>Dzi\u0119kujemy mieszka\u0144com roli Kie\u0142tyki za posprz\u0105tanie \u015bwi\u0105tyni, porz\u0105dki wok\u00f3\u0142 niej, zam\u00f3wione msze \u015bw. i za z\u0142o\u017con\u0105 ofiar\u0119 na ko\u015bci\u00f3\u0142. O przygotowanie ko\u015bcio\u0142a w tym tygodniu prosimy mieszka\u0144c\u00f3w roli Durki, kt\u00f3r\u0105 podzielili\u015bmy na 2. cz\u0119\u015bci. B\u0119dziemy w dalszym ci\u0105gu porz\u0105dkowali teren wok\u00f3\u0142 ko\u015bcio\u0142a przed Niedziel\u0105 Palmow\u0105. Prosimy zatem wzi\u0105\u0107 ze sob\u0105 sprz\u0119t ogrodniczy. Je\u015bli prognozy pogody [&hellip;]<\/p>\n","protected":false},"author":4,"featured_media":0,"comment_status":"closed","ping_status":"closed","sticky":false,"template":"","format":"standard","meta":{"footnotes":""},"categories":[6],"tags":[],"class_list":["post-12722","post","type-post","status-publish","format-standard","hentry","category-ogloszenia"],"_links":{"self":[{"href":"https:\/\/parafiatokarnia.pl\/index.php?rest_route=\/wp\/v2\/posts\/12722","targetHints":{"allow":["GET"]}}],"collection":[{"href":"https:\/\/parafiatokarnia.pl\/index.php?rest_route=\/wp\/v2\/posts"}],"about":[{"href":"https:\/\/parafiatokarnia.pl\/index.php?rest_route=\/wp\/v2\/types\/post"}],"author":[{"embeddable":true,"href":"https:\/\/parafiatokarnia.pl\/index.php?rest_route=\/wp\/v2\/users\/4"}],"replies":[{"embeddable":true,"href":"https:\/\/parafiatokarnia.pl\/index.php?rest_route=%2Fwp%2Fv2%2Fcomments&post=12722"}],"version-history":[{"count":5,"href":"https:\/\/parafiatokarnia.pl\/index.php?rest_route=\/wp\/v2\/posts\/12722\/revisions"}],"predecessor-version":[{"id":12727,"href":"https:\/\/parafiatokarnia.pl\/index.php?rest_route=\/wp\/v2\/posts\/12722\/revisions\/12727"}],"wp:attachment":[{"href":"https:\/\/parafiatokarnia.pl\/index.php?rest_route=%2Fwp%2Fv2%2Fmedia&parent=12722"}],"wp:term":[{"taxonomy":"category","embeddable":true,"href":"https:\/\/parafiatokarnia.pl\/index.php?rest_route=%2Fwp%2Fv2%2Fcategories&post=12722"},{"taxonomy":"post_tag","embeddable":true,"href":"https:\/\/parafiatokarnia.pl\/index.php?rest_route=%2Fwp%2Fv2%2Ftags&post=12722"}],"curies":[{"name":"wp","href":"https:\/\/api.w.org\/{rel}","templated":true}]}}