{"id":1270,"date":"2015-05-17T06:21:33","date_gmt":"2015-05-17T06:21:33","guid":{"rendered":"https:\/\/parafiatokarnia.pl\/?p=1270"},"modified":"2015-08-13T13:22:14","modified_gmt":"2015-08-13T13:22:14","slug":"7-niedziela-wielkanocna-2","status":"publish","type":"post","link":"https:\/\/parafiatokarnia.pl\/?p=1270","title":{"rendered":"7 NIEDZIELA WIELKANOCNA"},"content":{"rendered":"<p>Dzi\u015b obchodzimy uroczysto\u015b\u0107 Wniebowst\u0105pienia Pa\u0144skiego. W naszej parafii Uroczysto\u015b\u0107 Pierwszej Komunii \u015awi\u0119tej, do kt\u00f3rej przyst\u0119puje 19 dziewczynek i 22 ch\u0142opc\u00f3w. Od poniedzia\u0142ku dzieci rozpoczynaj\u0105 sw\u00f3j Bia\u0142y Tydzie\u0144. Uczestnicz\u0105c w Nabo\u017ce\u0144stwie Majowym i wieczornej Mszy \u015bw. w poniedzia\u0142ek b\u0119d\u0105 modli\u0107 si\u0119 za rodzic\u00f3w, we wtorek za rodzic\u00f3w chrzestnych, we \u015brod\u0119 za rodze\u0144stwo, w czwartek za babcie i dziadk\u00f3w, w pi\u0105tek za nauczycieli, wychowawc\u00f3w i katechet\u00f3w i w sobot\u0119 za swoje kole\u017canki i koleg\u00f3w.<\/p>\n<p>Dzi\u0119kujemy rodzicom dzieci pierwszokomunijnych za przygotowanie \u015bwi\u0105tyni na dzisiejsz\u0105 uroczysto\u015b\u0107. Za porz\u0105dki wok\u00f3\u0142 ko\u015bcio\u0142a; umycie okien i ogrodzenia, przyci\u0119cie trawy, kwiaty, oraz dar ofiarny z\u0142o\u017cony przy okazji I Komunii \u015awi\u0119tej. Tym darem dzieci pierwszokomunijnych jest ewangeliarz, kt\u00f3ry b\u0119dziemy u\u017cywa\u0107 podczas uroczysto\u015bci w naszym ko\u015bciele. Zosta\u0142 te\u017c zam\u00f3wiony nowy baldachim na procesje z Naj\u015bwi\u0119tszym Sakramentem.<\/p>\n<p>Dzi\u0119kuj\u0119 z ca\u0142ego serca ks. Marcinowi &#8211; katechecie i mojemu wsp\u00f3\u0142pracownikowi &#8211; za przygotowanie dzieci do I Komunii \u015awi\u0119tej; za przewodniczenie Eucharystii i jego dotyczchasow\u0105 kap\u0142a\u0144sk\u0105 pos\u0142ug\u0119 duszpastersk\u0105 w parafii.<\/p>\n<p>Wyra\u017cam r\u00f3wnie\u017c swoj\u0105 wdzieczno\u015b\u0107 paniom katechetkom, panu organi\u015bcie, panu ko\u015bcielnemu za pomoc podczas pr\u00f3b dzieci przed I Komuni\u0105 \u015awi\u0119t\u0105. Wszystkim, kt\u00f3rzy w jakikolwiek spos\u00f3b przyczynili si\u0119 do godnego prze\u017cycia dzisiajszej uroczysto\u015bci sk\u0142adam serdeczne: B\u00f3g zap\u0142a\u0107.<\/p>\n<p>Dzi\u0119kujemy p. Tomaszowi Susiowi, wicestaro\u015bcie Powiatu My\u015blenickiego, p. S\u0142awomirowi Kagankowi, Komendantowi Powiatowemu Pa\u0144stwowej Stra\u017cy Po\u017carnej w My\u015blenicach za wypo\u017cyczenie zwy\u017cki, oraz panom: Stanis\u0142awowi Wr\u00f3blowi i jego synowi \u0141ukaszowi za umycie wysokich partii okien w ko\u015bciele.<\/p>\n<p>Dzi\u0119kujemy r\u00f3wnie\u017c wszystkim parafianom za modlitw\u0119 w intencji ofiar trz\u0119sienia ziemi w Nepalu i ofiarno\u015b\u0107 podczas kwesty do puszek. Dzisiejsza sk\u0142adka z racji trzeciej niedzieli miesi\u0105ca przeznaczona na potrzeby ko\u015bcio\u0142a. Za tydzie\u0144 ofiary z tacy przeznaczymy na organizacj\u0119 \u015awiatowych Dni M\u0142odzie\u017cy.<\/p>\n<p>Nabo\u017ce\u0144stwa majowe codziennie o godz. 17.30, a w niedziele i \u015bwi\u0119ta o godz. 15.00.<\/p>\n<p>Rozpoczynamy Dni Modlitw o urodzaje. Zach\u0119camy do licznego udzia\u0142u w tych modlitwach, zw\u0142aszcza, \u017ce kl\u0119ski \u017cywio\u0142owe coraz cz\u0119\u015bciej zdarzaj\u0105 si\u0119 w Polsce, a ludzi g\u0142oduj\u0105cych na ca\u0142ym \u015bwiecie wci\u0105\u017c przybywa.<\/p>\n<p>Za tydzie\u0144 \u2013 uroczysto\u015b\u0107 Zes\u0142ania Ducha \u015awi\u0119tego. Za pobo\u017cne od\u015bpiewanie lub odm\u00f3wienie hymnu: O Stworzycielu Duchu Przyjd\u017a mo\u017cna uzyska\u0107 odpust zupe\u0142ny. Niedziela Zes\u0142ania Ducha \u015awi\u0119tego ko\u0144czy okres wielkanocny w liturgii Ko\u015bcio\u0142a.<\/p>\n<p>&nbsp;<\/p>\n<p>O porz\u0105dki w \u015bwi\u0105tyni w nast\u0119pnym tygodniu prosimy 2 cz\u0119\u015b\u0107 roli J\u0105tyki.<\/p>\n<p>Dzi\u0119kujemy narzeczonym: Janowi i Stanis\u0142awie, Krzysztofowi i Annie, Bart\u0142omiejowi i Joannie, Paw\u0142owi i Katarzynie, Piotrowi i Annie, pa\u0144stwu Marii i Janowi Pawlikom z roli Fu\u0142y, rodzicom Zuzanny Kie\u0142tyki przy okazji chrztu ich dziecka, oraz pa\u0144stwu P\u0142achta i mieszka\u0144com roli Wierdonki za ofiary na potrzeby ko\u015bcio\u0142a.<\/p>\n<p>W ubieg\u0142ym tygodniu przy ko\u015bciele pracowali: z r\u00f3l Fu\u0142y i M\u0142yny: Jan Makuch, Jan Motyka, Tadeusz Le\u015bniak, Piotr Zadora, Stanis\u0142aw Durek, Marek Le\u015bniak, J\u00f3zef Hobot, Roman P\u0119cek, Roman Le\u015bniak, Wojciech P\u0119cek, Wies\u0142aw Pasiowiec.<\/p>\n<p>Wszystkim, kt\u00f3rzy swoj\u0105 prac\u0105, darem ofiarnym, a przede wszystkim modlitw\u0105 wspieraj\u0105 nasze prace, sk\u0142adamy serdeczne: B\u00f3g zap\u0142a\u0107!<\/p>\n<p>W przysz\u0142ym tygodniu do pracy przy parafii zapraszamy po dw\u00f3ch pan\u00f3w z r\u00f3l: Tarn\u00f3w i Przymiarki.<\/p>\n<p>We wtorek pogrzeb + J\u00f3zefa Bogdalczyka o godzinie 13.00. R\u00f3\u017caniec przy trumnie zmar\u0142ego w ko\u015bciele o godz. 12.30. Pole\u0107my naszego brata Mi\u0142osierdziu Bo\u017cemu: Wieczny odpoczynek&#8230;<\/p>\n<p>Razem z b\u0142ogos\u0142awie\u0144stwem przyjmijcie \u017cyczenia dobrego tygodnia i zaproszenie do udzia\u0142u w nabo\u017ce\u0144stwach majowych.<\/p>\n","protected":false},"excerpt":{"rendered":"<p>Dzi\u015b obchodzimy uroczysto\u015b\u0107 Wniebowst\u0105pienia Pa\u0144skiego. W naszej parafii Uroczysto\u015b\u0107 Pierwszej Komunii \u015awi\u0119tej, do kt\u00f3rej przyst\u0119puje 19 dziewczynek i 22 ch\u0142opc\u00f3w. Od poniedzia\u0142ku dzieci rozpoczynaj\u0105 sw\u00f3j Bia\u0142y Tydzie\u0144. Uczestnicz\u0105c w Nabo\u017ce\u0144stwie Majowym i wieczornej Mszy \u015bw. w poniedzia\u0142ek b\u0119d\u0105 modli\u0107 si\u0119 za rodzic\u00f3w, we wtorek za rodzic\u00f3w chrzestnych, we \u015brod\u0119 za rodze\u0144stwo, w czwartek za babcie [&hellip;]<\/p>\n","protected":false},"author":4,"featured_media":0,"comment_status":"closed","ping_status":"closed","sticky":false,"template":"","format":"standard","meta":{"footnotes":""},"categories":[6],"tags":[],"class_list":["post-1270","post","type-post","status-publish","format-standard","hentry","category-ogloszenia"],"_links":{"self":[{"href":"https:\/\/parafiatokarnia.pl\/index.php?rest_route=\/wp\/v2\/posts\/1270","targetHints":{"allow":["GET"]}}],"collection":[{"href":"https:\/\/parafiatokarnia.pl\/index.php?rest_route=\/wp\/v2\/posts"}],"about":[{"href":"https:\/\/parafiatokarnia.pl\/index.php?rest_route=\/wp\/v2\/types\/post"}],"author":[{"embeddable":true,"href":"https:\/\/parafiatokarnia.pl\/index.php?rest_route=\/wp\/v2\/users\/4"}],"replies":[{"embeddable":true,"href":"https:\/\/parafiatokarnia.pl\/index.php?rest_route=%2Fwp%2Fv2%2Fcomments&post=1270"}],"version-history":[{"count":1,"href":"https:\/\/parafiatokarnia.pl\/index.php?rest_route=\/wp\/v2\/posts\/1270\/revisions"}],"predecessor-version":[{"id":1271,"href":"https:\/\/parafiatokarnia.pl\/index.php?rest_route=\/wp\/v2\/posts\/1270\/revisions\/1271"}],"wp:attachment":[{"href":"https:\/\/parafiatokarnia.pl\/index.php?rest_route=%2Fwp%2Fv2%2Fmedia&parent=1270"}],"wp:term":[{"taxonomy":"category","embeddable":true,"href":"https:\/\/parafiatokarnia.pl\/index.php?rest_route=%2Fwp%2Fv2%2Fcategories&post=1270"},{"taxonomy":"post_tag","embeddable":true,"href":"https:\/\/parafiatokarnia.pl\/index.php?rest_route=%2Fwp%2Fv2%2Ftags&post=1270"}],"curies":[{"name":"wp","href":"https:\/\/api.w.org\/{rel}","templated":true}]}}