{"id":12660,"date":"2026-01-31T10:20:03","date_gmt":"2026-01-31T10:20:03","guid":{"rendered":"https:\/\/parafiatokarnia.pl\/?p=12660"},"modified":"2026-01-31T10:21:11","modified_gmt":"2026-01-31T10:21:11","slug":"4-niedziela-zwykla-2026","status":"publish","type":"post","link":"https:\/\/parafiatokarnia.pl\/?p=12660","title":{"rendered":"4. NIEDZIELA ZWYK\u0141A 2026"},"content":{"rendered":"<p>Zmar\u0142a \u015bp. Iwona Parzych z roli Knapy. Pole\u0107my dusz\u0119 naszej Zmar\u0142ej Siostry Bo\u017cemu Mi\u0142osierdziu.<\/p>\n<p>Dzi\u0119kujemy mieszka\u0144com 2. cz\u0119\u015bci Osiedla G\u00f3rnego za posprz\u0105tanie \u015bwi\u0105tyni, zam\u00f3wione msze \u015bw. oraz ofiar\u0119 z\u0142o\u017con\u0105 na ko\u015bci\u00f3\u0142. O przygotowanie ko\u015bcio\u0142a w tym tygodniu prosimy mieszka\u0144c\u00f3w 3. cz\u0119\u015bci tej roli.<\/p>\n<p>Dar materialny na renowacj\u0119 o\u0142tarza bocznego \u015bw. J\u00f3zefa z\u0142o\u017cy\u0142a anonimowa rodzina z roli Szewcy.<\/p>\n<p>Przygotowaniem do Wielkiego Postu jest doroczne 40-godzinne nabo\u017ce\u0144stwo Adoracji Naj\u015bwi\u0119tszego Sakramentu, kt\u00f3re w naszej wsp\u00f3lnocie b\u0119dzie trwa\u0107 przez 3 kolejne niedziele. Dzisiaj, po mszy \u015bw. o godz. 11.00 b\u0119dziemy mieli okazj\u0119, aby przyj\u015b\u0107 i adorowa\u0107 do godz. 15.30 Pana Jezusa obecnego w Naj\u015bwi\u0119tszym Sakramencie O\u0142tarza. Zapraszamy na adoracj\u0119 ca\u0142e rodziny: dzieci i m\u0142odzie\u017c, zw\u0142aszcza przygotowuj\u0105c\u0105 si\u0119 do bierzmowania oraz wszystkie wsp\u00f3lnoty parafialne. Niech Jezus obecny w Naj\u015bwi\u0119tszym Sakramencie przem\u00f3wi do naszych serc.<\/p>\n<p>Jutro obchodzimy \u015bwi\u0119to Ofiarowania Pa\u0144skiego. To dzie\u0144 szczeg\u00f3lnej pami\u0119ci o osobach, kt\u00f3re ca\u0142kowicie ofiarowa\u0142y swoje \u017cycie Panu Bogu. \u015aw. Jan Pawe\u0142 II ustanowi\u0142 ten dzie\u0144 w\u0142a\u015bnie w \u015awi\u0119to Ofiarowania Pa\u0144skiego stwarzaj\u0105c okazj\u0119 do g\u0142\u0119bszej refleksji ca\u0142ego Ko\u015bcio\u0142a nad darem \u017cycia po\u015bwi\u0119conego Bogu. Msze \u015bw. o godz. 7.00, 9.00, 18.00 i 19.30.  Jutro na msz\u0119 \u015bw. o godz. 18.00 zapraszamy dzieci pierwszokomunijne razem z ojcami chrzestnymi. Sk\u0142adka przeznaczona na zakony kontemplacyjne.<\/p>\n<p>W tym tygodniu przypada pierwszy czwartek, pierwszy pi\u0105tek i pierwsza sobota miesi\u0105ca.<br \/>\nW pierwszy czwartek miesi\u0105ca Godzina \u015awi\u0119ta i adoracja Naj\u015bwi\u0119tszego Sakramentu o godzinie 17.00. W tym dniu wspominamy \u015bw. Agat\u0119, dziewic\u0119 i m\u0119czennic\u0119. Zapraszamy do spowiedzi szczeg\u00f3lnie dzieci po Pierwszej Komunii \u015awi\u0119tej oraz m\u0142odzie\u017c przygotowuj\u0105c\u0105 si\u0119 do Sakramentu Bierzmowania, kt\u00f3ry b\u0119dzie mia\u0142 miejsce 25 kwietnia o godz. 18.00.<br \/>\nW pierwszy pi\u0105tek, rano msza \u015bw. wotywna o NSPJ, po niej adoracja oraz modlitwy pierwszopi\u0105tkowe. Spowied\u017a \u015bwi\u0119ta od godziny 16.30. Zach\u0119camy do korzystania ze spowiedzi w ci\u0105gu ca\u0142ego tygodnia. W pi\u0105tek na msz\u0119 \u015bw. o godz. 18.00 zapraszamy kandydat\u00f3w do bierzmowania z klas 6, 7 i 8. Po Eucharystii spotkanie w ko\u015bciele.<br \/>\nW sobot\u0119, po rannej mszy \u015bw. wotywnej o Niepokalanym Sercu NMP r\u00f3\u017caniec wynagradzaj\u0105cy.<\/p>\n<p>Zako\u0144czy\u0142a si\u0119 w naszej Parafii wizyta duszpasterska. Jako duszpasterze wyra\u017camy wdzi\u0119czno\u015b\u0107 za wsp\u00f3ln\u0105 modlitw\u0119, duszpasterskie rozmowy oraz za dzielenie si\u0119 z nami swoimi do\u015bwiadczeniami \u017cyciowymi. Dzi\u0119kujemy tak\u017ce w imieniu S\u0142u\u017cby Ko\u015bcielnej i Liturgicznej za \u017cyczliwo\u015b\u0107, jak i za ka\u017cde dobre, buduj\u0105ce s\u0142owa wdzi\u0119czno\u015bci.<\/p>\n<p>Dzi\u0119kujemy Tym wszystkim, kt\u00f3rzy otworzyli drzwi swoich dom\u00f3w, aby prosi\u0107 o Bo\u017ce B\u0142ogos\u0142awie\u0144stwo. Niech Dobry B\u00f3g za wasz\u0105 chrze\u015bcija\u0144sk\u0105 postaw\u0119 stokro\u0107 wam wynagrodzi w \u017cyciu osobistym, ma\u0142\u017ce\u0144skim i rodzinnym.<\/p>\n<p>B\u00f3g zap\u0142a\u0107 zar\u00f3wno za ofiary sk\u0142adane na potrzeby naszej \u015bwi\u0105tyni, kt\u00f3re w ca\u0142o\u015bci przeznaczymy na doko\u0144czenie planowanych inwestycji oraz utrzymanie ko\u015bcio\u0142a, jak r\u00f3wnie\u017c za ofiary sk\u0142adane potocznie m\u00f3wi\u0105c \u201edla ksi\u0119dza\u201d, kt\u00f3rymi wspieramy: misje, Dom Ksi\u0119\u017cy Chorych w Krakowie-Swoszowicach, Dom Emeryt\u00f3w w Makowie Podhala\u0144skim, jak r\u00f3wnie\u017c 25% z otrzymanych ofiar przekazujemy na utrzymanie Kurii Metropolitalnej w Krakowie.<\/p>\n<p>Nazwiska ofiarodawc\u00f3w, kt\u00f3rzy z\u0142o\u017cyli ofiary na utrzymanie naszej parafii przy okazji wizyty duszpasterskiej:<\/p>\n<p>Ofiar\u0119 na Ko\u015bci\u00f3\u0142 z roli Kluski z\u0142o\u017cyli: rodzin Ralskich, Joanna i Gra\u017cyna Kluska, rodzina Wr\u00f3bl\u00f3w, Osielczak\u00f3w, Jastrz\u0119bskich, Anna Pa\u017adzior z rodzin\u0105, Zofia i Edward Zadora z rodzin\u0105, Stanis\u0142aw Proszek, Zbigniew Kluska z rodzin\u0105, Krzysztof Kluska z rodzin\u0105, Janina Kluska z rodzin\u0105, Piotr Kluska z rodzin\u0105, rodziny Bogda\u0144skich, Bonior\u00f3w, Piosk\u00f3w, Makusk\u00f3w i Gierat\u00f3w, Grzywacz\u00f3w, \u0141opat\u00f3w, Hanusiak\u00f3w i Janiczak\u00f3w oraz dwie rodziny anonimowo.<br \/>\nZ roli Szewcy: rodzina Klusk\u00f3w, Krystyna Niewiadomska, rodziny Osielczak\u00f3w, Radoni\u00f3w, Alina Hanusiak z rodzin\u0105, Pawe\u0142 i Bogumi\u0142a Makusek z rodzin\u0105, rodzina Wietrzyk\u00f3w, Rafa\u0142 Hanusiak  z rodzin\u0105, Aleksandra i Kamil J\u0119drocha, Katarzyna Hanusiak z Andrzejem Hanusiakiem i rodzin\u0105.<\/p>\n<p>Solenizantkom, Solenizantom tego tygodnia, Czcigodnym Jubilatom sk\u0142adamy najlepsze \u017cyczenia: wielu Bo\u017cych \u0142ask oraz opieki Pani Tokarskiej na ka\u017cdy dzie\u0144. Wszystkim Go\u015bciom i naszym Parafianom \u017cyczymy b\u0142ogos\u0142awionej, sp\u0119dzonej w gronie rodzinnym niedzieli i dobrego tygodnia.<\/p>\n","protected":false},"excerpt":{"rendered":"<p>Zmar\u0142a \u015bp. Iwona Parzych z roli Knapy. Pole\u0107my dusz\u0119 naszej Zmar\u0142ej Siostry Bo\u017cemu Mi\u0142osierdziu. Dzi\u0119kujemy mieszka\u0144com 2. cz\u0119\u015bci Osiedla G\u00f3rnego za posprz\u0105tanie \u015bwi\u0105tyni, zam\u00f3wione msze \u015bw. oraz ofiar\u0119 z\u0142o\u017con\u0105 na ko\u015bci\u00f3\u0142. O przygotowanie ko\u015bcio\u0142a w tym tygodniu prosimy mieszka\u0144c\u00f3w 3. cz\u0119\u015bci tej roli. Dar materialny na renowacj\u0119 o\u0142tarza bocznego \u015bw. J\u00f3zefa z\u0142o\u017cy\u0142a anonimowa rodzina z [&hellip;]<\/p>\n","protected":false},"author":4,"featured_media":0,"comment_status":"closed","ping_status":"closed","sticky":false,"template":"","format":"standard","meta":{"footnotes":""},"categories":[6],"tags":[],"class_list":["post-12660","post","type-post","status-publish","format-standard","hentry","category-ogloszenia"],"_links":{"self":[{"href":"https:\/\/parafiatokarnia.pl\/index.php?rest_route=\/wp\/v2\/posts\/12660","targetHints":{"allow":["GET"]}}],"collection":[{"href":"https:\/\/parafiatokarnia.pl\/index.php?rest_route=\/wp\/v2\/posts"}],"about":[{"href":"https:\/\/parafiatokarnia.pl\/index.php?rest_route=\/wp\/v2\/types\/post"}],"author":[{"embeddable":true,"href":"https:\/\/parafiatokarnia.pl\/index.php?rest_route=\/wp\/v2\/users\/4"}],"replies":[{"embeddable":true,"href":"https:\/\/parafiatokarnia.pl\/index.php?rest_route=%2Fwp%2Fv2%2Fcomments&post=12660"}],"version-history":[{"count":3,"href":"https:\/\/parafiatokarnia.pl\/index.php?rest_route=\/wp\/v2\/posts\/12660\/revisions"}],"predecessor-version":[{"id":12663,"href":"https:\/\/parafiatokarnia.pl\/index.php?rest_route=\/wp\/v2\/posts\/12660\/revisions\/12663"}],"wp:attachment":[{"href":"https:\/\/parafiatokarnia.pl\/index.php?rest_route=%2Fwp%2Fv2%2Fmedia&parent=12660"}],"wp:term":[{"taxonomy":"category","embeddable":true,"href":"https:\/\/parafiatokarnia.pl\/index.php?rest_route=%2Fwp%2Fv2%2Fcategories&post=12660"},{"taxonomy":"post_tag","embeddable":true,"href":"https:\/\/parafiatokarnia.pl\/index.php?rest_route=%2Fwp%2Fv2%2Ftags&post=12660"}],"curies":[{"name":"wp","href":"https:\/\/api.w.org\/{rel}","templated":true}]}}