{"id":12646,"date":"2026-01-26T00:36:23","date_gmt":"2026-01-26T00:36:23","guid":{"rendered":"https:\/\/parafiatokarnia.pl\/?p=12646"},"modified":"2026-01-17T15:36:35","modified_gmt":"2026-01-17T15:36:35","slug":"26-stycznia-2026-do-1-lutego-2026","status":"publish","type":"post","link":"https:\/\/parafiatokarnia.pl\/?p=12646","title":{"rendered":"26 stycznia 2026 do 1 lutego 2026"},"content":{"rendered":"<p>Poniedzia\u0142ek 26 STYCZNIA 2026<br \/>\n07:00 + Czes\u0142awa (f.) Gwi\u017cd\u017c<br \/>\n18:00 + Tadeusz Romaniak \u2013 1. rocznica \u015bmierci<\/p>\n<p>Wtorek 27 STYCZNIA 2026<br \/>\n07:00<br \/>\n18:00 + Czes\u0142awa (f.) Gwi\u017cd\u017c<\/p>\n<p>\u015aroda 28 STYCZNIA 2026<br \/>\n07:00 + Czes\u0142awa (f.) Gwi\u017cd\u017c<br \/>\n18:00 Za Parafian<\/p>\n<p>Czwartek 29 STYCZNIA 2026<br \/>\n07:00<br \/>\n18:00 + Czes\u0142awa (f.) Gwi\u017cd\u017c<\/p>\n<p>Pi\u0105tek 30 STYCZNIA 2026<br \/>\n07:00 + Czes\u0142awa (f.) Gwi\u017cd\u017c<br \/>\n18:00 Za Zmar\u0142ych<\/p>\n<p>Sobota 31 STYCZNIA 2026<br \/>\n07:00 + Bronis\u0142awa (f.) Pindel<br \/>\n18:00 + Czes\u0142awa (f.) Gwi\u017cd\u017c<\/p>\n<p>Niedziela 1 LUTEGO 2026<br \/>\n07:00 + J\u00f3zef Hobot + Zofia, \u017cona + Stanis\u0142aw, syn<br \/>\n09:00 W podzi\u0119kowaniu za otrzymane \u0142aski, z pro\u015bb\u0105 o dalsze Bo\u017ce b\u0142ogos\u0142awie\u0144stwo i opiek\u0119 Matki Bo\u017cej \u015anie\u017cnej dla Anieli i J\u00f3zefa Zaj\u0105c\u00f3w z okazji 45. rocznicy \u015blubu i w 70. rocznic\u0119 urodzin Anieli<br \/>\n11:00 W podzi\u0119kowaniu za otrzymane \u0142aski, z pro\u015bb\u0105 o dalsze Bo\u017ce b\u0142ogos\u0142awie\u0144stwo i opiek\u0119 Matki Bo\u017cej \u015anie\u017cnej, Opiekunki dzieci dla Artusia z okazji 1. rocznicy urodzin<br \/>\n15:30 Za dusze w czy\u015b\u0107cu cierpi\u0105ce<\/p>\n","protected":false},"excerpt":{"rendered":"<p>Poniedzia\u0142ek 26 STYCZNIA 2026 07:00 + Czes\u0142awa (f.) Gwi\u017cd\u017c 18:00 + Tadeusz Romaniak \u2013 1. rocznica \u015bmierci Wtorek 27 STYCZNIA 2026 07:00 18:00 + Czes\u0142awa (f.) Gwi\u017cd\u017c \u015aroda 28 STYCZNIA 2026 07:00 + Czes\u0142awa (f.) Gwi\u017cd\u017c 18:00 Za Parafian Czwartek 29 STYCZNIA 2026 07:00 18:00 + Czes\u0142awa (f.) Gwi\u017cd\u017c Pi\u0105tek 30 STYCZNIA 2026 07:00 + [&hellip;]<\/p>\n","protected":false},"author":4,"featured_media":0,"comment_status":"closed","ping_status":"closed","sticky":false,"template":"","format":"standard","meta":{"footnotes":""},"categories":[22],"tags":[],"class_list":["post-12646","post","type-post","status-publish","format-standard","hentry","category-intencje"],"_links":{"self":[{"href":"https:\/\/parafiatokarnia.pl\/index.php?rest_route=\/wp\/v2\/posts\/12646","targetHints":{"allow":["GET"]}}],"collection":[{"href":"https:\/\/parafiatokarnia.pl\/index.php?rest_route=\/wp\/v2\/posts"}],"about":[{"href":"https:\/\/parafiatokarnia.pl\/index.php?rest_route=\/wp\/v2\/types\/post"}],"author":[{"embeddable":true,"href":"https:\/\/parafiatokarnia.pl\/index.php?rest_route=\/wp\/v2\/users\/4"}],"replies":[{"embeddable":true,"href":"https:\/\/parafiatokarnia.pl\/index.php?rest_route=%2Fwp%2Fv2%2Fcomments&post=12646"}],"version-history":[{"count":1,"href":"https:\/\/parafiatokarnia.pl\/index.php?rest_route=\/wp\/v2\/posts\/12646\/revisions"}],"predecessor-version":[{"id":12647,"href":"https:\/\/parafiatokarnia.pl\/index.php?rest_route=\/wp\/v2\/posts\/12646\/revisions\/12647"}],"wp:attachment":[{"href":"https:\/\/parafiatokarnia.pl\/index.php?rest_route=%2Fwp%2Fv2%2Fmedia&parent=12646"}],"wp:term":[{"taxonomy":"category","embeddable":true,"href":"https:\/\/parafiatokarnia.pl\/index.php?rest_route=%2Fwp%2Fv2%2Fcategories&post=12646"},{"taxonomy":"post_tag","embeddable":true,"href":"https:\/\/parafiatokarnia.pl\/index.php?rest_route=%2Fwp%2Fv2%2Ftags&post=12646"}],"curies":[{"name":"wp","href":"https:\/\/api.w.org\/{rel}","templated":true}]}}