{"id":1263,"date":"2015-06-07T06:13:30","date_gmt":"2015-06-07T06:13:30","guid":{"rendered":"https:\/\/parafiatokarnia.pl\/?p=1263"},"modified":"2015-08-13T13:14:08","modified_gmt":"2015-08-13T13:14:08","slug":"10-niedziela-zwykla","status":"publish","type":"post","link":"https:\/\/parafiatokarnia.pl\/?p=1263","title":{"rendered":"10 NIEDZIELA ZWYK\u0141A"},"content":{"rendered":"<p>Dzi\u015b I Niedziela czerwca, zamiast homilii adoracja Naj\u015bwi\u0119tszego Sakramentu.<\/p>\n<p>Trwa Oktawa Bo\u017cego Cia\u0142a. Codziennie przed Msz\u0105 \u015bw. wieczorn\u0105 procesja wok\u00f3\u0142 ko\u015bcio\u0142a z Naj\u015bwi\u0119tszym Sakramentem.<\/p>\n<p>Dzi\u0119kujemy mieszka\u0144com roli Osiedle, Per\u0142y, Pawlaki, J\u0105tyki, Dzio\u0142ki, Kie\u0142tyki, Wierdonki, oraz czcicielom Naj\u015bwi\u0119tszego Serca Pana Jezusa za przygotowanie pi\u0119knych czerech o\u0142tarzy na procesj\u0119 Bo\u017cego Cia\u0142a. Dzi\u0119kujemy dziewczynkom, kt\u00f3re sypa\u0142y kwiaty przed Naj\u015bwi\u0119tszym Sakramentem; ch\u0142opcom z dzwoneczkami; dzieciom w strojach komunijnych; pocztom sztandarowym: Honorowej Stra\u017cy Pana Jezusa, Ochotniczej Stra\u017cy Po\u017carnej, Gimnazjum, Szk\u00f3\u0142 Podstawowych z Wi\u0119cier\u017cy i Tokarni; kobietom i dziewcz\u0119tom nios\u0105cym feretrony i figury, stra\u017cakom nios\u0105cym baldachim, pozosta\u0142ym stra\u017cakom w mundurach galowych; naszej orkiestrze, Kliszczakom w strojach regionalych. Dzi\u0119kujemy za udekorowanie trasy procesyjnej i okien dom\u00f3w na trasie procesji, a przede wszystkim wszystkim za pe\u0142ny udzia\u0142 w Eucharystii i tak liczn\u0105 obecno\u015b\u0107.<\/p>\n<p>Dzi\u0119kujemy za zam\u00f3wion\u0105 intencj\u0119 Mszy \u015bw. od mieszka\u0144c\u00f3w Osiedla; oraz za ofiar\u0119 na ko\u015bci\u00f3\u0142 od mieszka\u0144c\u00f3w Osiedla, od r\u00f3l Per\u0142y, Pawlaki, Dzio\u0142ki, Kie\u0142tyki i cz\u0142onk\u00f3w Stra\u017cy Honorowej Pana Jezusa.<\/p>\n<p>Dzi\u0119kujemy panu Dariuszowi Hanusiakowi (kt\u00f3ry oddelegowa\u0142 swojego pracownika) za skoszenie trawy przy ko\u015bciole przed Uroczysto\u015bci\u0105 Bo\u017cego Cia\u0142a.<\/p>\n<p>Dzi\u0119kujemy panu Edwardowi Osielczakowi za przegl\u0105d instalacji sanitarnej na plebanii i w salce duszpasterskiej i wykonane naprawy.<\/p>\n<p>W poniedzia\u0142ek przypada wspomnienie \u015bw. Jadwigi Kr\u00f3lowej. \u015awi\u0119ta Jadwiga jest patronk\u0105 Papieskiego Uniwersytetu Jana Paw\u0142a II i scholi liturgicznych. Z tej racji sk\u0142adamy najlepsze \u017cyczenia naszym scholistkom i scholistom, dzi\u0119kuj\u0105c jednocze\u015bnie za ich pi\u0119kny \u015bpiew na Mszach \u015bw. w naszym ko\u015bciele. Pomimo, \u017ce maj\u0105 ju\u017c du\u017co nagr\u00f3d na swoim koncie, \u017cyczymy jeszcze wielu presti\u017cowych trofe\u00f3w na przegl\u0105dach piosenek religijnych.<\/p>\n<p>Zako\u0144czenie Oktawy, we czwartek 14 czerwca z uroczyst\u0105 procesj\u0105 przed Msz\u0105 \u015bw. wieczorn\u0105. Przynie\u015bmy tego dnia do po\u015bwi\u0119cenia wianki z kwiat\u00f3w i zi\u00f3\u0142 leczniczych. B\u0119dziemy prosi\u0107, aby B\u00f3g swoj\u0105 opiek\u0105 otacza\u0142 pola, \u0142\u0105ki, lasy, nasze dzia\u0142ki i ogrody, strzeg\u0142 je, oraz pozwoli\u0142 im wyda\u0107 obfite owoce dla naszego dobra. Po Mszy \u015bw. obrz\u0119d b\u0142ogos\u0142awie\u0144stwa dzieci.<\/p>\n<p>W pi\u0105tek, Uroczysto\u015b\u0107 Naj\u015bwi\u0119tszego Serca Pana Jezusa. W tym dniu przypada \u015awiatowy Dzie\u0144 Modlitw o U\u015bwi\u0119cenie Kap\u0142an\u00f3w. Z racji uroczysto\u015bci w tym dniu nie ma postu.<\/p>\n<p>W sobot\u0119 przypada wspomnienie Niepokalanego Serca Naj\u015bwi\u0119tszej Maryi Panny.<\/p>\n<p>Dzi\u0119kujemy mieszka\u0144com pierwszej cz\u0119\u015bci roli Durki za posprz\u0105tanie ko\u015bcio\u0142a, za kwiaty oraz za z\u0142o\u017con\u0105 ofiar\u0119 materialn\u0105. O porz\u0105dki w \u015bwi\u0105tyni w nast\u0119pnym tygodniu prosimy mieszka\u0144c\u00f3w drugiej cz\u0119\u015bci tej roli.<\/p>\n<p>W tym tygodniu przy ko\u015bciele pracowali z roli Florki: pani Teresa Hans; z roli \u0141ocki: pan Franciszek Pustelnik, pan Tadeusz Zadora, Zbigniew Wojtasik; z roli Morgi: pan Grzegorz Pustelnik; z roli Luberdy: pan Boles\u0142aw Luberda, pan Tadeusz Luberda, pan Janusz Luberda i Bronis\u0142aw Luberda.<\/p>\n<p>W tym tygodniu zapraszamy do pracy po dw\u00f3ch m\u0119\u017cczyzn z r\u00f3l: Domy pod Lasem, Przysop, Dzia\u0142 Ni\u017cny i Wy\u017cny. B\u0119dziemy w dalszym ci\u0105gu czy\u015bci\u0107 i malowa\u0107 prz\u0119s\u0142a ogrodzenia wok\u00f3\u0142 ko\u015bcio\u0142a, kt\u00f3re s\u0105 ju\u017c mocno skorodowane.<\/p>\n<p>Wszystkim parafianom, kt\u00f3rzy swoj\u0105 modlitw\u0105, oraz darem materialnym wspieraj\u0105 nasze inwestycje prowadzone przy ko\u015bciele i parafii z ca\u0142ego serca dzi\u0119kujemy.<\/p>\n<p>20 czerwca organizowana jest Pielgrzymka Arcybractwa Stra\u017cy Honorowej NSPJ do Cz\u0119stochowy. Zapisy u p. Anny Hanusiak.<\/p>\n<p>24 czerwca organizujemy Pielgrzymk\u0119 do Zubrzycy G\u00f3rnej do starego ko\u015bci\u00f3\u0142ka. W programie m.in. Msza \u015bw. w intencji zmar\u0142ych kap\u0142an\u00f3w pracuj\u0105cych w nasze parafii: ks. W\u0142adys\u0142awa, ks. Jana i ks. Jerzego. Zapisy u p. Anny Hanusiak.<\/p>\n<p>Powstaje strona internetowa naszej parafii. W zwi\u0105zku z tym, poszukujemy zdj\u0119\u0107 dobrej jako\u015bci naszego drewnianego ko\u015bci\u00f3\u0142ka, Tokarskiej Kalwarii, z tegorocznej Niedzieli Palmowej, Bo\u017cego Grobu, z uroczysto\u015bci 1 Komunii \u015awietej, procesji Bo\u017cego Cia\u0142a. Dysponujemy pendriv&#8217;ami, na kt\u00f3rych b\u0119dzie mo\u017cna zgrywa\u0107 wybrane zdj\u0119cia. Informacje w zakrystii.<\/p>\n<p>W dniu dzisiejszym po Mszach \u015bw. wolontariusze Komitetu \u201eStop Aborcji\u201d zbieraj\u0105 podpisy pod projektem wprowadzajacym ca\u0142kowity zakaz aborcji. Zach\u0119camy wszystkich do z\u0142o\u017cenia podpisu w obronie \u017cycia.<\/p>\n<p>Wszystkim \u017cyczymy b\u0142ogos\u0142awionego tygodnia i potrzebnych dar\u00f3w nieba na ka\u017cdy dzie\u0144.<\/p>\n","protected":false},"excerpt":{"rendered":"<p>Dzi\u015b I Niedziela czerwca, zamiast homilii adoracja Naj\u015bwi\u0119tszego Sakramentu. Trwa Oktawa Bo\u017cego Cia\u0142a. Codziennie przed Msz\u0105 \u015bw. wieczorn\u0105 procesja wok\u00f3\u0142 ko\u015bcio\u0142a z Naj\u015bwi\u0119tszym Sakramentem. Dzi\u0119kujemy mieszka\u0144com roli Osiedle, Per\u0142y, Pawlaki, J\u0105tyki, Dzio\u0142ki, Kie\u0142tyki, Wierdonki, oraz czcicielom Naj\u015bwi\u0119tszego Serca Pana Jezusa za przygotowanie pi\u0119knych czerech o\u0142tarzy na procesj\u0119 Bo\u017cego Cia\u0142a. Dzi\u0119kujemy dziewczynkom, kt\u00f3re sypa\u0142y kwiaty przed [&hellip;]<\/p>\n","protected":false},"author":4,"featured_media":0,"comment_status":"closed","ping_status":"closed","sticky":false,"template":"","format":"standard","meta":{"footnotes":""},"categories":[6],"tags":[],"class_list":["post-1263","post","type-post","status-publish","format-standard","hentry","category-ogloszenia"],"_links":{"self":[{"href":"https:\/\/parafiatokarnia.pl\/index.php?rest_route=\/wp\/v2\/posts\/1263","targetHints":{"allow":["GET"]}}],"collection":[{"href":"https:\/\/parafiatokarnia.pl\/index.php?rest_route=\/wp\/v2\/posts"}],"about":[{"href":"https:\/\/parafiatokarnia.pl\/index.php?rest_route=\/wp\/v2\/types\/post"}],"author":[{"embeddable":true,"href":"https:\/\/parafiatokarnia.pl\/index.php?rest_route=\/wp\/v2\/users\/4"}],"replies":[{"embeddable":true,"href":"https:\/\/parafiatokarnia.pl\/index.php?rest_route=%2Fwp%2Fv2%2Fcomments&post=1263"}],"version-history":[{"count":1,"href":"https:\/\/parafiatokarnia.pl\/index.php?rest_route=\/wp\/v2\/posts\/1263\/revisions"}],"predecessor-version":[{"id":1264,"href":"https:\/\/parafiatokarnia.pl\/index.php?rest_route=\/wp\/v2\/posts\/1263\/revisions\/1264"}],"wp:attachment":[{"href":"https:\/\/parafiatokarnia.pl\/index.php?rest_route=%2Fwp%2Fv2%2Fmedia&parent=1263"}],"wp:term":[{"taxonomy":"category","embeddable":true,"href":"https:\/\/parafiatokarnia.pl\/index.php?rest_route=%2Fwp%2Fv2%2Fcategories&post=1263"},{"taxonomy":"post_tag","embeddable":true,"href":"https:\/\/parafiatokarnia.pl\/index.php?rest_route=%2Fwp%2Fv2%2Ftags&post=1263"}],"curies":[{"name":"wp","href":"https:\/\/api.w.org\/{rel}","templated":true}]}}