{"id":1253,"date":"2015-07-12T00:58:10","date_gmt":"2015-07-12T00:58:10","guid":{"rendered":"https:\/\/parafiatokarnia.pl\/?p=1253"},"modified":"2015-08-13T13:00:13","modified_gmt":"2015-08-13T13:00:13","slug":"15-niedziela-zwykla","status":"publish","type":"post","link":"https:\/\/parafiatokarnia.pl\/?p=1253","title":{"rendered":"15 NIEDZIELA ZWYK\u0141A"},"content":{"rendered":"<p>W dzisiejsz\u0105 niedziel\u0119 go\u015bcimy w naszej parafii ks. Eugeniusza \u0141abiaka, kap\u0142ana Archidiecezji Lwowskiej, proboszcza parafii Naj\u015bwi\u0119tszego Serca Pana Jezusa w Kutach na Ukrainie. Po Mszach \u015bw. przed ko\u015bcio\u0142em b\u0119dzie mo\u017cna z\u0142o\u017cy\u0107 do puszek dobrowoln\u0105 ofiar\u0119 na cele remontowe ko\u015bcio\u0142a w Kutach.<\/p>\n<p>Lipiec jest miesi\u0105cem po\u015bwi\u0119conym Najdro\u017cszej Krwi Chrystusa Pana. Odmawiajmy w naszych rodzinach t\u0119 modlitw\u0119, albowiem \u2013 jak obiecuje Jezus &#8211; Ci, kt\u00f3rzy z g\u0142\u0119bokim nabo\u017ce\u0144stwem i szacunkiem czcz\u0105 Najdro\u017csz\u0105 Krew osi\u0105gn\u0105 ju\u017c na tym \u015bwiecie s\u0142odki przedsmak Nieba, a w swoim sercu odczuj\u0105 g\u0142\u0119boki pok\u00f3j.<\/p>\n<p>Nasza parafia we wsp\u00f3\u0142pracy ze Szkolnym Ko\u0142em Caritas dzia\u0142aj\u0105cym przy Szkole Podstawowej w Tokarni zorganizowa\u0142y jednodniow\u0105, bardzo atrakcyj\u0105 wycieczk\u0119 wakacyjn\u0105 dla wolontariuszy Szkolnego Ko\u0142a Caritas, oraz dzieci rodzin wielodzietnych. W wyje\u017adzie wzi\u0119\u0142o udzia\u0142 czterdzie\u015bcioro pi\u0119cioro dzieci z opiekunami. Bardzo serdecznie dzi\u0119kuj\u0119 p. Marii Papie\u017c, Jolancie Kie\u0142tyce i Ma\u0142gorzacie Majerek za zorganizowanie tego wyjazdu i trosk\u0119 nad bezpiecze\u0144stwem dzieci. Dzi\u0119kuj\u0119 p. Stanis\u0142awowi Filipkowi za sfinansowanie i wyposa\u017cenie dzieci w drugie \u015bniadanie. Nagrod\u0105 dla wszystkich, kt\u00f3rzy pomogli niech b\u0119dzie rado\u015b\u0107 i u\u015bmiech dzieci.<\/p>\n<p>W czasie wakacji Msza \u015bw. w tygodniu odprawiana jest wieczorem o godzinie 18.00.<\/p>\n<p>Dzi\u0119kujemy za ofiar\u0119 na ko\u015bci\u00f3\u0142 p. Mateuszowi Ralskiemu, oraz pewnej rodzinie z Krakowa.<\/p>\n<p>Dzi\u0119kujemy mieszka\u0144com roli Molusy za posprz\u0105tanie ko\u015bcio\u0142a, oraz za kwiaty. O porz\u0105dki w nast\u0119pnym tygodniu prosimy mieszka\u0144c\u00f3w roli Guz\u00f3wka.<\/p>\n<p>Dzi\u0119kujemy rodzinie Morus\u00f3w i mieszka\u0144com Domy pod Lasem za z\u0142o\u017con\u0105 intencj\u0119 Mszy \u015bw. z racji nawiedzenie ich dom\u00f3w przez symbole \u015awiatowych Dni M\u0142odzie\u017cy.<\/p>\n<p>Dzi\u0119kujemy p. Dariuszowi Hanusiakowi, p. Tadeuszowi J\u0105tyce, p. Zdzis\u0142awowi J\u0105tyce, p. Romanowi i Marcinowi Paryle za bezp\u0142atny transport po jednym du\u017cym aucie ofiarowanej ziemi do ogrodu, oraz p. Rafa\u0142owi Hanusiakowi za dwa du\u017ce samochody z ziemi\u0105.<\/p>\n<p>W ubieg\u0142ym tygodniu przy ko\u015bciele pracowali z roli Domy pod Lasem: Franciszek Proszek, z roli Blychy i Osiedle: Pawe\u0142 Hanusiak, Piotr Hanusiak, Bronis\u0142aw Hanusiak, J\u00f3zef Gwi\u017cd\u017c, Jan Kotlarczyk, Stanis\u0142aw Pasiowiec, Bart\u0142omiej Derewecki, Krzysztof Makusek, Mateusz Makusek, Krystyna Romaniak, Anna Pa\u017adzior, Leon Rado\u0144, Tadeusz Zdu\u0144, Zofia Flaga, Adrian Jarz\u0105bek.<\/p>\n<p>W tym tygodniu zapraszamy do pracy po czterech m\u0119\u017cczyzn z roli Nad Kacprem, J\u0105tyki i Dzio\u0142ki. Chcemy rozwie\u017a\u0107 ziemi\u0119 i wyplantowa\u0107 teren pod ogr\u00f3d przed plabiani\u0105.<\/p>\n<p>W poniedzia\u0142ek o godzinie 14.00 odb\u0119dzie si\u0119 pogrzeb \u015b.p. Jana Zadory. Modlitwa r\u00f3\u017ca\u0144cowa przy trumnie zmar\u0142ego w ko\u015bciele o godzinie 13.30. M\u00f3dlmy si\u0119 za naszego zmar\u0142ego parafianina. Wieczny odpoczynek&#8230;<\/p>\n<p>Wszystkim \u017cyczymy dobrych wakacji, prze\u017cytych rado\u015bnie, bezpiecznie, ale i w stanie \u0141aski U\u015bwi\u0119caj\u0105cej. Razem z b\u0142ogos\u0142awie\u0144stwem, przyjmijcie \u017cyczenia dobrego tygodnia.<\/p>\n","protected":false},"excerpt":{"rendered":"<p>W dzisiejsz\u0105 niedziel\u0119 go\u015bcimy w naszej parafii ks. Eugeniusza \u0141abiaka, kap\u0142ana Archidiecezji Lwowskiej, proboszcza parafii Naj\u015bwi\u0119tszego Serca Pana Jezusa w Kutach na Ukrainie. Po Mszach \u015bw. przed ko\u015bcio\u0142em b\u0119dzie mo\u017cna z\u0142o\u017cy\u0107 do puszek dobrowoln\u0105 ofiar\u0119 na cele remontowe ko\u015bcio\u0142a w Kutach. Lipiec jest miesi\u0105cem po\u015bwi\u0119conym Najdro\u017cszej Krwi Chrystusa Pana. Odmawiajmy w naszych rodzinach t\u0119 modlitw\u0119, [&hellip;]<\/p>\n","protected":false},"author":4,"featured_media":0,"comment_status":"closed","ping_status":"closed","sticky":false,"template":"","format":"standard","meta":{"footnotes":""},"categories":[6],"tags":[],"class_list":["post-1253","post","type-post","status-publish","format-standard","hentry","category-ogloszenia"],"_links":{"self":[{"href":"https:\/\/parafiatokarnia.pl\/index.php?rest_route=\/wp\/v2\/posts\/1253","targetHints":{"allow":["GET"]}}],"collection":[{"href":"https:\/\/parafiatokarnia.pl\/index.php?rest_route=\/wp\/v2\/posts"}],"about":[{"href":"https:\/\/parafiatokarnia.pl\/index.php?rest_route=\/wp\/v2\/types\/post"}],"author":[{"embeddable":true,"href":"https:\/\/parafiatokarnia.pl\/index.php?rest_route=\/wp\/v2\/users\/4"}],"replies":[{"embeddable":true,"href":"https:\/\/parafiatokarnia.pl\/index.php?rest_route=%2Fwp%2Fv2%2Fcomments&post=1253"}],"version-history":[{"count":1,"href":"https:\/\/parafiatokarnia.pl\/index.php?rest_route=\/wp\/v2\/posts\/1253\/revisions"}],"predecessor-version":[{"id":1254,"href":"https:\/\/parafiatokarnia.pl\/index.php?rest_route=\/wp\/v2\/posts\/1253\/revisions\/1254"}],"wp:attachment":[{"href":"https:\/\/parafiatokarnia.pl\/index.php?rest_route=%2Fwp%2Fv2%2Fmedia&parent=1253"}],"wp:term":[{"taxonomy":"category","embeddable":true,"href":"https:\/\/parafiatokarnia.pl\/index.php?rest_route=%2Fwp%2Fv2%2Fcategories&post=1253"},{"taxonomy":"post_tag","embeddable":true,"href":"https:\/\/parafiatokarnia.pl\/index.php?rest_route=%2Fwp%2Fv2%2Ftags&post=1253"}],"curies":[{"name":"wp","href":"https:\/\/api.w.org\/{rel}","templated":true}]}}