{"id":12501,"date":"2025-12-13T09:57:50","date_gmt":"2025-12-13T09:57:50","guid":{"rendered":"https:\/\/parafiatokarnia.pl\/?p=12501"},"modified":"2025-12-13T15:19:23","modified_gmt":"2025-12-13T15:19:23","slug":"12501","status":"publish","type":"post","link":"https:\/\/parafiatokarnia.pl\/?p=12501","title":{"rendered":"3. NIEDZIELA ADWENTU"},"content":{"rendered":"<p>Dzi\u0119kujemy mieszka\u0144com roli Dzia\u0142 Ni\u017cny za posprz\u0105tanie \u015bwi\u0105tyni, porz\u0105dki wok\u00f3\u0142 niej; za ofiar\u0119 z\u0142o\u017con\u0105 na ko\u015bci\u00f3\u0142 oraz zam\u00f3wione msze \u015bw. pi\u0105tkowe. O przygotowanie ko\u015bcio\u0142a w tym tygodniu prosimy mieszka\u0144c\u00f3w roli Jurczaki.<\/p>\n<p>Dzisiaj 3. Niedziela Adwentu, zwana Gaudete. W kalendarzu liturgicznym wspomnienie \u015bw. Jana od Krzy\u017ca, prezbitera i Doktora Ko\u015bcio\u0142a. W 3. tygodniu Adwentu przypadaj\u0105 kwartalne dni modlitw o \u017cycie chrze\u015bcija\u0144skie rodzin.<\/p>\n<p>Ofiar\u0119 na ko\u015bci\u00f3\u0142 z\u0142o\u017cyli: Rozalia Halek, Maria Hobot, Michalina Kostecka i Jadwiga S\u0142onina. Dar materialny na renowacj\u0119 o\u0142tarza bocznego \u015bw. J\u00f3zefa z\u0142o\u017cy\u0142a anonimowa rodzina.<\/p>\n<p>W zakrystii mo\u017cna naby\u0107 \u015bwiece Caritas. Mo\u017cna tak\u017ce nabywa\u0107 po\u015bwi\u0119cone op\u0142atki na st\u00f3\u0142 wigilijny.<\/p>\n<p>W ubieg\u0142\u0105 niedziel\u0119 nasza parafia zorganizowa\u0142a po raz trzeci \u201eKiermasz Dobroczynny dla Lenki\u201d. Uzbierali\u015bmy 34.120 z\u0142. Dzi\u0119kujemy wszystkim zaanga\u017cowanym w przygotowanie i organizacj\u0119 kiermaszu dobroczynnego dla Lenki.<\/p>\n<p>W zwi\u0105zku z powsta\u0142ym wakatem, po cz\u0142onku \u201ez urz\u0119du\u201d, kt\u00f3rym by\u0142a p. Bo\u017cena Smolak, katechetka, zachodzi potrzeba uzupe\u0142nienia sk\u0142adu Rady.<\/p>\n<p>Dzisiaj, po mszach \u015bwi\u0119tych b\u0119d\u0105 wydawane karty wyborcze. Karty otrzymuj\u0105 i wype\u0142niaj\u0105 tylko osoby pe\u0142noletnie, nale\u017c\u0105ce do naszej parafii. Na karcie wypisujemy: imi\u0119 i nazwisko kandydatki lub kandydata do Rady Parafialnej; numer domu i nazw\u0119 roli, na kt\u00f3rej mieszka. Nasz wyb\u00f3r uzasadniamy kr\u00f3tk\u0105 charakterystyk\u0119 osoby. Kart\u0119 podpisujemy imieniem i nazwiskiem, podaj\u0105c przy tym numer domu i nazw\u0119 roli. Karta niepodpisana b\u0119dzie uznana za niewa\u017cn\u0105.<\/p>\n<p>Za tydzie\u0144, w niedziel\u0119, wype\u0142nion\u0105 i podpisan\u0105 kart\u0119 wrzucimy do urny wyborczej. Do Rady mo\u017ce nale\u017ce\u0107 jedynie osoba pe\u0142noletnia, wierz\u0105ca i praktykuj\u0105ca, na sta\u0142e zamieszkuj\u0105ca na terenie parafii, bez przeszk\u00f3d kanonicznych, odznaczaj\u0105ca si\u0119 roztropno\u015bci\u0105 i uczciwo\u015bci\u0105, oraz czynnym zaanga\u017cowaniem w \u017cycie parafii.<\/p>\n<p>Spo\u015br\u00f3d wszystkich zg\u0142oszonych kandydat\u00f3w, spe\u0142niaj\u0105cych okre\u015blone w Statucie kryteria, jedna osoba, z najwi\u0119ksz\u0105 liczb\u0105 g\u0142os\u00f3w zostanie osobi\u015bcie przez ksi\u0119dza Proboszcza poinformowanych o jej wyborze. Po wyra\u017ceniu przez ni\u0105 zgody, powo\u0142ana\/y z wyboru zostanie zaprzysi\u0119\u017cona\/y do Duszpasterskiej Rady Parafialnej.<\/p>\n<p>Po mszach \u015bwi\u0119tych kwesta przeznaczona na pomoc Ko\u015bcio\u0142owi na Wschodzie.<\/p>\n<p><strong>Z racji narastaj\u0105cych trudno\u015bci z dost\u0119pno\u015bci\u0105 kierowc\u00f3w, rodzina zg\u0142aszaj\u0105ca wizyt\u0119 \u201edo chorego\u201d zobowi\u0105zana jest zapewni\u0107 kap\u0142anowi transport z Naj\u015bwi\u0119tszym Sakramentem do domu chorego. Po mszy \u015bw. zapraszamy do zakrystii, aby ustali\u0107 w nadchodz\u0105cym tygodniu z kap\u0142anem termin wizyty u chorego.<\/strong><\/p>\n<p>Za tydzie\u0144, w niedziel\u0119, p\u00f3\u0142 godziny przed ka\u017cd\u0105 msz\u0105 \u015bwi\u0119t\u0105 b\u0119dziemy mieli okazj\u0119 do spowiedzi przed \u015awi\u0119tami. Zostali zaproszeni spowiednicy z Krakowa. B\u0119dzie ks. Leszek. Zaplanujmy sobie ten czas i przyjd\u017amy do \u015bwi\u0105tyni nieco wcze\u015bniej, aby skorzysta\u0107 z dogodnych warunk\u00f3w do spowiedzi. Nie odk\u0142adajmy spowiedzi na ostatni\u0105 chwil\u0119.<br \/>\nSolenizantkom, Solenizantom tego tygodnia, Czcigodnym Jubilatom sk\u0142adamy najlepsze \u017cyczenia: wielu Bo\u017cych \u0142ask oraz opieki Pani Tokarskiej na ka\u017cdy dzie\u0144. Wszystkim Go\u015bciom i naszym Parafianom \u017cyczymy b\u0142ogos\u0142awionej niedzieli i dobrego tygodnia.<\/p>\n","protected":false},"excerpt":{"rendered":"<p>Dzi\u0119kujemy mieszka\u0144com roli Dzia\u0142 Ni\u017cny za posprz\u0105tanie \u015bwi\u0105tyni, porz\u0105dki wok\u00f3\u0142 niej; za ofiar\u0119 z\u0142o\u017con\u0105 na ko\u015bci\u00f3\u0142 oraz zam\u00f3wione msze \u015bw. pi\u0105tkowe. O przygotowanie ko\u015bcio\u0142a w tym tygodniu prosimy mieszka\u0144c\u00f3w roli Jurczaki. Dzisiaj 3. Niedziela Adwentu, zwana Gaudete. W kalendarzu liturgicznym wspomnienie \u015bw. Jana od Krzy\u017ca, prezbitera i Doktora Ko\u015bcio\u0142a. W 3. tygodniu Adwentu przypadaj\u0105 kwartalne [&hellip;]<\/p>\n","protected":false},"author":4,"featured_media":0,"comment_status":"closed","ping_status":"closed","sticky":false,"template":"","format":"standard","meta":{"footnotes":""},"categories":[6],"tags":[],"class_list":["post-12501","post","type-post","status-publish","format-standard","hentry","category-ogloszenia"],"_links":{"self":[{"href":"https:\/\/parafiatokarnia.pl\/index.php?rest_route=\/wp\/v2\/posts\/12501","targetHints":{"allow":["GET"]}}],"collection":[{"href":"https:\/\/parafiatokarnia.pl\/index.php?rest_route=\/wp\/v2\/posts"}],"about":[{"href":"https:\/\/parafiatokarnia.pl\/index.php?rest_route=\/wp\/v2\/types\/post"}],"author":[{"embeddable":true,"href":"https:\/\/parafiatokarnia.pl\/index.php?rest_route=\/wp\/v2\/users\/4"}],"replies":[{"embeddable":true,"href":"https:\/\/parafiatokarnia.pl\/index.php?rest_route=%2Fwp%2Fv2%2Fcomments&post=12501"}],"version-history":[{"count":5,"href":"https:\/\/parafiatokarnia.pl\/index.php?rest_route=\/wp\/v2\/posts\/12501\/revisions"}],"predecessor-version":[{"id":12513,"href":"https:\/\/parafiatokarnia.pl\/index.php?rest_route=\/wp\/v2\/posts\/12501\/revisions\/12513"}],"wp:attachment":[{"href":"https:\/\/parafiatokarnia.pl\/index.php?rest_route=%2Fwp%2Fv2%2Fmedia&parent=12501"}],"wp:term":[{"taxonomy":"category","embeddable":true,"href":"https:\/\/parafiatokarnia.pl\/index.php?rest_route=%2Fwp%2Fv2%2Fcategories&post=12501"},{"taxonomy":"post_tag","embeddable":true,"href":"https:\/\/parafiatokarnia.pl\/index.php?rest_route=%2Fwp%2Fv2%2Ftags&post=12501"}],"curies":[{"name":"wp","href":"https:\/\/api.w.org\/{rel}","templated":true}]}}